{"id":15099,"date":"2025-04-23T20:58:31","date_gmt":"2025-04-23T23:58:31","guid":{"rendered":"https:\/\/www.mussicom.com\/tarcisio-sanciona-lei-que-autoriza-concessao-do-servico-de-balsas\/"},"modified":"2025-04-23T20:58:31","modified_gmt":"2025-04-23T23:58:31","slug":"tarcisio-sanciona-lei-que-autoriza-concessao-do-servico-de-balsas","status":"publish","type":"post","link":"https:\/\/mussicom.com\/noticias\/tarcisio-sanciona-lei-que-autoriza-concessao-do-servico-de-balsas\/","title":{"rendered":"Tarc\u00edsio sanciona lei que autoriza concess\u00e3o do servi\u00e7o de balsas"},"content":{"rendered":"<p> <br \/>\n<\/p>\n<div>\n<p><strong> A san\u00e7\u00e3o foi publicada na edi\u00e7\u00e3o desta quarta-feira (23) do Di\u00e1rio Oficial do Estado de S\u00e3o Paulo<\/strong><\/p>\n<p>O governador Tarc\u00edsio de Freitas\u00a0sancionou a lei\u00a0que autoriza a\u00a0concess\u00e3o do sistema de travessias h\u00eddricas \u00e0 iniciativa privada. Aprovada na semana passada pela Assembleia Legislativa (Alesp), a medida vai permitir a moderniza\u00e7\u00e3o do servi\u00e7o de transporte aquavi\u00e1rio de passageiros e ve\u00edculos em diferentes regi\u00f5es do estado. A san\u00e7\u00e3o foi publicada na edi\u00e7\u00e3o desta quarta-feira (23) do Di\u00e1rio Oficial do Estado de S\u00e3o Paulo.<\/p>\n<p>\u201cVamos proporcionar transporte de qualidade para a popula\u00e7\u00e3o que depende de balsas e embarca\u00e7\u00f5es para se deslocar, al\u00e9m de facilitar a vida dos visitantes de regi\u00f5es de enorme potencial tur\u00edstico. Transformamos o dia a dia das pessoas e ainda atra\u00edmos crescimento econ\u00f4mico a cada vez que tiramos esses projetos do papel. Nada resiste ao investimento\u201d, afirma o governador Tarc\u00edsio de Freitas.<\/p>\n<p>A iniciativa abre caminho para um investimento de R$ 1 bilh\u00e3o na moderniza\u00e7\u00e3o de 14 rotas de\u00a0balsas e embarca\u00e7\u00f5es, que atendem cerca de 40 mil pessoas por dia. Entre as melhorias, est\u00e3o a aquisi\u00e7\u00e3o de mais de 40 novas embarca\u00e7\u00f5es, incluindo modelos el\u00e9tricos para aumentar a resili\u00eancia clim\u00e1tica, e o aprimoramento da infraestrutura e nos terminais.<\/p>\n<p>Para apresentar o projeto de travessias h\u00eddricas a investidores internacionais, o governador Tarc\u00edsio de Freitas realiza nesta semana um roadshow por pa\u00edses como Dinamarca, Holanda e Noruega. Al\u00e9m do sistema de travessias, outras iniciativas qualificadas no\u00a0Programa de Parcerias de Investimentos do Estado (PPI-SP), como o\u00a0t\u00fanel imerso Santos-Guaruj\u00e1, tamb\u00e9m est\u00e3o na pauta dos encontros.<\/p>\n<p>A primeira parada da comitiva paulista foi em Amsterd\u00e3, onde se reuniu com executivos da construtora Ballast Nedam. Nos pr\u00f3ximos dias, o governador Tarc\u00edsio de Freitas se encontra com lideran\u00e7as de empresas como TEC Tunnel, Immontec, Ruter, LNS, Sweco, DFDS, Maersk e Femern A\/S na Holanda e tamb\u00e9m na Noruega e na Dinamarca.<\/p>\n<p>A miss\u00e3o tamb\u00e9m realizar\u00e1 visita t\u00e9cnica \u00e0s obras do t\u00fanel submerso Fehmarnbelt, em constru\u00e7\u00e3o entre a Dinamarca e a Alemanha. Com 18 quil\u00f4metros de extens\u00e3o, quatro faixas rodovi\u00e1rias e duas linhas f\u00e9rreas, a megaestrutura \u00e9 considerada uma refer\u00eancia global e serve de exemplo para o projeto do T\u00fanel Santos-Guaruj\u00e1.<\/p>\n<\/div>\n<p><br \/>\n<br \/>Fonte: <a href=\"https:\/\/jornaldaorla.com.br\/noticias\/tarcisio-sanciona-lei-que-autoriza-concessao-do-servico-de-balsas\/\">Jornal Da Orla<\/a><\/p>\n","protected":false},"excerpt":{"rendered":"<p>A san\u00e7\u00e3o foi publicada na edi\u00e7\u00e3o desta quarta-feira (23) do Di\u00e1rio Oficial do Estado de S\u00e3o Paulo O governador Tarc\u00edsio de Freitas\u00a0sancionou a lei\u00a0que autoriza a\u00a0concess\u00e3o do sistema de travessias h\u00eddricas \u00e0 iniciativa privada. Aprovada na semana passada pela Assembleia Legislativa (Alesp), a medida vai permitir a moderniza\u00e7\u00e3o do servi\u00e7o de transporte aquavi\u00e1rio de passageiros [&hellip;]<\/p>\n","protected":false},"author":5,"featured_media":13324,"comment_status":"open","ping_status":"open","sticky":false,"template":"","format":"standard","meta":{"_seopress_robots_primary_cat":"","_seopress_titles_title":"","_seopress_titles_desc":"","_seopress_robots_index":"","footnotes":""},"categories":[52],"tags":[],"class_list":["post-15099","post","type-post","status-publish","format-standard","has-post-thumbnail","hentry","category-santoseregiao"],"_links":{"self":[{"href":"https:\/\/mussicom.com\/noticias\/wp-json\/wp\/v2\/posts\/15099","targetHints":{"allow":["GET"]}}],"collection":[{"href":"https:\/\/mussicom.com\/noticias\/wp-json\/wp\/v2\/posts"}],"about":[{"href":"https:\/\/mussicom.com\/noticias\/wp-json\/wp\/v2\/types\/post"}],"author":[{"embeddable":true,"href":"https:\/\/mussicom.com\/noticias\/wp-json\/wp\/v2\/users\/5"}],"replies":[{"embeddable":true,"href":"https:\/\/mussicom.com\/noticias\/wp-json\/wp\/v2\/comments?post=15099"}],"version-history":[{"count":0,"href":"https:\/\/mussicom.com\/noticias\/wp-json\/wp\/v2\/posts\/15099\/revisions"}],"wp:featuredmedia":[{"embeddable":true,"href":"https:\/\/mussicom.com\/noticias\/wp-json\/wp\/v2\/media\/13324"}],"wp:attachment":[{"href":"https:\/\/mussicom.com\/noticias\/wp-json\/wp\/v2\/media?parent=15099"}],"wp:term":[{"taxonomy":"category","embeddable":true,"href":"https:\/\/mussicom.com\/noticias\/wp-json\/wp\/v2\/categories?post=15099"},{"taxonomy":"post_tag","embeddable":true,"href":"https:\/\/mussicom.com\/noticias\/wp-json\/wp\/v2\/tags?post=15099"}],"curies":[{"name":"wp","href":"https:\/\/api.w.org\/{rel}","templated":true}]}}