{"id":15087,"date":"2025-04-23T20:18:38","date_gmt":"2025-04-23T23:18:38","guid":{"rendered":"https:\/\/www.mussicom.com\/golpe-apos-live-na-uti-stf-intima-bolsonaro-em-hospital-de-brasilia\/"},"modified":"2025-04-23T20:18:38","modified_gmt":"2025-04-23T23:18:38","slug":"golpe-apos-live-na-uti-stf-intima-bolsonaro-em-hospital-de-brasilia","status":"publish","type":"post","link":"https:\/\/mussicom.com\/noticias\/golpe-apos-live-na-uti-stf-intima-bolsonaro-em-hospital-de-brasilia\/","title":{"rendered":"Golpe: ap\u00f3s live na UTI, STF intima Bolsonaro em hospital de Bras\u00edlia"},"content":{"rendered":"<p> <br \/>\n<\/p>\n<p>\n\t\t\t\t\t\tMinistros aguardavam melhor momento ap\u00f3s cirurgia do ex-presidente<br \/>\n\t\t\t\t\t\t &#8211; \t\t\t\t\t\tLula Marques\n\t\t\t\t\t<\/p>\n<div id=\"texto\">\n<p>O\u00a0<strong>ex-presidente Jair Bolsonaro foi intimado nesta quarta-feira<\/strong>\u00a0(23) sobre o\u00a0processo criminal\u00a0que dever\u00e1 responder no Supremo Tribunal Federal (STF) sobre a trama golpista que pretendia impedir a posse do presidente Luiz In\u00e1cio Lula da Silva. A intima\u00e7\u00e3o ocorreu na Unidade de Terapia Intensiva (UTI) do Hospital DF Star, em Bras\u00edlia, onde se recupera de uma cirurgia no intestino.<img decoding=\"async\" src=\"https:\/\/agenciabrasil.ebc.com.br\/ebc.gif?id=1639982&amp;o=node\"\/><\/p>\n<p>No dia 11 deste m\u00eas, o ministro Alexandre de Moraes determinou a intima\u00e7\u00e3o de todos os\u00a0denunciados do n\u00facleo 1 que viraram r\u00e9us\u00a0ap\u00f3s o julgamento da Primeira Turma da Corte que aceitou a den\u00fancia da Procuradoria-Geral da Rep\u00fablica (PGR).<\/p>\n<p><strong>A medida \u00e9 uma formalidade prevista na legisla\u00e7\u00e3o para comunicar pessoalmente os r\u00e9us sobre a abertura da a\u00e7\u00e3o penal.\u00a0<\/strong><\/p>\n<p>As intima\u00e7\u00f5es foram conclu\u00eddas entre os dias 11 e 15 de abril, exceto no caso de Bolsonaro, que passou mal no dia 12 e foi submetido a cirurgia nos dias seguintes.<\/p>\n<p>Diante do estado de sa\u00fade do ex-presidente, o\u00a0<strong>STF esperava uma data adequada para intim\u00e1-lo. Contudo, Bolsonaro realizou uma live nesta ter\u00e7a-feira (22) direto da UTI, e o Supremo determinou que um oficial de Justi\u00e7a fosse hoje ao hospital.<\/strong><\/p>\n<p>Passo a passo<\/p>\n<p>Com a abertura do processo criminal contra o n\u00facleo 1, os acusados passam a responder pelos crimes de organiza\u00e7\u00e3o criminosa armada, tentativa de aboli\u00e7\u00e3o violenta do Estado Democr\u00e1tico de Direito, golpe de Estado, dano qualificado pela viol\u00eancia e grave amea\u00e7a e deteriora\u00e7\u00e3o de patrim\u00f4nio tombado.<\/p>\n<p>A a\u00e7\u00e3o penal tamb\u00e9m marca o in\u00edcio da instru\u00e7\u00e3o processual, fase na qual os advogados poder\u00e3o indicar testemunhas e pedir a produ\u00e7\u00e3o de novas provas para comprovarem as teses de defesa. Os acusados tamb\u00e9m ser\u00e3o interrogados ao final dessa fase. Os trabalhos ser\u00e3o conduzidos pelo gabinete do ministro Alexandre de Moraes, relator do caso.<\/p>\n<p>Ap\u00f3s o fim da instru\u00e7\u00e3o, o julgamento ser\u00e1 marcado e os ministros v\u00e3o decidir se o ex-presidente e os demais acusados ser\u00e3o condenados \u00e0 pris\u00e3o ou absolvidos. N\u00e3o h\u00e1 data definida para o julgamento.<\/p>\n<p>Em caso de condena\u00e7\u00e3o, a soma das penas para os crimes passa de 30 anos de pris\u00e3o.\u00a0<\/p>\n<p>\u00a0<\/p>\n<p>\u00a0<\/p>\n<p>\u00a0<\/p>\n<p>Ag\u00eancia Brasil<\/p>\n<\/p><\/div>\n<p><script async defer crossorigin=\"anonymous\" src=\"https:\/\/connect.facebook.net\/pt_BR\/sdk.js#xfbml=1&#038;version=v12.0&#038;appId=&#038;autoLogAppEvents=1\" nonce=\"ou0fI1lo\"><\/script><br \/>\n<br \/><br \/>\n<br \/>Fonte: <a href=\"https:\/\/www.bs9.com.br\/brasil\/golpe-apos-live-na-uti-stf-intima-bolsonaro-em-hospital-de-brasilia\/31184\/\">BS9<\/a><\/p>\n","protected":false},"excerpt":{"rendered":"<p>Ministros aguardavam melhor momento ap\u00f3s cirurgia do ex-presidente &#8211; Lula Marques O\u00a0ex-presidente Jair Bolsonaro foi intimado nesta quarta-feira\u00a0(23) sobre o\u00a0processo criminal\u00a0que dever\u00e1 responder no Supremo Tribunal Federal (STF) sobre a trama golpista que pretendia impedir a posse do presidente Luiz In\u00e1cio Lula da Silva. A intima\u00e7\u00e3o ocorreu na Unidade de Terapia Intensiva (UTI) do Hospital [&hellip;]<\/p>\n","protected":false},"author":5,"featured_media":15088,"comment_status":"open","ping_status":"open","sticky":false,"template":"","format":"standard","meta":{"_seopress_robots_primary_cat":"","_seopress_titles_title":"","_seopress_titles_desc":"","_seopress_robots_index":"","footnotes":""},"categories":[52],"tags":[],"class_list":["post-15087","post","type-post","status-publish","format-standard","has-post-thumbnail","hentry","category-santoseregiao"],"_links":{"self":[{"href":"https:\/\/mussicom.com\/noticias\/wp-json\/wp\/v2\/posts\/15087","targetHints":{"allow":["GET"]}}],"collection":[{"href":"https:\/\/mussicom.com\/noticias\/wp-json\/wp\/v2\/posts"}],"about":[{"href":"https:\/\/mussicom.com\/noticias\/wp-json\/wp\/v2\/types\/post"}],"author":[{"embeddable":true,"href":"https:\/\/mussicom.com\/noticias\/wp-json\/wp\/v2\/users\/5"}],"replies":[{"embeddable":true,"href":"https:\/\/mussicom.com\/noticias\/wp-json\/wp\/v2\/comments?post=15087"}],"version-history":[{"count":0,"href":"https:\/\/mussicom.com\/noticias\/wp-json\/wp\/v2\/posts\/15087\/revisions"}],"wp:featuredmedia":[{"embeddable":true,"href":"https:\/\/mussicom.com\/noticias\/wp-json\/wp\/v2\/media\/15088"}],"wp:attachment":[{"href":"https:\/\/mussicom.com\/noticias\/wp-json\/wp\/v2\/media?parent=15087"}],"wp:term":[{"taxonomy":"category","embeddable":true,"href":"https:\/\/mussicom.com\/noticias\/wp-json\/wp\/v2\/categories?post=15087"},{"taxonomy":"post_tag","embeddable":true,"href":"https:\/\/mussicom.com\/noticias\/wp-json\/wp\/v2\/tags?post=15087"}],"curies":[{"name":"wp","href":"https:\/\/api.w.org\/{rel}","templated":true}]}}