{"id":15010,"date":"2025-04-23T15:00:18","date_gmt":"2025-04-23T18:00:18","guid":{"rendered":"https:\/\/www.mussicom.com\/de-entediante-a-parceira-de-palco-john-lydon-muda-de-tom-sobre-taylor-swift\/"},"modified":"2025-04-23T15:00:18","modified_gmt":"2025-04-23T18:00:18","slug":"de-entediante-a-parceira-de-palco-john-lydon-muda-de-tom-sobre-taylor-swift","status":"publish","type":"post","link":"https:\/\/mussicom.com\/noticias\/de-entediante-a-parceira-de-palco-john-lydon-muda-de-tom-sobre-taylor-swift\/","title":{"rendered":"De &#8216;entediante&#8217; a parceira de palco? John Lydon muda de tom sobre Taylor Swift"},"content":{"rendered":"<p> <br \/>\n<\/p>\n<div>\n<p class=\"\" data-end=\"619\" data-start=\"366\">Conhecido tanto pelas pol\u00eamicas quanto pela contribui\u00e7\u00e3o \u00e0 m\u00fasica, <strong>John Lydon<\/strong> parece ter mudado de ideia sobre <strong>Taylor Swift<\/strong>. Depois de chamar a cantora de \u201cincrivelmente entediante\u201d h\u00e1 poucos meses, agora o ex-<strong>Sex Pistols<\/strong> diz que toparia cantar com ela.<\/p>\n<p class=\"\" data-end=\"843\" data-start=\"621\">A revela\u00e7\u00e3o veio em entrevista ao <em data-end=\"667\" data-start=\"655\">The Mirror<\/em>, onde ele elogiou a habilidade de <strong>Taylor<\/strong> em fazer \u201cesse tipo de m\u00fasica pop muito bem\u201d e at\u00e9 brincou com a possibilidade de um dueto:<\/p>\n<blockquote class=\"citacao\" data-end=\"843\" data-start=\"621\"><p>Ela merece uma chance comigo. J\u00e1 pensou?\u201d<\/p><\/blockquote>\n<p class=\"\" data-end=\"1160\" data-start=\"845\">A fala contrasta com o que ele disse em fevereiro \u00e0 <em data-end=\"902\" data-start=\"897\">NME<\/em>, quando declarou que a artista americana havia se tornado \u201celaborada demais\u201d e presa \u00e0 expectativa dos f\u00e3s. Na \u00e9poca, <strong>Lydon<\/strong> criticou o que chamou de \u201cfase vestido de gala em baile de debutante\u201d e previu que ela terminaria em Las Vegas, \u201ccomo tantas outras\u201d.<\/p>\n<p class=\"\" data-end=\"1494\" data-start=\"1162\">Essa guinada no discurso n\u00e3o \u00e9 novidade para quem acompanha o frontman. Lydon tamb\u00e9m contou que j\u00e1 tentou compor com <strong data-end=\"1292\" data-start=\"1279\">Kate Bush<\/strong>, mas a colabora\u00e7\u00e3o naufragou por diverg\u00eancias criativas. Segundo ele, a cantora recusou uma das m\u00fasicas: \u201cEla disse algo como \u2018n\u00e3o consigo cantar isso\u2019 \u2014 n\u00e3o com essas palavras, mas foi esse o recado\u201d.<\/p>\n<p>O vocalista do <strong>Public Image Ltd.<\/strong> ainda teve tempo para alfinetar <strong data-end=\"1574\" data-start=\"1561\">Lady Gaga<\/strong>, criticando a falta de autenticidade na carreira da cantora:<\/p>\n<blockquote class=\"citacao\"><p>Era tudo muito bem constru\u00eddo, quase como o <strong>Bowie<\/strong> em seus tempos de gl\u00f3ria. Mas hoje parece uma caricatura. Ela est\u00e1 atuando em filmes, e n\u00e3o vejo alma no que ela faz. Falta cora\u00e7\u00e3o, sabe?\u201d.<\/p><\/blockquote>\n<p class=\"\" data-end=\"2120\" data-start=\"1830\"><strong>Lydon<\/strong> tamb\u00e9m comentou sobre a reuni\u00e3o dos <strong>Sex Pistols<\/strong> com <strong>Frank Carter<\/strong>, chamando a turn\u00ea de \u201ckaraok\u00ea\u201d e afirmando que h\u00e1 algo \u201cmalicioso\u201d por tr\u00e1s da iniciativa.<\/p>\n<blockquote class=\"citacao\" data-end=\"2120\" data-start=\"1830\"><p>Os caras daquela banda tiveram d\u00e9cadas pra compor algo novo e continuam s\u00f3 reciclando. Isso que eu queria ver: m\u00fasica in\u00e9dita\u201d.<\/p><\/blockquote>\n<p class=\"\" data-end=\"2325\" data-start=\"2122\">Aos 68 anos, o m\u00fasico segue ativo. Est\u00e1 prestes a cair na estrada com a turn\u00ea do <strong>PiL<\/strong>, intitulada <em><strong data-end=\"2248\" data-start=\"2219\">This Is Not The Last Tour<\/strong><\/em>, e prepara um novo repert\u00f3rio \u201craivoso e barulhento\u201d, como ele mesmo define.<\/p>\n<p class=\"\" data-end=\"2605\" data-start=\"2327\">Desde a perda da esposa, <strong>Nora Forster<\/strong>, em abril de 2023, <strong>Lydon<\/strong> tem usado a m\u00fasica como forma de atravessar o luto. \u201cFicar em casa afundado na tristeza n\u00e3o me serve. A dor chega, \u00e9 inevit\u00e1vel. Mas a tristeza tamb\u00e9m \u00e9 uma energia, e eu prefiro us\u00e1-la do que deixar que me engula\u201d.<\/p>\n<p class=\"\" data-end=\"2763\" data-start=\"2607\">Al\u00e9m dos shows, ele inicia em breve uma turn\u00ea de encontros com o p\u00fablico, com perguntas e respostas ao vivo, chamada <em><strong data-end=\"2762\" data-start=\"2724\">I Could Be Wrong, I Could Be Right<\/strong><\/em>.<\/p>\n<p class=\"\" data-end=\"2763\" data-start=\"2607\"><strong>+++ LEIA MAIS: Billy Idol sobre coment\u00e1rios de John Lydon ao Sex Pistols: &#8216;claro que ele ia ficar p***!&#8217;<\/strong><\/p>\n<p class=\"\" data-end=\"2763\" data-start=\"2607\"><strong>+++ LEIA MAIS: John Lydon opina &#8211; e se contradiz &#8211; sobre Trump: &#8216;Nanico horr\u00edvel&#8217;<\/strong><\/p>\n<\/div>\n<p><br \/>\n<br \/>Fonte: <a href=\"https:\/\/rollingstone.com.br\/musica\/de-entediante-a-parceira-de-palco-john-lydon-muda-de-tom-sobre-taylor-swift\/\">rollingstone.com.br<\/a><\/p>\n","protected":false},"excerpt":{"rendered":"<p>Conhecido tanto pelas pol\u00eamicas quanto pela contribui\u00e7\u00e3o \u00e0 m\u00fasica, John Lydon parece ter mudado de ideia sobre Taylor Swift. Depois de chamar a cantora de \u201cincrivelmente entediante\u201d h\u00e1 poucos meses, agora o ex-Sex Pistols diz que toparia cantar com ela. A revela\u00e7\u00e3o veio em entrevista ao The Mirror, onde ele elogiou a habilidade de Taylor [&hellip;]<\/p>\n","protected":false},"author":5,"featured_media":15011,"comment_status":"open","ping_status":"open","sticky":false,"template":"","format":"standard","meta":{"_seopress_robots_primary_cat":"","_seopress_titles_title":"","_seopress_titles_desc":"","_seopress_robots_index":"","footnotes":""},"categories":[51],"tags":[],"class_list":["post-15010","post","type-post","status-publish","format-standard","has-post-thumbnail","hentry","category-musica"],"_links":{"self":[{"href":"https:\/\/mussicom.com\/noticias\/wp-json\/wp\/v2\/posts\/15010","targetHints":{"allow":["GET"]}}],"collection":[{"href":"https:\/\/mussicom.com\/noticias\/wp-json\/wp\/v2\/posts"}],"about":[{"href":"https:\/\/mussicom.com\/noticias\/wp-json\/wp\/v2\/types\/post"}],"author":[{"embeddable":true,"href":"https:\/\/mussicom.com\/noticias\/wp-json\/wp\/v2\/users\/5"}],"replies":[{"embeddable":true,"href":"https:\/\/mussicom.com\/noticias\/wp-json\/wp\/v2\/comments?post=15010"}],"version-history":[{"count":0,"href":"https:\/\/mussicom.com\/noticias\/wp-json\/wp\/v2\/posts\/15010\/revisions"}],"wp:featuredmedia":[{"embeddable":true,"href":"https:\/\/mussicom.com\/noticias\/wp-json\/wp\/v2\/media\/15011"}],"wp:attachment":[{"href":"https:\/\/mussicom.com\/noticias\/wp-json\/wp\/v2\/media?parent=15010"}],"wp:term":[{"taxonomy":"category","embeddable":true,"href":"https:\/\/mussicom.com\/noticias\/wp-json\/wp\/v2\/categories?post=15010"},{"taxonomy":"post_tag","embeddable":true,"href":"https:\/\/mussicom.com\/noticias\/wp-json\/wp\/v2\/tags?post=15010"}],"curies":[{"name":"wp","href":"https:\/\/api.w.org\/{rel}","templated":true}]}}