{"id":14994,"date":"2025-04-23T13:51:40","date_gmt":"2025-04-23T16:51:40","guid":{"rendered":"https:\/\/mussicom.com\/pontilhao-na-zona-noroeste-e-interditado-apos-rachadura\/"},"modified":"2025-04-23T13:51:40","modified_gmt":"2025-04-23T16:51:40","slug":"pontilhao-na-zona-noroeste-e-interditado-apos-rachadura","status":"publish","type":"post","link":"https:\/\/mussicom.com\/noticias\/pontilhao-na-zona-noroeste-e-interditado-apos-rachadura\/","title":{"rendered":"Pontilh\u00e3o na Zona Noroeste \u00e9 interditado ap\u00f3s rachadura"},"content":{"rendered":"<p> <br \/>\n<\/p>\n<div>\n<p><strong>Defesa Civil foi acionada pela Prefeitura Regional da Zona Noroeste, depois de observada rachadura no pontilh\u00e3o<\/strong><\/p>\n<p>O pontilh\u00e3o da Avenida Jovino de Mello com a Rua Joaquim Alcaide Valls, na Zona Noroeste de Santos, foi interditado ao tr\u00e1fego de ve\u00edculos ap\u00f3s vistoria de t\u00e9cnicos da Defesa Civil do Munic\u00edpio constatar problema na estrutura, com risco para a seguran\u00e7a, ontem (22). Ainda n\u00e3o h\u00e1 previs\u00e3o de quando a passagem ser\u00e1 liberada.<\/p>\n<p>A Defesa Civil foi acionada pela Prefeitura Regional da Zona Noroeste, depois de observada rachadura no pontilh\u00e3o. Assim que conclu\u00eddo, o laudo da vistoria sobre as condi\u00e7\u00f5es da estrutura ser\u00e1 encaminhado \u00e0 Prefeitura Regional e \u00e0 Secretaria de Infraestrutura e Servi\u00e7os P\u00fablicos (Seinfra) para estudo e defini\u00e7\u00e3o da interven\u00e7\u00e3o estrutura necess\u00e1ria para recupera\u00e7\u00e3o.<\/p>\n<p>A Companhia de Engenharia de Tr\u00e1fego (CET-Santos) implantou a sinaliza\u00e7\u00e3o no local e inseriu o bloqueio no aplicativo de mobilidade Waze. Tamb\u00e9m far\u00e1 o monitoramento do tr\u00e2nsito na regi\u00e3o.<\/p>\n<p>A orienta\u00e7\u00e3o para os motoristas \u00e9 utilizar os pontilh\u00f5es da Avenida Hugo Maia, para quem estiver pela Rua Joaquim Alcaide Valls (sentido Rua Professor Francisco Di Dom\u00eanico), e da Rua Cristiano Solano, se estiver indo pela Av. Jovino de Mello no sentido Avenida Nossa Senhora de F\u00e1tima e quiser retornar.<\/p>\n<p>Linhas de transportes que atendem a regi\u00e3o tiveram o itiner\u00e1rio alterado de imediato. S\u00e3o: as municipais 102 e 198 e a intermunicipal 944.<\/p>\n<p><\/p>\n<\/div>\n<p><br \/>\n<br \/>Fonte: <a href=\"https:\/\/jornaldaorla.com.br\/noticias\/pontilhao-na-zona-noroeste-e-interditado-apos-rachadura\/\">Jornal Da Orla<\/a><\/p>\n","protected":false},"excerpt":{"rendered":"<p>Defesa Civil foi acionada pela Prefeitura Regional da Zona Noroeste, depois de observada rachadura no pontilh\u00e3o O pontilh\u00e3o da Avenida Jovino de Mello com a Rua Joaquim Alcaide Valls, na Zona Noroeste de Santos, foi interditado ao tr\u00e1fego de ve\u00edculos ap\u00f3s vistoria de t\u00e9cnicos da Defesa Civil do Munic\u00edpio constatar problema na estrutura, com risco [&hellip;]<\/p>\n","protected":false},"author":5,"featured_media":14995,"comment_status":"open","ping_status":"open","sticky":false,"template":"","format":"standard","meta":{"_seopress_robots_primary_cat":"","_seopress_titles_title":"","_seopress_titles_desc":"","_seopress_robots_index":"","footnotes":""},"categories":[52],"tags":[],"class_list":["post-14994","post","type-post","status-publish","format-standard","has-post-thumbnail","hentry","category-santoseregiao"],"_links":{"self":[{"href":"https:\/\/mussicom.com\/noticias\/wp-json\/wp\/v2\/posts\/14994","targetHints":{"allow":["GET"]}}],"collection":[{"href":"https:\/\/mussicom.com\/noticias\/wp-json\/wp\/v2\/posts"}],"about":[{"href":"https:\/\/mussicom.com\/noticias\/wp-json\/wp\/v2\/types\/post"}],"author":[{"embeddable":true,"href":"https:\/\/mussicom.com\/noticias\/wp-json\/wp\/v2\/users\/5"}],"replies":[{"embeddable":true,"href":"https:\/\/mussicom.com\/noticias\/wp-json\/wp\/v2\/comments?post=14994"}],"version-history":[{"count":0,"href":"https:\/\/mussicom.com\/noticias\/wp-json\/wp\/v2\/posts\/14994\/revisions"}],"wp:featuredmedia":[{"embeddable":true,"href":"https:\/\/mussicom.com\/noticias\/wp-json\/wp\/v2\/media\/14995"}],"wp:attachment":[{"href":"https:\/\/mussicom.com\/noticias\/wp-json\/wp\/v2\/media?parent=14994"}],"wp:term":[{"taxonomy":"category","embeddable":true,"href":"https:\/\/mussicom.com\/noticias\/wp-json\/wp\/v2\/categories?post=14994"},{"taxonomy":"post_tag","embeddable":true,"href":"https:\/\/mussicom.com\/noticias\/wp-json\/wp\/v2\/tags?post=14994"}],"curies":[{"name":"wp","href":"https:\/\/api.w.org\/{rel}","templated":true}]}}