{"id":14891,"date":"2025-04-23T05:13:56","date_gmt":"2025-04-23T08:13:56","guid":{"rendered":"https:\/\/mussicom.com\/ex-diretor-da-petrobras-e-condenado-a-29-anos-de-prisao\/"},"modified":"2025-04-23T05:13:56","modified_gmt":"2025-04-23T08:13:56","slug":"ex-diretor-da-petrobras-e-condenado-a-29-anos-de-prisao","status":"publish","type":"post","link":"https:\/\/mussicom.com\/noticias\/ex-diretor-da-petrobras-e-condenado-a-29-anos-de-prisao\/","title":{"rendered":"Ex-diretor da Petrobras \u00e9 condenado a 29 anos de pris\u00e3o"},"content":{"rendered":"<p> <br \/>\n<\/p>\n<div id=\"hd80s9wa1h892edh8192\">\n<p>A 13\u00aa Vara da Justi\u00e7a Federal de Curitiba condenou Renato Duque, ex-diretor de Servi\u00e7os da <strong>Petrobras<\/strong>, a 29 anos e dois meses de pris\u00e3o por crimes de corrup\u00e7\u00e3o e lavagem de dinheiro relacionados a fraudes em contratos de R$ 525 milh\u00f5es com a estatal. <\/p>\n<p>A decis\u00e3o foi tomada a partir de processos movidos pelo <strong>Minist\u00e9rio P\u00fablico Federal (MPF)<\/strong>. O empres\u00e1rio Luis Alfeu Alves de Mendon\u00e7a, ex-diretor da Multitek Engenharia, recebeu pena de 11 anos, 6 meses e 22 dias de pris\u00e3o. <\/p>\n<p>Ele foi acusado de pagar mais de R$ 5,6 milh\u00f5es em propinas a Duque, em troca de favorecimento em contratos e aditivos firmados com a Petrobras entre 2011 e 2012, durante o governo de Dilma Rousseff (PT).<\/p>\n<h2 class=\"wp-block-heading\">Renato Duque e o esquema de favorecimento \u00e0 Multitek na Petrobras<\/h2>\n<figure class=\"wp-block-image aligncenter size-full is-resized\"><picture><source data-srcset=\"https:\/\/medias.revistaoeste.com\/wp-content\/uploads\/2024\/10\/duque-stf.jpg.webp 1150w, https:\/\/medias.revistaoeste.com\/wp-content\/uploads\/2024\/10\/duque-stf-300x208.jpg.webp 300w, https:\/\/medias.revistaoeste.com\/wp-content\/uploads\/2024\/10\/duque-stf-150x104.jpg.webp 150w\" data-sizes=\"(max-width: 1150px) 100vw, 1150px\" type=\"image\/webp\"><img fetchpriority=\"high\" decoding=\"async\" width=\"1150\" height=\"797\" src=\"https:\/\/medias.revistaoeste.com\/wp-content\/uploads\/2024\/10\/duque-stf.jpg\" alt=\"Lava Jato: Renato Duque apela ao STF para cancelar seus 39 anos de pris\u00e3o\" class=\"wp-image-1675895\" style=\"width:548px;height:auto\" srcset=\"https:\/\/medias.revistaoeste.com\/wp-content\/uploads\/2024\/10\/duque-stf.jpg 1150w, https:\/\/medias.revistaoeste.com\/wp-content\/uploads\/2024\/10\/duque-stf-300x208.jpg 300w, https:\/\/medias.revistaoeste.com\/wp-content\/uploads\/2024\/10\/duque-stf-150x104.jpg 150w\" sizes=\"(max-width: 1150px) 100vw, 1150px\" data-eio=\"p\"\/><\/source><\/picture><figcaption class=\"wp-element-caption\">Den\u00fancia contra Renato Duque foi apresentada em 2020 | Foto: Divulga\u00e7\u00e3o\/MPF<\/figcaption><\/figure>\n<p>A den\u00fancia, apresentada em julho de 2020, destacou um esquema de favorecimento \u00e0 Multitek em licita\u00e7\u00f5es e contratos com a Petrobras, em troca de pagamentos ilegais para direcionar decis\u00f5es dentro da petroleira. <\/p>\n<p>Os envolvidos dissimularam a origem dos recursos, utilizando contratos ideologicamente falsos, adquirindo obras de arte e financiando reformas imobili\u00e1rias.<\/p>\n<p>Dois irm\u00e3os propriet\u00e1rios de uma empresa envolvida no esquema revelaram as opera\u00e7\u00f5es criminosas em um acordo de colabora\u00e7\u00e3o com o MPF. Renato Duque, j\u00e1 condenado em diversos processos da <strong>Opera\u00e7\u00e3o Lava Jato<\/strong>, foi preso em agosto de 2024 pela Pol\u00edcia Federal em Volta Redonda (RJ). <\/p>\n<h2 class=\"wp-block-heading\">Confisco de bens e recursos<\/h2>\n<p>Ele cumpriu cerca de cinco anos de pris\u00e3o preventiva entre 2015 e 2020 antes de responder aos processos em liberdade. Com esta nova senten\u00e7a, suas penas acumulam mais de 68 anos de pris\u00e3o.<\/p>\n<p>A Justi\u00e7a, a pedido do MPF, ordenou o confisco de bens dos r\u00e9us, incluindo uma escultura e R$ 3,4 milh\u00f5es, valores correspondentes aos il\u00edcitos lavados. A decis\u00e3o ainda pode ser contestada por meio de recurso. <\/p>\n<p><strong>+ Leia mais not\u00edcias de Pol\u00edtica em Oeste<\/strong><\/p>\n<\/p><\/div>\n<p><br \/>\n<br \/>Fonte: <a href=\"https:\/\/revistaoeste.com\/politica\/ex-diretor-da-petrobras-renato-duque-e-condenado-a-29-anos-de-prisao-por-corrupcao\/\">Ag\u00eancia Brasil<\/a><\/p>\n","protected":false},"excerpt":{"rendered":"<p>A 13\u00aa Vara da Justi\u00e7a Federal de Curitiba condenou Renato Duque, ex-diretor de Servi\u00e7os da Petrobras, a 29 anos e dois meses de pris\u00e3o por crimes de corrup\u00e7\u00e3o e lavagem de dinheiro relacionados a fraudes em contratos de R$ 525 milh\u00f5es com a estatal. A decis\u00e3o foi tomada a partir de processos movidos pelo Minist\u00e9rio [&hellip;]<\/p>\n","protected":false},"author":5,"featured_media":14892,"comment_status":"open","ping_status":"open","sticky":false,"template":"","format":"standard","meta":{"_seopress_robots_primary_cat":"","_seopress_titles_title":"","_seopress_titles_desc":"","_seopress_robots_index":"","footnotes":""},"categories":[47,1],"tags":[],"class_list":["post-14891","post","type-post","status-publish","format-standard","has-post-thumbnail","hentry","category-politica","category-ultimas-noticias"],"_links":{"self":[{"href":"https:\/\/mussicom.com\/noticias\/wp-json\/wp\/v2\/posts\/14891","targetHints":{"allow":["GET"]}}],"collection":[{"href":"https:\/\/mussicom.com\/noticias\/wp-json\/wp\/v2\/posts"}],"about":[{"href":"https:\/\/mussicom.com\/noticias\/wp-json\/wp\/v2\/types\/post"}],"author":[{"embeddable":true,"href":"https:\/\/mussicom.com\/noticias\/wp-json\/wp\/v2\/users\/5"}],"replies":[{"embeddable":true,"href":"https:\/\/mussicom.com\/noticias\/wp-json\/wp\/v2\/comments?post=14891"}],"version-history":[{"count":0,"href":"https:\/\/mussicom.com\/noticias\/wp-json\/wp\/v2\/posts\/14891\/revisions"}],"wp:featuredmedia":[{"embeddable":true,"href":"https:\/\/mussicom.com\/noticias\/wp-json\/wp\/v2\/media\/14892"}],"wp:attachment":[{"href":"https:\/\/mussicom.com\/noticias\/wp-json\/wp\/v2\/media?parent=14891"}],"wp:term":[{"taxonomy":"category","embeddable":true,"href":"https:\/\/mussicom.com\/noticias\/wp-json\/wp\/v2\/categories?post=14891"},{"taxonomy":"post_tag","embeddable":true,"href":"https:\/\/mussicom.com\/noticias\/wp-json\/wp\/v2\/tags?post=14891"}],"curies":[{"name":"wp","href":"https:\/\/api.w.org\/{rel}","templated":true}]}}