{"id":14856,"date":"2025-04-23T02:10:34","date_gmt":"2025-04-23T05:10:34","guid":{"rendered":"https:\/\/mussicom.com\/presidente-lula-descarta-preferencia-entre-china-e-eua\/"},"modified":"2025-04-23T02:10:34","modified_gmt":"2025-04-23T05:10:34","slug":"presidente-lula-descarta-preferencia-entre-china-e-eua","status":"publish","type":"post","link":"https:\/\/mussicom.com\/noticias\/presidente-lula-descarta-preferencia-entre-china-e-eua\/","title":{"rendered":"Presidente Lula descarta prefer\u00eancia entre China e EUA"},"content":{"rendered":"<p> <br \/>\n<\/p>\n<div id=\"hd80s9wa1h892edh8192\">\n<p>O presidente <strong>Lula da Silva<\/strong> afirmou nesta ter\u00e7a-feira, 22, que o Brasil n\u00e3o pretende se envolver em uma \u201cguerra fria\u201d nem se alinhar exclusivamente aos Estados Unidos ou \u00e0 China. <strong>De acordo com o petista<\/strong>, o pa\u00eds tem como objetivo manter principalmente as boas rela\u00e7\u00f5es comerciais com ambos os lados, sem fazer escolhas pol\u00edticas.<\/p>\n<p>\u201cEu quero vender e comprar\u201d, disse Lula, ao lado do presidente do Chile, Gabriel Boric. \u201cN\u00e3o quero optar entre Estados Unidos ou China. Quero ter rela\u00e7\u00f5es com os dois. Quem deve escolher s\u00e3o os empres\u00e1rios brasileiros, que querem negociar e expandir seus neg\u00f3cios\u201d.<\/p>\n<h2 class=\"wp-block-heading\"><strong>Brasil n\u00e3o precisa disputar lideran\u00e7a, diz Lula<\/strong><\/h2>\n<p>O presidente reiterou da mesma forma a import\u00e2ncia de estabelecer parcerias comerciais amplas. Assim, enfatizou que seu objetivo \u00e9 \u201cvender e comprar, vender e comprar, vender e comprar, fazer parcerias\u201d, destacando sobretudo a necessidade de diversifica\u00e7\u00e3o nas rela\u00e7\u00f5es internacionais.<\/p>\n<p>Em sua avalia\u00e7\u00e3o, o Brasil n\u00e3o deve buscar protagonismo ou disputar cargos de lideran\u00e7a na Am\u00e9rica Latina. \u201cO Brasil, por si s\u00f3, j\u00e1 \u00e9 grande. N\u00e3o precisa dessa disputa. O que precisamos \u00e9 apoiar que as coisas sejam feitas pelas melhores pessoas poss\u00edveis\u201d.<\/p>\n<figure class=\"wp-block-embed is-type-video is-provider-youtube wp-block-embed-youtube wp-embed-aspect-16-9 wp-has-aspect-ratio\">\n<div class=\"wp-block-embed__wrapper\">\n<div class=\"perfmatters-lazy-youtube\" data-src=\"https:\/\/www.youtube.com\/embed\/Kz8j6ACJXF4\" data-id=\"Kz8j6ACJXF4\" data-query=\"feature=oembed\" onclick=\"perfmattersLazyLoadYouTube(this);\">\n<div><img fetchpriority=\"high\" decoding=\"async\" src=\"https:\/\/i.ytimg.com\/vi\/Kz8j6ACJXF4\/hqdefault.jpg\" alt=\"YouTube video\" width=\"480\" height=\"360\" data-pin-nopin=\"true\" nopin=\"nopin\"\/><\/div>\n<\/div>\n<p><noscript><iframe title=\"Lula e Janja confirmam presen\u00e7a no funeral do papa Francisco em Roma\" width=\"800\" height=\"450\" src=\"https:\/\/www.youtube.com\/embed\/Kz8j6ACJXF4?feature=oembed\" frameborder=\"0\" allow=\"accelerometer; autoplay; clipboard-write; encrypted-media; gyroscope; picture-in-picture; web-share\" referrerpolicy=\"strict-origin-when-cross-origin\" allowfullscreen><\/iframe><\/noscript>\n<\/div>\n<\/figure>\n<p>Lula tamb\u00e9m refor\u00e7ou do mesmo modo a necessidade de buscar novos parceiros comerciais para garantir o desenvolvimento econ\u00f4mico. \u201cSen\u00e3o, vamos continuar mais um s\u00e9culo pobre\u201d. O presidente criticou ainda a estrutura das institui\u00e7\u00f5es multilaterais, dizendo que elas existem para atender aos interesses de colonizadores, e n\u00e3o dos pa\u00edses em desenvolvimento.<\/p>\n<p>Ao final de sua fala, Lula convidou Gabriel Boric a participar da pr\u00f3xima C\u00fapula do Brics, prevista para este ano. O petista tamb\u00e9m sugeriu que o chileno viaje \u00e0 China para a C\u00fapula Celac-China, em Pequim. Lula acrescentou que o assessor especial Celso Amorim poder\u00e1 ajudar a viabilizar assim uma reuni\u00e3o bilateral entre Boric e o presidente chin\u00eas, Xi Jinping.<\/p>\n<p>+ <strong>Leia mais not\u00edcias de <\/strong><strong>Pol\u00edtica<\/strong><strong> na Oeste<\/strong><\/p>\n<\/p><\/div>\n<p><br \/>\n<br \/>Fonte: <a href=\"https:\/\/www.revistaoeste.com\/politica\/presidente-lula-descarta-preferencia-entre-china-e-eua\/\">Ag\u00eancia Brasil<\/a><\/p>\n","protected":false},"excerpt":{"rendered":"<p>O presidente Lula da Silva afirmou nesta ter\u00e7a-feira, 22, que o Brasil n\u00e3o pretende se envolver em uma \u201cguerra fria\u201d nem se alinhar exclusivamente aos Estados Unidos ou \u00e0 China. De acordo com o petista, o pa\u00eds tem como objetivo manter principalmente as boas rela\u00e7\u00f5es comerciais com ambos os lados, sem fazer escolhas pol\u00edticas. \u201cEu [&hellip;]<\/p>\n","protected":false},"author":5,"featured_media":14857,"comment_status":"open","ping_status":"open","sticky":false,"template":"","format":"standard","meta":{"_seopress_robots_primary_cat":"","_seopress_titles_title":"","_seopress_titles_desc":"","_seopress_robots_index":"","footnotes":""},"categories":[47,1],"tags":[],"class_list":["post-14856","post","type-post","status-publish","format-standard","has-post-thumbnail","hentry","category-politica","category-ultimas-noticias"],"_links":{"self":[{"href":"https:\/\/mussicom.com\/noticias\/wp-json\/wp\/v2\/posts\/14856","targetHints":{"allow":["GET"]}}],"collection":[{"href":"https:\/\/mussicom.com\/noticias\/wp-json\/wp\/v2\/posts"}],"about":[{"href":"https:\/\/mussicom.com\/noticias\/wp-json\/wp\/v2\/types\/post"}],"author":[{"embeddable":true,"href":"https:\/\/mussicom.com\/noticias\/wp-json\/wp\/v2\/users\/5"}],"replies":[{"embeddable":true,"href":"https:\/\/mussicom.com\/noticias\/wp-json\/wp\/v2\/comments?post=14856"}],"version-history":[{"count":0,"href":"https:\/\/mussicom.com\/noticias\/wp-json\/wp\/v2\/posts\/14856\/revisions"}],"wp:featuredmedia":[{"embeddable":true,"href":"https:\/\/mussicom.com\/noticias\/wp-json\/wp\/v2\/media\/14857"}],"wp:attachment":[{"href":"https:\/\/mussicom.com\/noticias\/wp-json\/wp\/v2\/media?parent=14856"}],"wp:term":[{"taxonomy":"category","embeddable":true,"href":"https:\/\/mussicom.com\/noticias\/wp-json\/wp\/v2\/categories?post=14856"},{"taxonomy":"post_tag","embeddable":true,"href":"https:\/\/mussicom.com\/noticias\/wp-json\/wp\/v2\/tags?post=14856"}],"curies":[{"name":"wp","href":"https:\/\/api.w.org\/{rel}","templated":true}]}}