{"id":14803,"date":"2025-04-22T22:16:49","date_gmt":"2025-04-23T01:16:49","guid":{"rendered":"https:\/\/www.mussicom.com\/governo-superestima-economia-e-empurra-ajuste-fiscal-para-2027\/"},"modified":"2025-04-22T22:16:49","modified_gmt":"2025-04-23T01:16:49","slug":"governo-superestima-economia-e-empurra-ajuste-fiscal-para-2027","status":"publish","type":"post","link":"https:\/\/mussicom.com\/noticias\/governo-superestima-economia-e-empurra-ajuste-fiscal-para-2027\/","title":{"rendered":"Governo superestima economia e empurra ajuste fiscal para 2027"},"content":{"rendered":"<p> <br \/>\n<\/p>\n<div id=\"hd80s9wa1h892edh8192\">\n<p>O Projeto de Lei de Diretrizes Or\u00e7ament\u00e1rias (PLDO) para 2026, apresentado pelo governo federal, foi alvo de cr\u00edticas do Instituto Livre Mercado (ILM) por conter proje\u00e7\u00f5es consideradas irreais para a economia. O texto prev\u00ea crescimento de 2,5% do PIB, enquanto a Institui\u00e7\u00e3o Fiscal Independente (IFI), ligada ao Senado, estima alta de apenas 1,6%.<\/p>\n<p>A diverg\u00eancia de 0,9 ponto porcentual compromete a credibilidade da meta fiscal, segundo posicionamento da ILM publicado nesta ter\u00e7a-feira, 22. O governo projeta super\u00e1vit prim\u00e1rio de R$ 34,3 bilh\u00f5es (0,25% do PIB), mas a IFI prev\u00ea d\u00e9ficit de R$ 128 bilh\u00f5es (0,95% do PIB).<\/p>\n<p><strong>+ Leia mais not\u00edcias de\u00a0Pol\u00edtica\u00a0em Oeste<\/strong><\/p>\n<p>As diferen\u00e7as entre os cen\u00e1rios tamb\u00e9m incluem a proje\u00e7\u00e3o de infla\u00e7\u00e3o, estimada em 3% pelo governo, contra 4,4% segundo a IFI; a taxa Selic, que, de acordo com o \u00f3rg\u00e3o do Senado, deve permanecer em 12,5% ao ano; e o endividamento, com a <strong>d\u00edvida bruta<\/strong> at\u00e9 84% do PIB em 2026, de acordo com as estimativas da IFI.<\/p>\n<p>Para alcan\u00e7ar as metas estabelecidas, o governo teria que arrecadar mais de R$ 100 bilh\u00f5es em receitas ainda n\u00e3o detalhadas. Isso sem considerar os R$ 55 bilh\u00f5es em precat\u00f3rios que, por decis\u00e3o judicial, ficar\u00e3o fora da meta fiscal.<\/p>\n<p><related-posts class=\"border-y border-gray-300 py-5\"><\/p>\n<h2 class=\"!text-2xl text-black font-primary font-semibold leading-none mb-3\">\n    Leia mais:<br \/>\n  <\/h2>\n<p><\/related-posts><\/p>\n<h2 class=\"wp-block-heading\">PLDO deve afetar economia<\/h2>\n<p>Para o deputado Luiz Philippe de Orl\u00e9ans e Bragan\u00e7a (PL-SP), o PLDO \u00e9 uma \u201cpe\u00e7a de fic\u00e7\u00e3o or\u00e7ament\u00e1ria\u201d. \u201cIgnora os gatilhos fiscais, empurra o rombo para 2027 e tenta maquiar uma crise fiscal iminente\u201d, criticou. \u201cO governo joga para debaixo do tapete a realidade das contas p\u00fablicas e transfere a bomba para o pr\u00f3ximo mandato.\u201d<\/p>\n<p>J\u00e1 o deputado Kim Kataguiri (Uni\u00e3o-SP) afirmou que o Congresso deve resistir \u00e0 proposta do novo or\u00e7amento. \u201cO Brasil precisa de responsabilidade, n\u00e3o de populismo e promessas fajutas\u201d, disse o parlamentar.<\/p>\n<figure class=\"wp-block-embed is-type-video is-provider-youtube wp-block-embed-youtube wp-embed-aspect-16-9 wp-has-aspect-ratio\">\n<div class=\"wp-block-embed__wrapper\">\n<div class=\"perfmatters-lazy-youtube\" data-src=\"https:\/\/www.youtube.com\/embed\/QGMYAdtsv9Y\" data-id=\"QGMYAdtsv9Y\" data-query=\"feature=oembed\" onclick=\"perfmattersLazyLoadYouTube(this);\">\n<div><img fetchpriority=\"high\" decoding=\"async\" src=\"https:\/\/i.ytimg.com\/vi\/QGMYAdtsv9Y\/hqdefault.jpg\" alt=\"YouTube video\" width=\"480\" height=\"360\" data-pin-nopin=\"true\" nopin=\"nopin\"\/><\/div>\n<\/div>\n<p><noscript><iframe title=\"Adalberto Piotto: Quem quer avan\u00e7ar, n\u00e3o desperdi\u00e7a pot\u00eancia&quot;\" width=\"800\" height=\"450\" src=\"https:\/\/www.youtube.com\/embed\/QGMYAdtsv9Y?feature=oembed\" frameborder=\"0\" allow=\"accelerometer; autoplay; clipboard-write; encrypted-media; gyroscope; picture-in-picture; web-share\" referrerpolicy=\"strict-origin-when-cross-origin\" allowfullscreen><\/iframe><\/noscript>\n<\/div>\n<\/figure>\n<p>Para o jornalista de economia Adalberto Piotto, de <strong>Oeste<\/strong>, a LDO de 2026 \u00e9 \u201cuma pe\u00e7a de fic\u00e7\u00e3o do governo ao superestimar receitas com fontes incertas\u201d. Ele afirma que o texto revela \u201ca previs\u00e3o de colapso das contas p\u00fablicas\u201d e denuncia que o governo Lula, mesmo com crescimento do PIB, <strong>n\u00e3o aumenta a produtividade<\/strong> e nem melhora a efici\u00eancia da m\u00e1quina.<\/p>\n<p>Piotto alerta que, segundo proje\u00e7\u00f5es da pr\u00f3pria equipe econ\u00f4mica, \u201cpode faltar dinheiro para pagar as contas da m\u00e1quina administrativa em 2027\u201d, o que inclui gastos b\u00e1sicos como luz, combust\u00edvel e manuten\u00e7\u00e3o das For\u00e7as Armadas. Ele conclui que a irresponsabilidade do governo Lula \u201cest\u00e1 armando uma bomba que vai explodir nas m\u00e3os do pr\u00f3ximo presidente\u201d.<\/p>\n<p><strong>Leia tamb\u00e9m:\u00a0\u201cO empresariado desembarca do governo Lula\u201d, reportagem de Carlo Cauti publicada na Edi\u00e7\u00e3o 221 da Revista Oeste<\/strong><\/p>\n<\/p><\/div>\n<p><br \/>\n<br \/>Fonte: <a href=\"https:\/\/revistaoeste.com\/economia\/governo-superestima-economia-em-pldo-e-empurra-ajuste-fiscal-para-2027\/\">Revista oeste<\/a><\/p>\n","protected":false},"excerpt":{"rendered":"<p>O Projeto de Lei de Diretrizes Or\u00e7ament\u00e1rias (PLDO) para 2026, apresentado pelo governo federal, foi alvo de cr\u00edticas do Instituto Livre Mercado (ILM) por conter proje\u00e7\u00f5es consideradas irreais para a economia. O texto prev\u00ea crescimento de 2,5% do PIB, enquanto a Institui\u00e7\u00e3o Fiscal Independente (IFI), ligada ao Senado, estima alta de apenas 1,6%. A diverg\u00eancia [&hellip;]<\/p>\n","protected":false},"author":5,"featured_media":14804,"comment_status":"open","ping_status":"open","sticky":false,"template":"","format":"standard","meta":{"_seopress_robots_primary_cat":"","_seopress_titles_title":"","_seopress_titles_desc":"","_seopress_robots_index":"","footnotes":""},"categories":[45],"tags":[],"class_list":["post-14803","post","type-post","status-publish","format-standard","has-post-thumbnail","hentry","category-economia"],"_links":{"self":[{"href":"https:\/\/mussicom.com\/noticias\/wp-json\/wp\/v2\/posts\/14803","targetHints":{"allow":["GET"]}}],"collection":[{"href":"https:\/\/mussicom.com\/noticias\/wp-json\/wp\/v2\/posts"}],"about":[{"href":"https:\/\/mussicom.com\/noticias\/wp-json\/wp\/v2\/types\/post"}],"author":[{"embeddable":true,"href":"https:\/\/mussicom.com\/noticias\/wp-json\/wp\/v2\/users\/5"}],"replies":[{"embeddable":true,"href":"https:\/\/mussicom.com\/noticias\/wp-json\/wp\/v2\/comments?post=14803"}],"version-history":[{"count":0,"href":"https:\/\/mussicom.com\/noticias\/wp-json\/wp\/v2\/posts\/14803\/revisions"}],"wp:featuredmedia":[{"embeddable":true,"href":"https:\/\/mussicom.com\/noticias\/wp-json\/wp\/v2\/media\/14804"}],"wp:attachment":[{"href":"https:\/\/mussicom.com\/noticias\/wp-json\/wp\/v2\/media?parent=14803"}],"wp:term":[{"taxonomy":"category","embeddable":true,"href":"https:\/\/mussicom.com\/noticias\/wp-json\/wp\/v2\/categories?post=14803"},{"taxonomy":"post_tag","embeddable":true,"href":"https:\/\/mussicom.com\/noticias\/wp-json\/wp\/v2\/tags?post=14803"}],"curies":[{"name":"wp","href":"https:\/\/api.w.org\/{rel}","templated":true}]}}