{"id":14774,"date":"2025-04-22T20:32:29","date_gmt":"2025-04-22T23:32:29","guid":{"rendered":"https:\/\/www.mussicom.com\/sv-anuncia-refis-2025-com-descontos-de-ate-99-em-multas-e-juros\/"},"modified":"2025-04-22T20:32:29","modified_gmt":"2025-04-22T23:32:29","slug":"sv-anuncia-refis-2025-com-descontos-de-ate-99-em-multas-e-juros","status":"publish","type":"post","link":"https:\/\/mussicom.com\/noticias\/sv-anuncia-refis-2025-com-descontos-de-ate-99-em-multas-e-juros\/","title":{"rendered":"SV anuncia Refis 2025, com descontos de at\u00e9 99% em multas e juros"},"content":{"rendered":"<p> <br \/>\n<\/p>\n<div>\n<p>A Prefeitura de S\u00e3o Vicente anunciou seu Programa de Recupera\u00e7\u00e3o Fiscal (Refis) 2025, para facilitar a regulariza\u00e7\u00e3o de d\u00e9bitos dos contribuintes e diminuir a alta taxa de inadimpl\u00eancia. A iniciativa oferece descontos de at\u00e9 99% sobre juros e multas, al\u00e9m de op\u00e7\u00f5es de parcelamento em at\u00e9 120 vezes.<br \/>O Refis 2025 atende as d\u00edvidas tribut\u00e1rias e n\u00e3o tribut\u00e1rias, como Imposto Predial e Territorial Urbano (IPTU), Imposto Sobre Servi\u00e7os (ISS), taxas e multas (exceto as de tr\u00e2nsito), referentes a per\u00edodos anteriores a 31 de dezembro de 2024. Para as multas de diversas naturezas, o desconto \u00e9 de at\u00e9 80%, para pagamento em parcela \u00fanica at\u00e9 30 de junho.<br \/>O m\u00ednimo por parcela \u00e9 de R$ 50 para pessoas f\u00edsicas e R$ 100 para pessoas jur\u00eddicas.<br \/>Para formalizar a ades\u00e3o e aderir ao Refis 2025, os contribuintes interessados devem buscar a Procuradoria Fiscal (Rua Nicolau Guir\u00e3o Peres, 75, Parque Bitaru) ou agendar atendimento no Centro de Atendimento ao Contribuinte (CAC), no Pa\u00e7o Municipal, via chat, site ou pelo WhatsApp (13) 3466-2389, ou nos telefones (13) 3579-1316 ou (13) 3579-1317. No atendimento presencial, \u00e9 necess\u00e1rio apresentar documentos RG, CPF e o carn\u00ea do imposto ou taxa.<br \/>Mais informa\u00e7\u00f5es pelos telefones (13) 3468-1090 e 3568-8042, WhatsApp (13) 3467-9880 ou pelo e-mail [email\u00a0protected]<\/p>\n<\/div>\n<p><br \/>\n<br \/>Fonte: <a href=\"https:\/\/jornaldaorla.com.br\/noticias\/sv-anuncia-refis-2025-com-descontos-de-ate-99-em-multas-e-juros\/\">Jornal Da Orla<\/a><\/p>\n","protected":false},"excerpt":{"rendered":"<p>A Prefeitura de S\u00e3o Vicente anunciou seu Programa de Recupera\u00e7\u00e3o Fiscal (Refis) 2025, para facilitar a regulariza\u00e7\u00e3o de d\u00e9bitos dos contribuintes e diminuir a alta taxa de inadimpl\u00eancia. A iniciativa oferece descontos de at\u00e9 99% sobre juros e multas, al\u00e9m de op\u00e7\u00f5es de parcelamento em at\u00e9 120 vezes.O Refis 2025 atende as d\u00edvidas tribut\u00e1rias e [&hellip;]<\/p>\n","protected":false},"author":5,"featured_media":14775,"comment_status":"open","ping_status":"open","sticky":false,"template":"","format":"standard","meta":{"_seopress_robots_primary_cat":"","_seopress_titles_title":"","_seopress_titles_desc":"","_seopress_robots_index":"","footnotes":""},"categories":[52],"tags":[],"class_list":["post-14774","post","type-post","status-publish","format-standard","has-post-thumbnail","hentry","category-santoseregiao"],"_links":{"self":[{"href":"https:\/\/mussicom.com\/noticias\/wp-json\/wp\/v2\/posts\/14774","targetHints":{"allow":["GET"]}}],"collection":[{"href":"https:\/\/mussicom.com\/noticias\/wp-json\/wp\/v2\/posts"}],"about":[{"href":"https:\/\/mussicom.com\/noticias\/wp-json\/wp\/v2\/types\/post"}],"author":[{"embeddable":true,"href":"https:\/\/mussicom.com\/noticias\/wp-json\/wp\/v2\/users\/5"}],"replies":[{"embeddable":true,"href":"https:\/\/mussicom.com\/noticias\/wp-json\/wp\/v2\/comments?post=14774"}],"version-history":[{"count":0,"href":"https:\/\/mussicom.com\/noticias\/wp-json\/wp\/v2\/posts\/14774\/revisions"}],"wp:featuredmedia":[{"embeddable":true,"href":"https:\/\/mussicom.com\/noticias\/wp-json\/wp\/v2\/media\/14775"}],"wp:attachment":[{"href":"https:\/\/mussicom.com\/noticias\/wp-json\/wp\/v2\/media?parent=14774"}],"wp:term":[{"taxonomy":"category","embeddable":true,"href":"https:\/\/mussicom.com\/noticias\/wp-json\/wp\/v2\/categories?post=14774"},{"taxonomy":"post_tag","embeddable":true,"href":"https:\/\/mussicom.com\/noticias\/wp-json\/wp\/v2\/tags?post=14774"}],"curies":[{"name":"wp","href":"https:\/\/api.w.org\/{rel}","templated":true}]}}