{"id":14740,"date":"2025-04-22T17:56:38","date_gmt":"2025-04-22T20:56:38","guid":{"rendered":"https:\/\/www.mussicom.com\/vaticano-divulga-imagens-do-corpo-do-pontifice\/"},"modified":"2025-04-22T17:56:38","modified_gmt":"2025-04-22T20:56:38","slug":"vaticano-divulga-imagens-do-corpo-do-pontifice","status":"publish","type":"post","link":"https:\/\/mussicom.com\/noticias\/vaticano-divulga-imagens-do-corpo-do-pontifice\/","title":{"rendered":"Vaticano divulga imagens do corpo do pont\u00edfice"},"content":{"rendered":"<p> <br \/>\n<\/p>\n<div id=\"hd80s9wa1h892edh8192\">\n<p>Na manh\u00e3 desta ter\u00e7a-feira, 22, o <strong>Vaticano<\/strong> tornou p\u00fablicas as primeiras imagens do corpo de papa Francisco em seu caix\u00e3o. Ele repousa na capela da Casa Santa Marta. As fotos revelam o caix\u00e3o de madeira, as vestes lit\u00fargicas vermelhas e a mitra episcopal do pont\u00edfice. Em um dos registros, o cardeal Pietro Parolin, secret\u00e1rio de Estado do Vaticano, aparece em ora\u00e7\u00e3o diante do corpo.<\/p>\n<p><strong>+ Leia mais not\u00edcias de Mundo em Oeste<\/strong><\/p>\n<h2 class=\"wp-block-heading\">Papa Francisco morre, aos 88 anos<\/h2>\n<p>A morte do papa ocorreu na segunda-feira 21, aos 88 anos. Um acidente vascular cerebral, seguido por um colapso cardiocirculat\u00f3rio, tirou-lhe a vida. Francisco tinha recebido alta havia poucas semanas, depois de um longo per\u00edodo de interna\u00e7\u00e3o por pneumonia dupla. Passava por um processo de recupera\u00e7\u00e3o quando veio a morrer.<\/p>\n<h2 class=\"wp-block-heading\">Corpo ser\u00e1 levado \u00e0 Bas\u00edlica de S\u00e3o Pedro<\/h2>\n<p>A capela da Casa Santa Marta acolhe o corpo at\u00e9 esta quarta-feira, 23. Neste dia, ele ser\u00e1 levado \u00e0 <strong>Bas\u00edlica de S\u00e3o Pedro<\/strong>. Fi\u00e9is de todo o mundo poder\u00e3o se despedir do pont\u00edfice durante os dias que antecedem o funeral. A cerim\u00f4nia est\u00e1 marcada para o s\u00e1bado 26, data em que tamb\u00e9m ocorrer\u00e1 o sepultamento.<\/p>\n<h2 class=\"wp-block-heading\">Prociss\u00e3o solene anteceder\u00e1 o funeral<\/h2>\n<p>O rito de transla\u00e7\u00e3o come\u00e7ar\u00e1 \u00e0s 9 horas da manh\u00e3, no hor\u00e1rio local. O cardeal Kevin Farrell, camerlengo da Santa Igreja Romana, vai conduzir a cerim\u00f4nia. A prociss\u00e3o vai sair da Casa Santa Marta, atravessar\u00e1 a Pra\u00e7a dos Protom\u00e1rtires Romanos, passar\u00e1 pelo Arco dos Sinos e seguir\u00e1 at\u00e9 a Pra\u00e7a de S\u00e3o Pedro. O cortejo entrar\u00e1 pela porta central da Bas\u00edlica.<\/p>\n<p><center><\/p>\n<blockquote class=\"instagram-media\" data-instgrm-captioned=\"\" data-instgrm-permalink=\"https:\/\/www.instagram.com\/p\/DIvvhelNJMM\/?utm_source=ig_embed&amp;utm_campaign=loading\" data-instgrm-version=\"14\" style=\" background:#FFF; border:0; border-radius:3px; box-shadow:0 0 1px 0 rgba(0,0,0,0.5),0 1px 10px 0 rgba(0,0,0,0.15); margin: 1px; max-width:540px; min-width:326px; padding:0; width:99.375%; width:-webkit-calc(100% - 2px); width:calc(100% - 2px);\"\/><p>\n<\/center><\/p>\n<h2 class=\"wp-block-heading\">Liturgia anteceder\u00e1 homenagens p\u00fablicas<\/h2>\n<p>Dentro da Bas\u00edlica, a Liturgia da Palavra acontecer\u00e1 no Altar da Confiss\u00e3o. O cardeal camerlengo tamb\u00e9m presidir\u00e1 esse momento. Logo depois, os fi\u00e9is ter\u00e3o acesso ao local para prestar suas \u00faltimas homenagens.<\/p>\n<h2 class=\"wp-block-heading\">Funeral reunir\u00e1 l\u00edderes religiosos de todo o mundo<\/h2>\n<p>A missa f\u00fanebre ocorrer\u00e1 na manh\u00e3 de s\u00e1bado, \u00e0s 10 horas, pelo hor\u00e1rio de Roma (5 horas, pelo fuso de <strong>Bras\u00edlia<\/strong>). O cardeal Giovanni Battista Re, decano do Col\u00e9gio Cardinal\u00edcio, conduzir\u00e1 a celebra\u00e7\u00e3o eucar\u00edstica. Patriarcas, cardeais, arcebispos, bispos e padres de diversas partes do mundo participar\u00e3o da concelebra\u00e7\u00e3o.<\/p>\n<h2 class=\"wp-block-heading\">Nove dias de luto e despedida final<\/h2>\n<p>Ao fim da missa, ser\u00e3o realizados os ritos da \u201cUltima commendatio\u201d e da \u201cValedictio\u201d. Esses momentos lit\u00fargicos marcam o in\u00edcio dos nove dias de luto oficial e ora\u00e7\u00f5es em mem\u00f3ria do papa. Em seguida, o corpo ser\u00e1 levado para a Bas\u00edlica de Santa Maria Maior, onde acontecer\u00e1 o sepultamento definitivo.<\/p>\n<\/p><\/div>\n<p><script async src=\"\/\/www.instagram.com\/embed.js\"><\/script><br \/>\n<br \/><br \/>\n<br \/>Fonte: <a href=\"https:\/\/revistaoeste.com\/mundo\/vaticano-divulga-imagens-do-corpo-de-papa-francisco-veja\/\">Revista Oeste<\/a><\/p>\n","protected":false},"excerpt":{"rendered":"<p>Na manh\u00e3 desta ter\u00e7a-feira, 22, o Vaticano tornou p\u00fablicas as primeiras imagens do corpo de papa Francisco em seu caix\u00e3o. Ele repousa na capela da Casa Santa Marta. As fotos revelam o caix\u00e3o de madeira, as vestes lit\u00fargicas vermelhas e a mitra episcopal do pont\u00edfice. Em um dos registros, o cardeal Pietro Parolin, secret\u00e1rio de [&hellip;]<\/p>\n","protected":false},"author":5,"featured_media":14741,"comment_status":"open","ping_status":"open","sticky":false,"template":"","format":"standard","meta":{"_seopress_robots_primary_cat":"","_seopress_titles_title":"","_seopress_titles_desc":"","_seopress_robots_index":"","footnotes":""},"categories":[48],"tags":[],"class_list":["post-14740","post","type-post","status-publish","format-standard","has-post-thumbnail","hentry","category-internacional"],"_links":{"self":[{"href":"https:\/\/mussicom.com\/noticias\/wp-json\/wp\/v2\/posts\/14740","targetHints":{"allow":["GET"]}}],"collection":[{"href":"https:\/\/mussicom.com\/noticias\/wp-json\/wp\/v2\/posts"}],"about":[{"href":"https:\/\/mussicom.com\/noticias\/wp-json\/wp\/v2\/types\/post"}],"author":[{"embeddable":true,"href":"https:\/\/mussicom.com\/noticias\/wp-json\/wp\/v2\/users\/5"}],"replies":[{"embeddable":true,"href":"https:\/\/mussicom.com\/noticias\/wp-json\/wp\/v2\/comments?post=14740"}],"version-history":[{"count":0,"href":"https:\/\/mussicom.com\/noticias\/wp-json\/wp\/v2\/posts\/14740\/revisions"}],"wp:featuredmedia":[{"embeddable":true,"href":"https:\/\/mussicom.com\/noticias\/wp-json\/wp\/v2\/media\/14741"}],"wp:attachment":[{"href":"https:\/\/mussicom.com\/noticias\/wp-json\/wp\/v2\/media?parent=14740"}],"wp:term":[{"taxonomy":"category","embeddable":true,"href":"https:\/\/mussicom.com\/noticias\/wp-json\/wp\/v2\/categories?post=14740"},{"taxonomy":"post_tag","embeddable":true,"href":"https:\/\/mussicom.com\/noticias\/wp-json\/wp\/v2\/tags?post=14740"}],"curies":[{"name":"wp","href":"https:\/\/api.w.org\/{rel}","templated":true}]}}