{"id":14724,"date":"2025-04-22T16:55:43","date_gmt":"2025-04-22T19:55:43","guid":{"rendered":"https:\/\/mussicom.com\/papa-francisco-seu-pontificado-em-numeros\/"},"modified":"2025-04-22T16:55:43","modified_gmt":"2025-04-22T19:55:43","slug":"papa-francisco-seu-pontificado-em-numeros","status":"publish","type":"post","link":"https:\/\/mussicom.com\/noticias\/papa-francisco-seu-pontificado-em-numeros\/","title":{"rendered":"Papa Francisco: seu pontificado em n\u00fameros"},"content":{"rendered":"<p> <br \/>\n<\/p>\n<div id=\"hd80s9wa1h892edh8192\">\n<p>O papa Francisco, morto nesta segunda-feira, 21, aos 88 anos, foi o segundo pont\u00edfice mais velho da hist\u00f3ria. Eleito em 13 de mar\u00e7o de 2013, ele foi o 266\u00ba l\u00edder da Igreja Cat\u00f3lica e o primeiro natural da <strong>Am\u00e9rica Latina<\/strong>.\u00a0<\/p>\n<p><strong>+ Leia mais not\u00edcias do Mundo em Oeste<\/strong><\/p>\n<p>Nascido Jorge Mario Bergoglio, na <strong>Argentina<\/strong>, ele tamb\u00e9m foi o primeiro papa a adotar o nome Francisco. Seu papado foi mais longevo que a m\u00e9dia de 7,5 anos dos 265 pontificados anteriores.\u00a0<\/p>\n<p>A ag\u00eancia de not\u00edcias Reuters compilou alguns n\u00fameros emblem\u00e1ticos da lideran\u00e7a de Francisco sobre a Igreja Cat\u00f3lica. A come\u00e7ar pelos anos de vida. O \u00fanico pont\u00edfice em exerc\u00edcio a viver mais tempo que ele foi Le\u00e3o XIII, que morreu aos 93 anos, em 1903.\u00a0<\/p>\n<figure class=\"wp-block-image aligncenter size-full\"><picture><source data-srcset=\"https:\/\/medias.revistaoeste.com\/wp-content\/uploads\/2025\/04\/Captura-de-Tela-2025-04-21-as-18.01.53.jpg.webp 1232w, https:\/\/medias.revistaoeste.com\/wp-content\/uploads\/2025\/04\/Captura-de-Tela-2025-04-21-as-18.01.53-300x263.jpg.webp 300w, https:\/\/medias.revistaoeste.com\/wp-content\/uploads\/2025\/04\/Captura-de-Tela-2025-04-21-as-18.01.53-150x131.jpg.webp 150w\" data-sizes=\"(max-width: 1232px) 100vw, 1232px\" type=\"image\/webp\"><img fetchpriority=\"high\" decoding=\"async\" width=\"1232\" height=\"1078\" src=\"https:\/\/medias.revistaoeste.com\/wp-content\/uploads\/2025\/04\/Captura-de-Tela-2025-04-21-as-18.01.53.jpg\" alt=\"\u00daltima apari\u00e7\u00e3o p\u00fablica do papa Francisco\" class=\"wp-image-1966513\" srcset=\"https:\/\/medias.revistaoeste.com\/wp-content\/uploads\/2025\/04\/Captura-de-Tela-2025-04-21-as-18.01.53.jpg 1232w, https:\/\/medias.revistaoeste.com\/wp-content\/uploads\/2025\/04\/Captura-de-Tela-2025-04-21-as-18.01.53-300x263.jpg 300w, https:\/\/medias.revistaoeste.com\/wp-content\/uploads\/2025\/04\/Captura-de-Tela-2025-04-21-as-18.01.53-150x131.jpg 150w\" sizes=\"(max-width: 1232px) 100vw, 1232px\" data-eio=\"p\"\/><\/source><\/picture><figcaption class=\"wp-element-caption\">\u00daltima apari\u00e7\u00e3o p\u00fablica do papa Francisco | Foto: Divulga\u00e7\u00e3o\/ Vaticano<\/figcaption><\/figure>\n<p>N\u00e3o h\u00e1 registro verific\u00e1vel de algu\u00e9m mais velho que os dois no exerc\u00edcio do papado. O antecessor de Francisco, Bento XVI, morreu aos 95 anos, mas tinha 85 quando se aposentou do pontificado.<\/p>\n<h2 class=\"wp-block-heading\"><strong>Papa nomeou mais de 100 cardeais eleitores<\/strong><\/h2>\n<p>O Vaticano atualmente tem 252 cardeais, os \u201cpr\u00edncipes da Igreja\u201d, de chap\u00e9u vermelho, que aconselham o papa, administram dioceses importantes ao redor do mundo e muitas vezes lideram departamentos poderosos da burocracia da <strong>Santa S\u00e9<\/strong>.<\/p>\n<p>Entre eles, 135 cardeais t\u00eam menos de 80 anos e, portanto, s\u00e3o eleg\u00edveis para participar de um conclave para eleger um novo papa, segundo o Direito Can\u00f4nico. Francisco nomeou 108 dos chamados cardeais eleitores.<\/p>\n<figure class=\"wp-block-image aligncenter size-full\"><img decoding=\"async\" width=\"675\" height=\"446\" alt=\"Papa Francisco em Copacabana | Foto: Reprodu\u00e7\u00e3o\/AFP\" class=\"wp-image-1965902 perfmatters-lazy\" src=\"https:\/\/medias.revistaoeste.com\/wp-content\/uploads\/2025\/04\/20130728160721857117i.webp\" srcset=\"https:\/\/medias.revistaoeste.com\/wp-content\/uploads\/2025\/04\/20130728160721857117i.webp 675w, https:\/\/medias.revistaoeste.com\/wp-content\/uploads\/2025\/04\/20130728160721857117i-300x198.webp 300w, https:\/\/medias.revistaoeste.com\/wp-content\/uploads\/2025\/04\/20130728160721857117i-150x99.webp 150w\" data-sizes=\"(max-width: 675px) 100vw, 675px\"\/><img decoding=\"async\" width=\"675\" height=\"446\" src=\"https:\/\/medias.revistaoeste.com\/wp-content\/uploads\/2025\/04\/20130728160721857117i.webp\" alt=\"Papa Francisco em Copacabana | Foto: Reprodu\u00e7\u00e3o\/AFP\" class=\"wp-image-1965902\" srcset=\"https:\/\/medias.revistaoeste.com\/wp-content\/uploads\/2025\/04\/20130728160721857117i.webp 675w, https:\/\/medias.revistaoeste.com\/wp-content\/uploads\/2025\/04\/20130728160721857117i-300x198.webp 300w, https:\/\/medias.revistaoeste.com\/wp-content\/uploads\/2025\/04\/20130728160721857117i-150x99.webp 150w\" sizes=\"(max-width: 675px) 100vw, 675px\"\/><figcaption class=\"wp-element-caption\">Papa Francisco em Copacabana | Foto: Reprodu\u00e7\u00e3o\/AFP<\/figcaption><\/figure>\n<h2 class=\"wp-block-heading\"><strong>47 viagens internacionais<\/strong><\/h2>\n<p>Francisco esteve fora da It\u00e1lia por 47 vezes. Ele visitou mais de 65 pa\u00edses e territ\u00f3rios, em um total de mais de 465 mil km percorridos.<\/p>\n<p>Veja as viagens feitas pelo papa Francisco em seus 12 anos de pontificado:<\/p>\n<ul>\n<li>2013: Brasil;<\/li>\n<li>2014: Jord\u00e2nia, Territ\u00f3rios Palestinos, Israel, Coreia do Sul, Alb\u00e2nia, Fran\u00e7a e Turquia;<\/li>\n<li>2015: Sri Lanka, Filipinas, B\u00f3snia-Herzegovina, Equador, Bol\u00edvia, Paraguai, Cuba, Estados Unidos, Qu\u00eania, Uganda e Rep\u00fablica Centro-Africana;<\/li>\n<li>2016: M\u00e9xico, Gr\u00e9cia, Arm\u00eania, Pol\u00f4nia, Ge\u00f3rgia, Azerbaij\u00e3o e Su\u00e9cia;<\/li>\n<li>2017: Egito, Portugal, Col\u00f4mbia, Mianmar e Bangladesh;<\/li>\n<li>2018: Chile, Peru, Su\u00ed\u00e7a, Irlanda, Litu\u00e2nia, Let\u00f4nia e Est\u00f4nia;<\/li>\n<li>2019: Panam\u00e1, Emirados \u00c1rabes Unidos, Marrocos, Bulg\u00e1ria, Maced\u00f4nia do Norte, Rom\u00eania, Mo\u00e7ambique, Madagascar, Maur\u00edcio, Tail\u00e2ndia e Jap\u00e3o;<\/li>\n<li>2020: n\u00e3o fez viagens internacionais;<\/li>\n<li>2021: Iraque, Eslov\u00e1quia, Hungria, Gr\u00e9cia e Chipre;<\/li>\n<li>2022: Malta, Canad\u00e1, Cazaquist\u00e3o e Bahrein;<\/li>\n<li>2023: Congo, Sud\u00e3o do Sul, Hungria, Portugal, Mong\u00f3lia e Fran\u00e7a;<\/li>\n<li>2024: Indon\u00e9sia, Singapura, Timor Leste, Papua-Nova Guin\u00e9, B\u00e9lgica, Luxemburgo e ilha francesa da C\u00f3rsega;<\/li>\n<\/ul>\n<figure class=\"wp-block-image aligncenter size-full\"><picture><source data-srcset=\"https:\/\/medias.revistaoeste.com\/wp-content\/uploads\/2024\/10\/Papa.jpg.webp 640w, https:\/\/medias.revistaoeste.com\/wp-content\/uploads\/2024\/10\/Papa-300x202.jpg.webp 300w, https:\/\/medias.revistaoeste.com\/wp-content\/uploads\/2024\/10\/Papa-150x101.jpg.webp 150w\" data-sizes=\"(max-width: 640px) 100vw, 640px\" type=\"image\/webp\"><img loading=\"lazy\" decoding=\"async\" width=\"640\" height=\"431\" alt=\"Papa Jo\u00e3o Paulo II 22 de outubro\" class=\"wp-image-1703621 perfmatters-lazy\" data-eio=\"p\" src=\"https:\/\/medias.revistaoeste.com\/wp-content\/uploads\/2024\/10\/Papa.jpg\" srcset=\"https:\/\/medias.revistaoeste.com\/wp-content\/uploads\/2024\/10\/Papa.jpg 640w, https:\/\/medias.revistaoeste.com\/wp-content\/uploads\/2024\/10\/Papa-300x202.jpg 300w, https:\/\/medias.revistaoeste.com\/wp-content\/uploads\/2024\/10\/Papa-150x101.jpg 150w\" data-sizes=\"(max-width: 640px) 100vw, 640px\"\/><img loading=\"lazy\" decoding=\"async\" width=\"640\" height=\"431\" src=\"https:\/\/medias.revistaoeste.com\/wp-content\/uploads\/2024\/10\/Papa.jpg\" alt=\"Papa Jo\u00e3o Paulo II 22 de outubro\" class=\"wp-image-1703621\" srcset=\"https:\/\/medias.revistaoeste.com\/wp-content\/uploads\/2024\/10\/Papa.jpg 640w, https:\/\/medias.revistaoeste.com\/wp-content\/uploads\/2024\/10\/Papa-300x202.jpg 300w, https:\/\/medias.revistaoeste.com\/wp-content\/uploads\/2024\/10\/Papa-150x101.jpg 150w\" sizes=\"(max-width: 640px) 100vw, 640px\" data-eio=\"p\"\/><\/source><\/picture><figcaption class=\"wp-element-caption\">Jo\u00e3o Paulo II foi canonizado pela Igreja Cat\u00f3lica | Foto: Reprodu\u00e7\u00e3o\/Wikimedia Commons<\/figcaption><\/figure>\n<p>Ele tamb\u00e9m fez cerca de 37 viagens dentro da It\u00e1lia, a come\u00e7ar pela Ilha de Lampedusa, ponto de chegada de migrantes que cruzam o Mediterr\u00e2neo rumo \u00e0 Europa, em julho de 2013.<\/p>\n<h2 class=\"wp-block-heading\"><strong>900 santos canonizados<\/strong><\/h2>\n<p>O papa Francisco canonizou mais de 900 santos, entre os quais seus predecessores Jo\u00e3o XXIII, Jo\u00e3o Paulo II e Paulo VI, al\u00e9m de Madre Teresa de Calcut\u00e1 e o arcebispo salvadorenho Oscar Romero, morto em 1980.<\/p>\n<p>Esse n\u00famero inclui os M\u00e1rtires de Otranto, moradores de uma cidade do sul da It\u00e1lia mortos por tropas otomanas em 1480. Segundo o Vaticano, eram cerca de 800.<\/p>\n<p>Francisco tamb\u00e9m beatificou mais de 1,35 mil pessoas. A beatifica\u00e7\u00e3o \u00e9 o passo anterior \u00e0 canoniza\u00e7\u00e3o.<\/p>\n<figure class=\"wp-block-image aligncenter size-full\"><picture><source data-srcset=\"https:\/\/medias.revistaoeste.com\/wp-content\/uploads\/2025\/04\/Papa-Basilica.jpeg.webp 1500w, https:\/\/medias.revistaoeste.com\/wp-content\/uploads\/2025\/04\/Papa-Basilica-300x169.jpeg.webp 300w, https:\/\/medias.revistaoeste.com\/wp-content\/uploads\/2025\/04\/Papa-Basilica-400x225.jpeg.webp 400w, https:\/\/medias.revistaoeste.com\/wp-content\/uploads\/2025\/04\/Papa-Basilica-216x121.jpeg.webp 216w, https:\/\/medias.revistaoeste.com\/wp-content\/uploads\/2025\/04\/Papa-Basilica-150x84.jpeg.webp 150w\" data-sizes=\"(max-width: 1500px) 100vw, 1500px\" type=\"image\/webp\"><img loading=\"lazy\" decoding=\"async\" width=\"1500\" height=\"844\" alt=\"Bas\u00edlica de Santa Maria Maggiore, em Roma: local escolhido pelo papa Francisco | Foto: Vaticano\/Divulga\u00e7\u00e3o\" class=\"wp-image-1966862 perfmatters-lazy\" data-eio=\"p\" src=\"https:\/\/medias.revistaoeste.com\/wp-content\/uploads\/2025\/04\/Papa-Basilica.jpeg\" srcset=\"https:\/\/medias.revistaoeste.com\/wp-content\/uploads\/2025\/04\/Papa-Basilica.jpeg 1500w, https:\/\/medias.revistaoeste.com\/wp-content\/uploads\/2025\/04\/Papa-Basilica-300x169.jpeg 300w, https:\/\/medias.revistaoeste.com\/wp-content\/uploads\/2025\/04\/Papa-Basilica-400x225.jpeg 400w, https:\/\/medias.revistaoeste.com\/wp-content\/uploads\/2025\/04\/Papa-Basilica-216x121.jpeg 216w, https:\/\/medias.revistaoeste.com\/wp-content\/uploads\/2025\/04\/Papa-Basilica-150x84.jpeg 150w\" data-sizes=\"(max-width: 1500px) 100vw, 1500px\"\/><img loading=\"lazy\" decoding=\"async\" width=\"1500\" height=\"844\" src=\"https:\/\/medias.revistaoeste.com\/wp-content\/uploads\/2025\/04\/Papa-Basilica.jpeg\" alt=\"Bas\u00edlica de Santa Maria Maggiore, em Roma: local escolhido pelo papa Francisco | Foto: Vaticano\/Divulga\u00e7\u00e3o\" class=\"wp-image-1966862\" srcset=\"https:\/\/medias.revistaoeste.com\/wp-content\/uploads\/2025\/04\/Papa-Basilica.jpeg 1500w, https:\/\/medias.revistaoeste.com\/wp-content\/uploads\/2025\/04\/Papa-Basilica-300x169.jpeg 300w, https:\/\/medias.revistaoeste.com\/wp-content\/uploads\/2025\/04\/Papa-Basilica-400x225.jpeg 400w, https:\/\/medias.revistaoeste.com\/wp-content\/uploads\/2025\/04\/Papa-Basilica-216x121.jpeg 216w, https:\/\/medias.revistaoeste.com\/wp-content\/uploads\/2025\/04\/Papa-Basilica-150x84.jpeg 150w\" sizes=\"(max-width: 1500px) 100vw, 1500px\" data-eio=\"p\"\/><\/source><\/picture><figcaption class=\"wp-element-caption\">Bas\u00edlica de Santa Maria Maggiore, em Roma: local escolhido pelo papa Francisco | Foto: Vaticano\/Divulga\u00e7\u00e3o<\/figcaption><\/figure>\n<h2 class=\"wp-block-heading\">As <strong>4 enc\u00edclicas<\/strong> do papa<\/h2>\n<p>A enc\u00edclica \u00e9 a forma mais importante de documento papal. Francisco escreveu quatro:<\/p>\n<ul>\n<li>2013: <em>Lumen Fidei<\/em> (Luz da F\u00e9), sobre a import\u00e2ncia da f\u00e9 crist\u00e3, parcialmente escrita por Bento XVI;<\/li>\n<li>2015: <em>Laudato Si<\/em> (Louvado Seja), que clamava por a\u00e7\u00e3o urgente contra as mudan\u00e7as clim\u00e1ticas;<\/li>\n<li>2020: <em>Fratelli Tutti<\/em> (Todos Irm\u00e3os), abordava a solidariedade entre os povos no mundo p\u00f3s-pandemia;<\/li>\n<li>2024: <em>Dilexit Nos<\/em> (Ele Nos Amou), incentivava os cat\u00f3licos a abandonar a \u201cloucura da busca por dinheiro\u201d; e se dedicar \u00e0 f\u00e9.<\/li>\n<\/ul>\n<p>Al\u00e9m disso, ele escreveu in\u00fameros outros documentos importantes para a Igreja Cat\u00f3lica, como Constitui\u00e7\u00f5es Apost\u00f3licas e Exorta\u00e7\u00f5es Apost\u00f3licas.<\/p>\n<\/p><\/div>\n<p><br \/>\n<br \/>Fonte: <a href=\"https:\/\/revistaoeste.com\/mundo\/papa-francisco-seu-pontificado-em-numeros\/\">Revista Oeste<\/a><\/p>\n","protected":false},"excerpt":{"rendered":"<p>O papa Francisco, morto nesta segunda-feira, 21, aos 88 anos, foi o segundo pont\u00edfice mais velho da hist\u00f3ria. Eleito em 13 de mar\u00e7o de 2013, ele foi o 266\u00ba l\u00edder da Igreja Cat\u00f3lica e o primeiro natural da Am\u00e9rica Latina.\u00a0 + Leia mais not\u00edcias do Mundo em Oeste Nascido Jorge Mario Bergoglio, na Argentina, ele [&hellip;]<\/p>\n","protected":false},"author":5,"featured_media":14725,"comment_status":"open","ping_status":"open","sticky":false,"template":"","format":"standard","meta":{"_seopress_robots_primary_cat":"","_seopress_titles_title":"","_seopress_titles_desc":"","_seopress_robots_index":"","footnotes":""},"categories":[48],"tags":[],"class_list":["post-14724","post","type-post","status-publish","format-standard","has-post-thumbnail","hentry","category-internacional"],"_links":{"self":[{"href":"https:\/\/mussicom.com\/noticias\/wp-json\/wp\/v2\/posts\/14724","targetHints":{"allow":["GET"]}}],"collection":[{"href":"https:\/\/mussicom.com\/noticias\/wp-json\/wp\/v2\/posts"}],"about":[{"href":"https:\/\/mussicom.com\/noticias\/wp-json\/wp\/v2\/types\/post"}],"author":[{"embeddable":true,"href":"https:\/\/mussicom.com\/noticias\/wp-json\/wp\/v2\/users\/5"}],"replies":[{"embeddable":true,"href":"https:\/\/mussicom.com\/noticias\/wp-json\/wp\/v2\/comments?post=14724"}],"version-history":[{"count":0,"href":"https:\/\/mussicom.com\/noticias\/wp-json\/wp\/v2\/posts\/14724\/revisions"}],"wp:featuredmedia":[{"embeddable":true,"href":"https:\/\/mussicom.com\/noticias\/wp-json\/wp\/v2\/media\/14725"}],"wp:attachment":[{"href":"https:\/\/mussicom.com\/noticias\/wp-json\/wp\/v2\/media?parent=14724"}],"wp:term":[{"taxonomy":"category","embeddable":true,"href":"https:\/\/mussicom.com\/noticias\/wp-json\/wp\/v2\/categories?post=14724"},{"taxonomy":"post_tag","embeddable":true,"href":"https:\/\/mussicom.com\/noticias\/wp-json\/wp\/v2\/tags?post=14724"}],"curies":[{"name":"wp","href":"https:\/\/api.w.org\/{rel}","templated":true}]}}