{"id":14700,"date":"2025-04-22T15:10:47","date_gmt":"2025-04-22T18:10:47","guid":{"rendered":"https:\/\/mussicom.com\/fmi-reduz-para-2-as-projecoes-de-crescimento-do-brasil\/"},"modified":"2025-04-22T15:10:47","modified_gmt":"2025-04-22T18:10:47","slug":"fmi-reduz-para-2-as-projecoes-de-crescimento-do-brasil","status":"publish","type":"post","link":"https:\/\/mussicom.com\/noticias\/fmi-reduz-para-2-as-projecoes-de-crescimento-do-brasil\/","title":{"rendered":"FMI reduz para 2% as proje\u00e7\u00f5es de crescimento do Brasil"},"content":{"rendered":"<p> <br \/>\n<\/p>\n<div id=\"hd80s9wa1h892edh8192\">\n<p>O <strong>Fundo Monet\u00e1rio Internacional<\/strong> (FMI) revisou suas proje\u00e7\u00f5es de crescimento para o <strong>Brasil<\/strong> e reduziu as expectativas de aumento do Produto Interno Bruto (<strong>PIB<\/strong>) para 2% tanto em 2025 quanto em 2026.<\/p>\n<p>A nova estimativa foi divulgada nesta ter\u00e7a-feira, 22, no relat\u00f3rio \u201cPerspectiva Econ\u00f4mica Global\u201d. Essa revis\u00e3o reflete uma vis\u00e3o mais cautelosa em rela\u00e7\u00e3o \u00e0 economia brasileira, especialmente em compara\u00e7\u00e3o com as proje\u00e7\u00f5es feitas em janeiro.<\/p>\n<p>Em compara\u00e7\u00e3o com as previs\u00f5es anteriores, o FMI cortou a previs\u00e3o de crescimento do PIB em 0,2 ponto porcentual para cada um dos pr\u00f3ximos dois anos. Esses ajustes contrastam com as estimativas do governo brasileiro, que indicam um crescimento de 2,3% para 2025 e de 2,5% para 2026. Em mar\u00e7o, o Minist\u00e9rio da Fazenda fez suas pr\u00f3prias proje\u00e7\u00f5es. Por outro lado, o Banco Central prev\u00ea um crescimento de 1,9% para este ano.<\/p>\n<p><strong>+ Leia mais not\u00edcias de Economia em Oeste<\/strong><\/p>\n<h2 class=\"wp-block-heading\">Dados do PIB ser\u00e3o divulgados em 30 de maio<\/h2>\n<p>O Instituto Brasileiro de Geografia e Estat\u00edstica (IBGE) divulgar\u00e1 os dados referentes ao PIB do primeiro trimestre de 2025 em 30 de maio. Segundo os n\u00fameros de 2024, a economia brasileira teve um desempenho de 3,4%, o que reflete uma expans\u00e3o mais forte do que o projetado para o ano atual. <\/p>\n<figure class=\"wp-block-embed is-type-video is-provider-youtube wp-block-embed-youtube wp-embed-aspect-16-9 wp-has-aspect-ratio\">\n<div class=\"wp-block-embed__wrapper\">\n<div class=\"perfmatters-lazy-youtube\" data-src=\"https:\/\/www.youtube.com\/embed\/g_opqQqgsbc\" data-id=\"g_opqQqgsbc\" data-query=\"feature=oembed\" onclick=\"perfmattersLazyLoadYouTube(this);\">\n<div><img fetchpriority=\"high\" decoding=\"async\" src=\"https:\/\/i.ytimg.com\/vi\/g_opqQqgsbc\/hqdefault.jpg\" alt=\"YouTube video\" width=\"480\" height=\"360\" data-pin-nopin=\"true\" nopin=\"nopin\"\/><\/div>\n<\/div>\n<p><noscript><iframe title=\"EXCLUSIVO: defesa confirma presen\u00e7a de Filipe Martins em julgamento no STF\" width=\"800\" height=\"450\" src=\"https:\/\/www.youtube.com\/embed\/g_opqQqgsbc?feature=oembed\" frameborder=\"0\" allow=\"accelerometer; autoplay; clipboard-write; encrypted-media; gyroscope; picture-in-picture; web-share\" referrerpolicy=\"strict-origin-when-cross-origin\" allowfullscreen><\/iframe><\/noscript>\n<\/div>\n<\/figure>\n<p>Especialistas acreditam que o bom desempenho da produ\u00e7\u00e3o agr\u00edcola ajudar\u00e1 a sustentar o crescimento neste in\u00edcio de ano, embora a desacelera\u00e7\u00e3o se torne mais evidente por causa da persistente infla\u00e7\u00e3o e \u00e0s restri\u00e7\u00f5es impostas pela pol\u00edtica monet\u00e1ria, que afeta o cr\u00e9dito.<\/p>\n<p>Em rela\u00e7\u00e3o \u00e0 infla\u00e7\u00e3o, o FMI estima que o aumento dos pre\u00e7os no Brasil ser\u00e1 de 5,3% em 2025 e de 4,3% em 2026. O governo brasileiro tem como meta oficial uma infla\u00e7\u00e3o de 3%, com uma margem de toler\u00e2ncia de 1,5 ponto porcentual para mais ou para menos. O documento tamb\u00e9m abordou o impacto das tarifas comerciais dos Estados Unidos, que, somadas a contramedidas de outros pa\u00edses, gerou um \u201cchoque negativo\u201d no crescimento econ\u00f4mico global, e afetou diretamente o Brasil com uma tarifa-padr\u00e3o norte-americana de 10%.<\/p>\n<h2 class=\"wp-block-heading\">O relat\u00f3rio do FMI, que utiliza dados at\u00e9 4 de abril, define suas previs\u00f5es como uma \u201cproje\u00e7\u00e3o de refer\u00eancia\u201d<\/h2>\n<p>O relat\u00f3rio do FMI, que utiliza dados at\u00e9 4 de abril, define suas previs\u00f5es como uma \u201cproje\u00e7\u00e3o de refer\u00eancia\u201d. Ele considera as tarifas aplicadas at\u00e9 2 de abril e as respostas iniciais dos pa\u00edses afetados. Em rela\u00e7\u00e3o \u00e0 Am\u00e9rica Latina e Caribe, o FMI reduziu sua estimativa de crescimento para a regi\u00e3o, com uma queda de 0,5 ponto porcentual em rela\u00e7\u00e3o a janeiro.<\/p>\n<figure class=\"wp-block-embed is-type-video is-provider-youtube wp-block-embed-youtube wp-embed-aspect-16-9 wp-has-aspect-ratio\">\n<div class=\"wp-block-embed__wrapper\">\n<div class=\"perfmatters-lazy-youtube\" data-src=\"https:\/\/www.youtube.com\/embed\/rdR_B1Kb7_k\" data-id=\"rdR_B1Kb7_k\" data-query=\"feature=oembed\" onclick=\"perfmattersLazyLoadYouTube(this);\">\n<div><img decoding=\"async\" alt=\"YouTube video\" width=\"480\" height=\"360\" data-pin-nopin=\"true\" nopin=\"nopin\" class=\"perfmatters-lazy\" src=\"https:\/\/i.ytimg.com\/vi\/rdR_B1Kb7_k\/hqdefault.jpg\"\/><img decoding=\"async\" src=\"https:\/\/i.ytimg.com\/vi\/rdR_B1Kb7_k\/hqdefault.jpg\" alt=\"YouTube video\" width=\"480\" height=\"360\" data-pin-nopin=\"true\" nopin=\"nopin\"\/><\/div>\n<\/div>\n<p><noscript><iframe title=\"Firmino Cortada aponta romantismo no discurso de Bela Gil sobre Cuba\" width=\"800\" height=\"450\" src=\"https:\/\/www.youtube.com\/embed\/rdR_B1Kb7_k?feature=oembed\" frameborder=\"0\" allow=\"accelerometer; autoplay; clipboard-write; encrypted-media; gyroscope; picture-in-picture; web-share\" referrerpolicy=\"strict-origin-when-cross-origin\" allowfullscreen><\/iframe><\/noscript>\n<\/div>\n<\/figure>\n<p>Para 2026, a previs\u00e3o foi ajustada para 2,4%, com uma redu\u00e7\u00e3o de 0,3 ponto porcentual. A revis\u00e3o foi mais acentuada no M\u00e9xico, que viu sua previs\u00e3o de crescimento para 2025 ser reduzida de 1,7% para uma retra\u00e7\u00e3o de 0,3%, e para 2026, de 2,0% para 1,4%. A atividade econ\u00f4mica mais fraca do que o esperado no final de 2024 e in\u00edcio de 2025, juntamente com o impacto das tarifas e a incerteza geopol\u00edtica, ajudou a justificar essa revis\u00e3o.<\/p>\n<p>As previs\u00f5es para as economias de mercados emergentes e em desenvolvimento, das quais o Brasil faz parte, tamb\u00e9m foram ajustadas para baixo. A proje\u00e7\u00e3o para 2025 foi reduzida em 0,5 ponto porcentual, com a expans\u00e3o esperada de 3,7% para esse grupo de pa\u00edses agora.<\/p>\n<p>Para 2026, a estimativa caiu em 0,4 ponto e passou para 3,9%. A China, que tamb\u00e9m foi fortemente impactada pelas medidas comerciais recentes, teve sua previs\u00e3o revisada para 4% nos dois pr\u00f3ximos anos. As proje\u00e7\u00f5es para o pa\u00eds foram ajustadas em 0,6 ponto para 2025 e 0,5 ponto para 2026.<\/p>\n<\/p><\/div>\n<p><br \/>\n<br \/>Fonte: <a href=\"https:\/\/revistaoeste.com\/economia\/fmi-reduz-para-2-as-projecoes-de-crescimento-do-brasil-em-2025-e-2026\/\">Revista oeste<\/a><\/p>\n","protected":false},"excerpt":{"rendered":"<p>O Fundo Monet\u00e1rio Internacional (FMI) revisou suas proje\u00e7\u00f5es de crescimento para o Brasil e reduziu as expectativas de aumento do Produto Interno Bruto (PIB) para 2% tanto em 2025 quanto em 2026. A nova estimativa foi divulgada nesta ter\u00e7a-feira, 22, no relat\u00f3rio \u201cPerspectiva Econ\u00f4mica Global\u201d. Essa revis\u00e3o reflete uma vis\u00e3o mais cautelosa em rela\u00e7\u00e3o \u00e0 [&hellip;]<\/p>\n","protected":false},"author":5,"featured_media":14701,"comment_status":"open","ping_status":"open","sticky":false,"template":"","format":"standard","meta":{"_seopress_robots_primary_cat":"","_seopress_titles_title":"","_seopress_titles_desc":"","_seopress_robots_index":"","footnotes":""},"categories":[45],"tags":[],"class_list":["post-14700","post","type-post","status-publish","format-standard","has-post-thumbnail","hentry","category-economia"],"_links":{"self":[{"href":"https:\/\/mussicom.com\/noticias\/wp-json\/wp\/v2\/posts\/14700","targetHints":{"allow":["GET"]}}],"collection":[{"href":"https:\/\/mussicom.com\/noticias\/wp-json\/wp\/v2\/posts"}],"about":[{"href":"https:\/\/mussicom.com\/noticias\/wp-json\/wp\/v2\/types\/post"}],"author":[{"embeddable":true,"href":"https:\/\/mussicom.com\/noticias\/wp-json\/wp\/v2\/users\/5"}],"replies":[{"embeddable":true,"href":"https:\/\/mussicom.com\/noticias\/wp-json\/wp\/v2\/comments?post=14700"}],"version-history":[{"count":0,"href":"https:\/\/mussicom.com\/noticias\/wp-json\/wp\/v2\/posts\/14700\/revisions"}],"wp:featuredmedia":[{"embeddable":true,"href":"https:\/\/mussicom.com\/noticias\/wp-json\/wp\/v2\/media\/14701"}],"wp:attachment":[{"href":"https:\/\/mussicom.com\/noticias\/wp-json\/wp\/v2\/media?parent=14700"}],"wp:term":[{"taxonomy":"category","embeddable":true,"href":"https:\/\/mussicom.com\/noticias\/wp-json\/wp\/v2\/categories?post=14700"},{"taxonomy":"post_tag","embeddable":true,"href":"https:\/\/mussicom.com\/noticias\/wp-json\/wp\/v2\/tags?post=14700"}],"curies":[{"name":"wp","href":"https:\/\/api.w.org\/{rel}","templated":true}]}}