{"id":14688,"date":"2025-04-22T13:57:32","date_gmt":"2025-04-22T16:57:32","guid":{"rendered":"https:\/\/www.mussicom.com\/felipe-neto-vira-reu-por-acusacao-de-injuria-contra-julia-zanatta\/"},"modified":"2025-04-22T13:57:32","modified_gmt":"2025-04-22T16:57:32","slug":"felipe-neto-vira-reu-por-acusacao-de-injuria-contra-julia-zanatta","status":"publish","type":"post","link":"https:\/\/mussicom.com\/noticias\/felipe-neto-vira-reu-por-acusacao-de-injuria-contra-julia-zanatta\/","title":{"rendered":"Felipe Neto vira r\u00e9u por acusa\u00e7\u00e3o de inj\u00faria contra J\u00falia Zanatta"},"content":{"rendered":"<p> <br \/>\n<\/p>\n<div id=\"hd80s9wa1h892edh8192\">\n<p>O influenciador digital Felipe Neto virou r\u00e9u em uma a\u00e7\u00e3o penal e responder\u00e1 pelos crimes de inj\u00faria e difama\u00e7\u00e3o supostamente cometidos contra a deputada federal <strong>J\u00falia Zanatta<\/strong> (PL-SC). A 41\u00aa Vara Criminal do Rio de Janeiro aceitou a queixa-crime apresentada pela parlamentar, conforme informado pelo jornal <em>O Globo<\/em> nesta ter\u00e7a-feira, 22.<\/p>\n<p><strong>+ Leia mais not\u00edcias de Pol\u00edtica em Oeste<\/strong><\/p>\n<p>De acordo com o processo, Felipe Neto sugeriu, em 13 de junho de 2024, por meio de uma publica\u00e7\u00e3o no X, que a deputada, ao usar uma tiara de flores, estaria fazendo apologia ao nazismo.\u00a0<\/p>\n<figure class=\"wp-block-image aligncenter size-full\"><picture><source data-srcset=\"https:\/\/medias.revistaoeste.com\/wp-content\/uploads\/2025\/04\/GTHSHIVXAAAxKZ2.jpg.webp 588w, https:\/\/medias.revistaoeste.com\/wp-content\/uploads\/2025\/04\/GTHSHIVXAAAxKZ2-278x300.jpg.webp 278w, https:\/\/medias.revistaoeste.com\/wp-content\/uploads\/2025\/04\/GTHSHIVXAAAxKZ2-150x162.jpg.webp 150w\" data-sizes=\"(max-width: 588px) 100vw, 588px\" type=\"image\/webp\"><img alt=\"\" fetchpriority=\"high\" decoding=\"async\" width=\"588\" height=\"635\" src=\"https:\/\/medias.revistaoeste.com\/wp-content\/uploads\/2025\/04\/GTHSHIVXAAAxKZ2.jpg\" alt=\"\" class=\"wp-image-1967245\" srcset=\"https:\/\/medias.revistaoeste.com\/wp-content\/uploads\/2025\/04\/GTHSHIVXAAAxKZ2.jpg 588w, https:\/\/medias.revistaoeste.com\/wp-content\/uploads\/2025\/04\/GTHSHIVXAAAxKZ2-278x300.jpg 278w, https:\/\/medias.revistaoeste.com\/wp-content\/uploads\/2025\/04\/GTHSHIVXAAAxKZ2-150x162.jpg 150w\" sizes=\"(max-width: 588px) 100vw, 588px\" data-eio=\"p\"\/><\/source><\/picture><figcaption class=\"wp-element-caption\">Publica\u00e7\u00e3o de Felipe Neto que deu origem \u00e0 queixa-crime da deputada | Foto: Reprodu\u00e7\u00e3o\/X<\/figcaption><\/figure>\n<p>Na postagem, ele afirma que \u201ca tiara de flores na cabe\u00e7a \u00e9 tida por muita gente como um s\u00edmbolo de apologia ao nazismo\u201d e que, embora J\u00falia negue essa inten\u00e7\u00e3o, \u201ccuriosamente\u201d n\u00e3o usou o acess\u00f3rio durante sua fala no <strong>Parlamento Europeu<\/strong>.<\/p>\n<p>Na queixa-crime, a defesa da deputada argumenta que o uso da tiara sempre foi marca registrada de J\u00falia desde a campanha eleitoral e que a publica\u00e7\u00e3o de Felipe Neto teve como objetivo associ\u00e1-la ao movimento nazista, com evidente intuito de macular a honra e reputa\u00e7\u00e3o da parlamentar, al\u00e9m de tentar prejudicar o exerc\u00edcio de seu mandato.<\/p>\n<figure class=\"wp-block-image aligncenter size-full\"><picture><source data-srcset=\"https:\/\/medias.revistaoeste.com\/wp-content\/uploads\/2024\/08\/Felipe-Neto-Deputada-Processo.jpeg.webp 635w, https:\/\/medias.revistaoeste.com\/wp-content\/uploads\/2024\/08\/Felipe-Neto-Deputada-Processo-300x211.jpeg.webp 300w, https:\/\/medias.revistaoeste.com\/wp-content\/uploads\/2024\/08\/Felipe-Neto-Deputada-Processo-150x105.jpeg.webp 150w\" data-sizes=\"(max-width: 635px) 100vw, 635px\" type=\"image\/webp\"><img decoding=\"async\" width=\"635\" height=\"446\" alt=\"J\u00falia Zanatta veste tiara de flores\" class=\"wp-image-1593714 perfmatters-lazy\" data-eio=\"p\" src=\"https:\/\/medias.revistaoeste.com\/wp-content\/uploads\/2024\/08\/Felipe-Neto-Deputada-Processo.jpeg\" srcset=\"https:\/\/medias.revistaoeste.com\/wp-content\/uploads\/2024\/08\/Felipe-Neto-Deputada-Processo.jpeg 635w, https:\/\/medias.revistaoeste.com\/wp-content\/uploads\/2024\/08\/Felipe-Neto-Deputada-Processo-300x211.jpeg 300w, https:\/\/medias.revistaoeste.com\/wp-content\/uploads\/2024\/08\/Felipe-Neto-Deputada-Processo-150x105.jpeg 150w\" data-sizes=\"(max-width: 635px) 100vw, 635px\"\/><img decoding=\"async\" width=\"635\" height=\"446\" src=\"https:\/\/medias.revistaoeste.com\/wp-content\/uploads\/2024\/08\/Felipe-Neto-Deputada-Processo.jpeg\" alt=\"J\u00falia Zanatta veste tiara de flores\" class=\"wp-image-1593714\" srcset=\"https:\/\/medias.revistaoeste.com\/wp-content\/uploads\/2024\/08\/Felipe-Neto-Deputada-Processo.jpeg 635w, https:\/\/medias.revistaoeste.com\/wp-content\/uploads\/2024\/08\/Felipe-Neto-Deputada-Processo-300x211.jpeg 300w, https:\/\/medias.revistaoeste.com\/wp-content\/uploads\/2024\/08\/Felipe-Neto-Deputada-Processo-150x105.jpeg 150w\" sizes=\"(max-width: 635px) 100vw, 635px\" data-eio=\"p\"\/><\/source><\/picture><figcaption class=\"wp-element-caption\">J\u00falia Zanata explicou que a tiara foi um s\u00edmbolo marcante na campanha eleitoral que elegeu a pol\u00edtica para o Congresso | Foto: Reprodu\u00e7\u00e3o\/Instagram\/@juliazanatta<\/figcaption><\/figure>\n<h2 class=\"wp-block-heading\"><strong>Justi\u00e7a tentou concilia\u00e7\u00e3o entre J\u00falia Zanatta e Felipe Neto<\/strong><\/h2>\n<p>Antes de aceitar a den\u00fancia, a 41\u00aa Vara Criminal do Rio fez uma audi\u00eancia de concilia\u00e7\u00e3o entre as partes em 2 de abril, sem sucesso. O <strong>Minist\u00e9rio P\u00fablico<\/strong>, ao ser consultado, manifestou-se favor\u00e1vel ao recebimento da queixa-crime.\u00a0<\/p>\n<p>Agora, Felipe Neto ser\u00e1 citado oficialmente para responder \u00e0 acusa\u00e7\u00e3o e dever\u00e1 apresentar sua defesa, por escrito, no prazo de dez dias.<\/p>\n<\/p><\/div>\n<p><br \/>\n<br \/>Fonte: <a href=\"https:\/\/revistaoeste.com\/politica\/felipe-neto-vira-reu-por-associar-julia-zanatta-pl-sc-ao-nazismo\/\">Ag\u00eancia Brasil<\/a><\/p>\n","protected":false},"excerpt":{"rendered":"<p>O influenciador digital Felipe Neto virou r\u00e9u em uma a\u00e7\u00e3o penal e responder\u00e1 pelos crimes de inj\u00faria e difama\u00e7\u00e3o supostamente cometidos contra a deputada federal J\u00falia Zanatta (PL-SC). A 41\u00aa Vara Criminal do Rio de Janeiro aceitou a queixa-crime apresentada pela parlamentar, conforme informado pelo jornal O Globo nesta ter\u00e7a-feira, 22. + Leia mais not\u00edcias [&hellip;]<\/p>\n","protected":false},"author":5,"featured_media":14689,"comment_status":"open","ping_status":"open","sticky":false,"template":"","format":"standard","meta":{"_seopress_robots_primary_cat":"","_seopress_titles_title":"","_seopress_titles_desc":"","_seopress_robots_index":"","footnotes":""},"categories":[47,1],"tags":[],"class_list":["post-14688","post","type-post","status-publish","format-standard","has-post-thumbnail","hentry","category-politica","category-ultimas-noticias"],"_links":{"self":[{"href":"https:\/\/mussicom.com\/noticias\/wp-json\/wp\/v2\/posts\/14688","targetHints":{"allow":["GET"]}}],"collection":[{"href":"https:\/\/mussicom.com\/noticias\/wp-json\/wp\/v2\/posts"}],"about":[{"href":"https:\/\/mussicom.com\/noticias\/wp-json\/wp\/v2\/types\/post"}],"author":[{"embeddable":true,"href":"https:\/\/mussicom.com\/noticias\/wp-json\/wp\/v2\/users\/5"}],"replies":[{"embeddable":true,"href":"https:\/\/mussicom.com\/noticias\/wp-json\/wp\/v2\/comments?post=14688"}],"version-history":[{"count":0,"href":"https:\/\/mussicom.com\/noticias\/wp-json\/wp\/v2\/posts\/14688\/revisions"}],"wp:featuredmedia":[{"embeddable":true,"href":"https:\/\/mussicom.com\/noticias\/wp-json\/wp\/v2\/media\/14689"}],"wp:attachment":[{"href":"https:\/\/mussicom.com\/noticias\/wp-json\/wp\/v2\/media?parent=14688"}],"wp:term":[{"taxonomy":"category","embeddable":true,"href":"https:\/\/mussicom.com\/noticias\/wp-json\/wp\/v2\/categories?post=14688"},{"taxonomy":"post_tag","embeddable":true,"href":"https:\/\/mussicom.com\/noticias\/wp-json\/wp\/v2\/tags?post=14688"}],"curies":[{"name":"wp","href":"https:\/\/api.w.org\/{rel}","templated":true}]}}