{"id":14582,"date":"2025-04-22T01:44:31","date_gmt":"2025-04-22T04:44:31","guid":{"rendered":"https:\/\/mussicom.com\/qualquer-imagem-de-filipe-martins-pode-leva-lo-a-prisao\/"},"modified":"2025-04-22T01:44:31","modified_gmt":"2025-04-22T04:44:31","slug":"qualquer-imagem-de-filipe-martins-pode-leva-lo-a-prisao","status":"publish","type":"post","link":"https:\/\/mussicom.com\/noticias\/qualquer-imagem-de-filipe-martins-pode-leva-lo-a-prisao\/","title":{"rendered":"&#8216;Qualquer imagem de Filipe Martins pode lev\u00e1-lo \u00e0 pris\u00e3o&#8217;"},"content":{"rendered":"<p> <br \/>\n<\/p>\n<div id=\"hd80s9wa1h892edh8192\">\n<p>O desembargador aposentado e advogado Sebasti\u00e3o Coelho denunciou nesta segunda-feira, 21, em entrevista ao <strong>Jornal da Oeste<\/strong>, o que classificou como \u201camea\u00e7a\u201d e \u201ccensura\u201d imposta pelo ministro Alexandre de Moraes, do Supremo Tribunal Federal (STF), contra seu cliente Filipe Martins, ex-assessor especial da Presid\u00eancia da Rep\u00fablica.<\/p>\n<p>Martins foi autorizado a comparecer presencialmente ao julgamento em Bras\u00edlia, mas com <strong>restri\u00e7\u00f5es severas de circula\u00e7\u00e3o<\/strong>. \u201cEle n\u00e3o pode se deslocar aqui em Bras\u00edlia, n\u00e3o pode ir, por exemplo, a um restaurante ou visitar um amigo\u201d, explicou o advogado.<\/p>\n<p><related-posts class=\"border-y border-gray-300 py-5\"><\/p>\n<h2 class=\"!text-2xl text-black font-primary font-semibold leading-none mb-3\">\n    Leia mais:<br \/>\n  <\/h2>\n<p><\/related-posts><\/p>\n<p>Segundo Coelho, qualquer imagem divulgada de Martins durante o julgamento no STF poder\u00e1 resultar em sua pris\u00e3o preventiva. \u201cVeio uma amea\u00e7a na decis\u00e3o, dizendo que se fosse divulgada qualquer imagem dele da sess\u00e3o ou do p\u00fablico, ele poderia ter imediatamente a pris\u00e3o preventiva decretada\u201d, afirmou.<\/p>\n<p>Coelho expressou sua indigna\u00e7\u00e3o. \u201cA \u00faltima alternativa seria se n\u00f3s desloc\u00e1ssemos do hotel com ele, coberto com um cobertor\u201d, disse. \u201cIsso \u00e9 um absurdo completo e absoluto, isso n\u00e3o pode acontecer.\u201d<\/p>\n<figure class=\"wp-block-embed is-type-video is-provider-youtube wp-block-embed-youtube wp-embed-aspect-4-3 wp-has-aspect-ratio\">\n<div class=\"wp-block-embed__wrapper\">\n<div class=\"perfmatters-lazy-youtube\" data-src=\"https:\/\/www.youtube.com\/embed\/fjzmwBbKh0c\" data-id=\"fjzmwBbKh0c\" data-query=\"feature=oembed\" onclick=\"perfmattersLazyLoadYouTube(this);\">\n<div><img fetchpriority=\"high\" decoding=\"async\" src=\"https:\/\/i.ytimg.com\/vi\/fjzmwBbKh0c\/hqdefault.jpg\" alt=\"YouTube video\" width=\"480\" height=\"360\" data-pin-nopin=\"true\" nopin=\"nopin\"\/><\/div>\n<\/div>\n<p><noscript><iframe title=\"JORNAL DA OESTE - com Geisiane Freitas | 21\/04\/2025\" width=\"800\" height=\"450\" src=\"https:\/\/www.youtube.com\/embed\/fjzmwBbKh0c?feature=oembed\" frameborder=\"0\" allow=\"accelerometer; autoplay; clipboard-write; encrypted-media; gyroscope; picture-in-picture; web-share\" referrerpolicy=\"strict-origin-when-cross-origin\" allowfullscreen><\/iframe><\/noscript>\n<\/div>\n<\/figure>\n<h2 class=\"wp-block-heading\">Restri\u00e7\u00e3o a Filipe Martins pode representar censura<\/h2>\n<p>O advogado demonstrou preocupa\u00e7\u00e3o com a amea\u00e7a de puni\u00e7\u00e3o diante de eventual cobertura jornal\u00edstica. \u201cImagine: <strong>Oeste<\/strong> est\u00e1 l\u00e1, o Cristyan <em>[Costa, editor em Bras\u00edlia]<\/em> fazendo a reportagem, e filma o Filipe Martins\u201d, conjecturou. \u201cQual a responsabilidade que o Filipe Martins tem sobre isso?\u201d<\/p>\n<p>Coelho classificou a medida como \u201cuma decis\u00e3o contra a imprensa\u201d e criticou a incoer\u00eancia em rela\u00e7\u00e3o a outras transmiss\u00f5es da <strong>TV Justi\u00e7a<\/strong>. \u201cAs imagens de dentro do Supremo Tribunal Federal da sess\u00e3o s\u00e3o geradas pelo pr\u00f3prio Supremo\u201d, destacou. \u201cSe o ministro n\u00e3o quer que mostre a imagem do Filipe, basta que a TV Justi\u00e7a n\u00e3o fa\u00e7a a gera\u00e7\u00e3o dessa imagem.\u201d<\/p>\n<p><strong>+ Leia mais not\u00edcias de\u00a0Pol\u00edtica\u00a0em Oeste<\/strong><\/p>\n<p>Coelho especulou que a decis\u00e3o pode ter sido redigida por um assessor. \u201cQuero assinar um ato de boa f\u00e9, entender que algum assessor do ministro [\u2026] possa ter tido a vontade de apertar mais um pouco, agradar o ministro\u201d, considerou. \u201cQuero entender que ele fez essa assinatura sem perceber a gravidade do que assinou.\u201d<\/p>\n<p>Mesmo diante das restri\u00e7\u00f5es, Coelho refor\u00e7ou que seu cliente \u201cest\u00e1 autorizado a ir ao pr\u00f3prio julgamento\u201d e que ser\u00e1 necess\u00e1rio desloc\u00e1-lo em dois carros com seguran\u00e7a.<\/p>\n<h2 class=\"wp-block-heading\">Cr\u00edticas ao Supremo<\/h2>\n<p>O ex-desembargador destacou que, por partir do STF, a decis\u00e3o n\u00e3o tem a quem ser submetida. \u201cQuando a decis\u00e3o vem diretamente do Supremo Tribunal Federal fica dif\u00edcil, porque n\u00e3o tem a quem recorrer\u201d, disse. \u201cO \u00fanico recurso que n\u00f3s temos previsto constitucionalmente \u00e9 o Senado Federal, mas infelizmente quase dois ter\u00e7os do Senado Federal est\u00e3o coniventes.\u201d<\/p>\n<p>O ex-desembargador afirmou que a crise institucional vivida pelo pa\u00eds tem origem no pr\u00f3prio Supremo: \u201cEssa instabilidade toda \u00e9 causada pelo Supremo Tribunal Federal\u201d, disse. \u201c\u00c9 claro que os senhores ministros n\u00e3o gostam que algu\u00e9m diga que eles abusam, mas abusam.\u201d<\/p>\n<figure class=\"wp-block-image aligncenter size-full is-resized\"><picture><source data-srcset=\"https:\/\/medias.revistaoeste.com\/wp-content\/uploads\/2024\/11\/60362423_1610137129130631_5069216905806479360_n-facebook.jpg.webp 860w, https:\/\/medias.revistaoeste.com\/wp-content\/uploads\/2024\/11\/60362423_1610137129130631_5069216905806479360_n-facebook-300x199.jpg.webp 300w, https:\/\/medias.revistaoeste.com\/wp-content\/uploads\/2024\/11\/60362423_1610137129130631_5069216905806479360_n-facebook-150x99.jpg.webp 150w\" data-sizes=\"(max-width: 860px) 100vw, 860px\" type=\"image\/webp\"><img decoding=\"async\" width=\"860\" height=\"570\" alt=\"PF manteve Filipe Martins preso para for\u00e7ar dela\u00e7\u00e3o, diz Bolsonaro\" class=\"wp-image-1751717 perfmatters-lazy\" style=\"width:766px;height:auto\" data-eio=\"p\" src=\"https:\/\/medias.revistaoeste.com\/wp-content\/uploads\/2024\/11\/60362423_1610137129130631_5069216905806479360_n-facebook.jpg\" srcset=\"https:\/\/medias.revistaoeste.com\/wp-content\/uploads\/2024\/11\/60362423_1610137129130631_5069216905806479360_n-facebook.jpg 860w, https:\/\/medias.revistaoeste.com\/wp-content\/uploads\/2024\/11\/60362423_1610137129130631_5069216905806479360_n-facebook-300x199.jpg 300w, https:\/\/medias.revistaoeste.com\/wp-content\/uploads\/2024\/11\/60362423_1610137129130631_5069216905806479360_n-facebook-150x99.jpg 150w\" data-sizes=\"(max-width: 860px) 100vw, 860px\"\/><img decoding=\"async\" width=\"860\" height=\"570\" src=\"https:\/\/medias.revistaoeste.com\/wp-content\/uploads\/2024\/11\/60362423_1610137129130631_5069216905806479360_n-facebook.jpg\" alt=\"PF manteve Filipe Martins preso para for\u00e7ar dela\u00e7\u00e3o, diz Bolsonaro\" class=\"wp-image-1751717\" style=\"width:766px;height:auto\" srcset=\"https:\/\/medias.revistaoeste.com\/wp-content\/uploads\/2024\/11\/60362423_1610137129130631_5069216905806479360_n-facebook.jpg 860w, https:\/\/medias.revistaoeste.com\/wp-content\/uploads\/2024\/11\/60362423_1610137129130631_5069216905806479360_n-facebook-300x199.jpg 300w, https:\/\/medias.revistaoeste.com\/wp-content\/uploads\/2024\/11\/60362423_1610137129130631_5069216905806479360_n-facebook-150x99.jpg 150w\" sizes=\"(max-width: 860px) 100vw, 860px\" data-eio=\"p\"\/><\/source><\/picture><figcaption class=\"wp-element-caption\">Filipe Martins, ex-assessor do ex-presidente Jair Bolsonaro | Foto: Reprodu\u00e7\u00e3o\/Redes sociais<\/figcaption><\/figure>\n<p>Coelho tamb\u00e9m refor\u00e7ou a confian\u00e7a no julgamento. \u201cAmanh\u00e3 eu espero que tudo isso acabe\u201d, declarou. \u201cN\u00e3o sou importante nesse caso, o importante \u00e9 o Filipe Martins, que \u00e9 um jovem inocente\u201d.<\/p>\n<p>O advogado ser\u00e1 o respons\u00e1vel pela sustenta\u00e7\u00e3o oral. \u201cEstou trabalhando fortemente para que amanh\u00e3 o Filipe Martins seja retirado dessa acusa\u00e7\u00e3o\u201d, afirmou. \u201c\u00c9 um trabalho t\u00e9cnico nesse sentido que eu pretendo fazer\u201d.<\/p>\n<p><strong>Leia tamb\u00e9m:\u00a0\u201cA anistia inevit\u00e1vel\u201d, artigo de Augusto Nunes e Branca Nunes publicado na Edi\u00e7\u00e3o 255 da Revista Oeste<\/strong><\/p>\n<\/p><\/div>\n<p><br \/>\n<br \/>Fonte: <a href=\"https:\/\/revistaoeste.com\/politica\/sebastiao-coelho-qualquer-imagem-divulgada-de-filipe-martins-pode-leva-lo-a-prisao\/\">Ag\u00eancia Brasil<\/a><\/p>\n","protected":false},"excerpt":{"rendered":"<p>O desembargador aposentado e advogado Sebasti\u00e3o Coelho denunciou nesta segunda-feira, 21, em entrevista ao Jornal da Oeste, o que classificou como \u201camea\u00e7a\u201d e \u201ccensura\u201d imposta pelo ministro Alexandre de Moraes, do Supremo Tribunal Federal (STF), contra seu cliente Filipe Martins, ex-assessor especial da Presid\u00eancia da Rep\u00fablica. Martins foi autorizado a comparecer presencialmente ao julgamento em [&hellip;]<\/p>\n","protected":false},"author":5,"featured_media":14583,"comment_status":"open","ping_status":"open","sticky":false,"template":"","format":"standard","meta":{"_seopress_robots_primary_cat":"","_seopress_titles_title":"","_seopress_titles_desc":"","_seopress_robots_index":"","footnotes":""},"categories":[47,1],"tags":[],"class_list":["post-14582","post","type-post","status-publish","format-standard","has-post-thumbnail","hentry","category-politica","category-ultimas-noticias"],"_links":{"self":[{"href":"https:\/\/mussicom.com\/noticias\/wp-json\/wp\/v2\/posts\/14582","targetHints":{"allow":["GET"]}}],"collection":[{"href":"https:\/\/mussicom.com\/noticias\/wp-json\/wp\/v2\/posts"}],"about":[{"href":"https:\/\/mussicom.com\/noticias\/wp-json\/wp\/v2\/types\/post"}],"author":[{"embeddable":true,"href":"https:\/\/mussicom.com\/noticias\/wp-json\/wp\/v2\/users\/5"}],"replies":[{"embeddable":true,"href":"https:\/\/mussicom.com\/noticias\/wp-json\/wp\/v2\/comments?post=14582"}],"version-history":[{"count":0,"href":"https:\/\/mussicom.com\/noticias\/wp-json\/wp\/v2\/posts\/14582\/revisions"}],"wp:featuredmedia":[{"embeddable":true,"href":"https:\/\/mussicom.com\/noticias\/wp-json\/wp\/v2\/media\/14583"}],"wp:attachment":[{"href":"https:\/\/mussicom.com\/noticias\/wp-json\/wp\/v2\/media?parent=14582"}],"wp:term":[{"taxonomy":"category","embeddable":true,"href":"https:\/\/mussicom.com\/noticias\/wp-json\/wp\/v2\/categories?post=14582"},{"taxonomy":"post_tag","embeddable":true,"href":"https:\/\/mussicom.com\/noticias\/wp-json\/wp\/v2\/tags?post=14582"}],"curies":[{"name":"wp","href":"https:\/\/api.w.org\/{rel}","templated":true}]}}