{"id":14519,"date":"2025-04-21T19:32:57","date_gmt":"2025-04-21T22:32:57","guid":{"rendered":"https:\/\/www.mussicom.com\/novo-papa-nao-precisa-ser-padre-nem-bispo\/"},"modified":"2025-04-21T19:32:57","modified_gmt":"2025-04-21T22:32:57","slug":"novo-papa-nao-precisa-ser-padre-nem-bispo","status":"publish","type":"post","link":"https:\/\/mussicom.com\/noticias\/novo-papa-nao-precisa-ser-padre-nem-bispo\/","title":{"rendered":"Novo papa n\u00e3o precisa ser padre nem bispo"},"content":{"rendered":"<p> <br \/>\n<\/p>\n<div id=\"hd80s9wa1h892edh8192\">\n<p>Com a morte de Francisco, a Igreja Cat\u00f3lica deve escolher um novo papa. Os eleg\u00edveis para o cargo, segundo o direito can\u00f4nico, passam dos milh\u00f5es.<\/p>\n<p>limitados.<\/p>\n<p><strong>+ Leia mais not\u00edcias de Curiosamente e desvende um mundo escondido<\/strong><\/p>\n<p>Apesar de o papa ser o bispo de Roma, a eleva\u00e7\u00e3o ao cargo n\u00e3o se d\u00e1 apenas entre os sacerdotes. Pela lei da Igreja, todo cat\u00f3lico homem, batizado, est\u00e1 apto a assumir a fun\u00e7\u00e3o. Basta que o Col\u00e9gio de Cardeais o eleja.<\/p>\n<p>Na pr\u00e1tica, por\u00e9m, o \u00f3rg\u00e3o tende a escolher um de seus membros para assumir o cargo \u2014   e todos dentro do grupo s\u00e3o sacerdotes. A escolhe acontece somente quando dois ter\u00e7os dos votos v\u00e3o para o mesmo nome. <\/p>\n<h2 class=\"wp-block-heading\">A lei da igreja<\/h2>\n<p>As leis da Igreja est\u00e3o no <em>C\u00f3digo do Direito Can\u00f4nico<\/em>. A divis\u00e3o do documento se d\u00e1 em c\u00e2nones \u2014 o equivalente aos artigo de uma constitui\u00e7\u00e3o.<\/p>\n<p><strong>+ Leia mais not\u00edcias de Mundo em Oeste<\/strong><\/p>\n<p>O primeiro par\u00e1grafo do c\u00e2non 332 estabelece o que acontece quando algu\u00e9m que n\u00e3o \u00e9 sacerdote assume o papado.  De acordo com o texto, o eleito para o cargo que \u201ccarecer do car\u00e1cter episcopal\u201d se torna bispo imediatamente.<\/p>\n<h2 class=\"wp-block-heading\">O \u00faltimo homem que se tornou papa antes de ser padre<\/h2>\n<p>Em 11 de mar\u00e7o de 1513, o Col\u00e9gio de Cardeais escolheu Giovanni di Lorenzo de M\u00e9dici para assumir o papado. Naquela altura, ele ainda n\u00e3o havia sido ordenado padre. A ordena\u00e7\u00e3o veio alguns dias depois, em 15 de mar\u00e7o.<\/p>\n<p>Na \u00e9poca da elei\u00e7\u00e3o, o rapaz tinha 37 anos de idade. Ele era filho dos M\u00e9dici, uma das fam\u00edlias mais ricas e proeminentes de toda a Europa. Le\u00e3o 10 permaneceu no cargo por nove anos, at\u00e9 morrer de pneumonia.<\/p>\n<\/p><\/div>\n<p><br \/>\n<br \/>Fonte: <a href=\"https:\/\/revistaoeste.com\/mundo\/novo-papa-nao-precisa-ser-padre-e-nem-bispo\/\">Revista Oeste<\/a><\/p>\n","protected":false},"excerpt":{"rendered":"<p>Com a morte de Francisco, a Igreja Cat\u00f3lica deve escolher um novo papa. Os eleg\u00edveis para o cargo, segundo o direito can\u00f4nico, passam dos milh\u00f5es. limitados. + Leia mais not\u00edcias de Curiosamente e desvende um mundo escondido Apesar de o papa ser o bispo de Roma, a eleva\u00e7\u00e3o ao cargo n\u00e3o se d\u00e1 apenas entre [&hellip;]<\/p>\n","protected":false},"author":5,"featured_media":14520,"comment_status":"open","ping_status":"open","sticky":false,"template":"","format":"standard","meta":{"_seopress_robots_primary_cat":"","_seopress_titles_title":"","_seopress_titles_desc":"","_seopress_robots_index":"","footnotes":""},"categories":[48],"tags":[],"class_list":["post-14519","post","type-post","status-publish","format-standard","has-post-thumbnail","hentry","category-internacional"],"_links":{"self":[{"href":"https:\/\/mussicom.com\/noticias\/wp-json\/wp\/v2\/posts\/14519","targetHints":{"allow":["GET"]}}],"collection":[{"href":"https:\/\/mussicom.com\/noticias\/wp-json\/wp\/v2\/posts"}],"about":[{"href":"https:\/\/mussicom.com\/noticias\/wp-json\/wp\/v2\/types\/post"}],"author":[{"embeddable":true,"href":"https:\/\/mussicom.com\/noticias\/wp-json\/wp\/v2\/users\/5"}],"replies":[{"embeddable":true,"href":"https:\/\/mussicom.com\/noticias\/wp-json\/wp\/v2\/comments?post=14519"}],"version-history":[{"count":0,"href":"https:\/\/mussicom.com\/noticias\/wp-json\/wp\/v2\/posts\/14519\/revisions"}],"wp:featuredmedia":[{"embeddable":true,"href":"https:\/\/mussicom.com\/noticias\/wp-json\/wp\/v2\/media\/14520"}],"wp:attachment":[{"href":"https:\/\/mussicom.com\/noticias\/wp-json\/wp\/v2\/media?parent=14519"}],"wp:term":[{"taxonomy":"category","embeddable":true,"href":"https:\/\/mussicom.com\/noticias\/wp-json\/wp\/v2\/categories?post=14519"},{"taxonomy":"post_tag","embeddable":true,"href":"https:\/\/mussicom.com\/noticias\/wp-json\/wp\/v2\/tags?post=14519"}],"curies":[{"name":"wp","href":"https:\/\/api.w.org\/{rel}","templated":true}]}}