{"id":14471,"date":"2025-04-21T15:24:38","date_gmt":"2025-04-21T18:24:38","guid":{"rendered":"https:\/\/www.mussicom.com\/quem-sao-os-cardeais-mais-cotados-para-suceder-francisco-a-frente-da-igreja-catolica\/"},"modified":"2025-04-21T15:24:38","modified_gmt":"2025-04-21T18:24:38","slug":"quem-sao-os-cardeais-mais-cotados-para-suceder-francisco-a-frente-da-igreja-catolica","status":"publish","type":"post","link":"https:\/\/mussicom.com\/noticias\/quem-sao-os-cardeais-mais-cotados-para-suceder-francisco-a-frente-da-igreja-catolica\/","title":{"rendered":"Quem s\u00e3o os cardeais mais cotados para suceder Francisco \u00e0 frente da Igreja Cat\u00f3lica"},"content":{"rendered":"<p> <br \/>\n<\/p>\n<div><\/p>\n<div>O conclave que escolher\u00e1 o pr\u00f3ximo papa tem mais de uma d\u00fazia de candidatos fortes. A Gazeta do Povo publica os perfis de v\u00e1rios deles.<\/div>\n<\/div>\n<p><br \/>\n<br \/>Fonte: <a href=\"https:\/\/www.gazetadopovo.com.br\/mundo\/proximo-papa-cardeais-cotados-suceder-francisco-conclave\/\">Revista Oeste<\/a><\/p>\n","protected":false},"excerpt":{"rendered":"<p>O conclave que escolher\u00e1 o pr\u00f3ximo papa tem mais de uma d\u00fazia de candidatos fortes. A Gazeta do Povo publica os perfis de v\u00e1rios deles. Fonte: Revista Oeste<\/p>\n","protected":false},"author":5,"featured_media":14472,"comment_status":"open","ping_status":"open","sticky":false,"template":"","format":"standard","meta":{"_seopress_robots_primary_cat":"","_seopress_titles_title":"","_seopress_titles_desc":"","_seopress_robots_index":"","footnotes":""},"categories":[1],"tags":[],"class_list":["post-14471","post","type-post","status-publish","format-standard","has-post-thumbnail","hentry","category-ultimas-noticias"],"_links":{"self":[{"href":"https:\/\/mussicom.com\/noticias\/wp-json\/wp\/v2\/posts\/14471","targetHints":{"allow":["GET"]}}],"collection":[{"href":"https:\/\/mussicom.com\/noticias\/wp-json\/wp\/v2\/posts"}],"about":[{"href":"https:\/\/mussicom.com\/noticias\/wp-json\/wp\/v2\/types\/post"}],"author":[{"embeddable":true,"href":"https:\/\/mussicom.com\/noticias\/wp-json\/wp\/v2\/users\/5"}],"replies":[{"embeddable":true,"href":"https:\/\/mussicom.com\/noticias\/wp-json\/wp\/v2\/comments?post=14471"}],"version-history":[{"count":0,"href":"https:\/\/mussicom.com\/noticias\/wp-json\/wp\/v2\/posts\/14471\/revisions"}],"wp:featuredmedia":[{"embeddable":true,"href":"https:\/\/mussicom.com\/noticias\/wp-json\/wp\/v2\/media\/14472"}],"wp:attachment":[{"href":"https:\/\/mussicom.com\/noticias\/wp-json\/wp\/v2\/media?parent=14471"}],"wp:term":[{"taxonomy":"category","embeddable":true,"href":"https:\/\/mussicom.com\/noticias\/wp-json\/wp\/v2\/categories?post=14471"},{"taxonomy":"post_tag","embeddable":true,"href":"https:\/\/mussicom.com\/noticias\/wp-json\/wp\/v2\/tags?post=14471"}],"curies":[{"name":"wp","href":"https:\/\/api.w.org\/{rel}","templated":true}]}}