{"id":14393,"date":"2025-04-21T08:19:42","date_gmt":"2025-04-21T11:19:42","guid":{"rendered":"https:\/\/www.mussicom.com\/papa-estava-visivelmente-muito-doente-diz-jd-vance\/"},"modified":"2025-04-21T08:19:42","modified_gmt":"2025-04-21T11:19:42","slug":"papa-estava-visivelmente-muito-doente-diz-jd-vance","status":"publish","type":"post","link":"https:\/\/mussicom.com\/noticias\/papa-estava-visivelmente-muito-doente-diz-jd-vance\/","title":{"rendered":"Papa estava visivelmente &#8216;muito doente&#8217;, diz JD Vance"},"content":{"rendered":"<p> <br \/>\n<\/p>\n<div id=\"hd80s9wa1h892edh8192\">\n<p>O vice-presidente dos Estados Unidos, JD Vance, que se encontrou com o papa Francisco horas antes de sua morte, disse estar \u2018feliz\u201d em ver o pont\u00edfice no domingo de P\u00e1scoa, \u201cembora ele estivesse obviamente muito doente\u201d.<\/p>\n<p>+ <strong>Leia mais not\u00edcias de Mundo em Oeste<\/strong><\/p>\n<p>\u201cAcabei de saber do falecimento do Papa Francisco. Meu cora\u00e7\u00e3o est\u00e1 com os milh\u00f5es de crist\u00e3os em todo o mundo que o amavam. Fiquei feliz em v\u00ea-lo ontem, embora ele estivesse obviamente muito doente. Mas sempre me lembrarei dele pela homilia que ele proferiu abaixo, logo nos primeiros dias da COVID. Foi realmente muito bonito. Que Deus o tenha em paz\u201d, escreveu Vance nesta segunda-feira, 21, em uma publica\u00e7\u00e3o no X.<\/p>\n<figure class=\"wp-block-embed is-type-rich is-provider-twitter wp-block-embed-twitter\">\n<div class=\"wp-block-embed__wrapper\">\n<blockquote class=\"twitter-tweet\" data-width=\"500\" data-dnt=\"true\">\n<p lang=\"en\" dir=\"ltr\">I just learned of the passing of Pope Francis. My heart goes out to the millions of Christians all over the world who loved him. <\/p>\n<p>I was happy to see him yesterday, though he was obviously very ill. But I\u2019ll always remember him for the below homily he gave in the very early days\u2026<\/p>\n<p>\u2014 JD Vance (@JDVance) <a href=\"https:\/\/twitter.com\/JDVance\/status\/1914239114406191255?ref_src=twsrc%5Etfw\">April 21, 2025<\/a><\/p><\/blockquote>\n<\/div>\n<\/figure>\n<p>O papa Francisco teve um encontro privado com Vance, um cat\u00f3lico devoto, no domingo de P\u00e1scoa, 20 de abril. <\/p>\n<figure class=\"wp-block-embed is-type-rich is-provider-twitter wp-block-embed-twitter\">\n<div class=\"wp-block-embed__wrapper\">\n<blockquote class=\"twitter-tweet\" data-width=\"500\" data-dnt=\"true\">\n<p lang=\"en\" dir=\"ltr\">Today I met with the Holy Father Pope Francis. I am grateful for his invitation to meet, and I pray for his good health.<\/p>\n<p>Happy Easter! <a href=\"https:\/\/t.co\/SIhU9gYQl2\">pic.twitter.com\/SIhU9gYQl2<\/a><\/p>\n<p>\u2014 Vice President JD Vance (@VP) <a href=\"https:\/\/twitter.com\/VP\/status\/1913977824739729459?ref_src=twsrc%5Etfw\">April 20, 2025<\/a><\/p><\/blockquote>\n<\/div>\n<\/figure>\n<p>Jorge Mario Bergoglio, o papa Francisco, morreu aos 88 anos\u00a0\u00e0s 7h35 pelo hor\u00e1rio local (2h35 pelo hor\u00e1rio de Bras\u00edlia) desta segunda-feira, 21. As informa\u00e7\u00f5es foram confirmadas pelo Vaticano. O pont\u00edfice ocupou o cargo m\u00e1ximo da Igreja Cat\u00f3lica por 12 anos.<\/p>\n<p>\u201cO Bispo de Roma, Francisco, retornou \u00e0 casa do Pai. Toda a sua vida foi dedicada ao servi\u00e7o do Senhor e de Sua Igreja. Ele nos ensinou a viver os valores do Evangelho com fidelidade, coragem e amor universal, especialmente em favor dos mais pobres e marginalizados. Com imensa gratid\u00e3o por seu exemplo como verdadeiro disc\u00edpulo do Senhor Jesus, recomendamos a alma do Papa Francisco ao infinito amor misericordioso do Deus Trino\u201d, diz comunicado oficial do Vaticano.<\/p>\n<\/p><\/div>\n<p><script async src=\"\/\/platform.twitter.com\/widgets.js\" charset=\"utf-8\"><\/script><br \/>\n<br \/><br \/>\n<br \/>Fonte: <a href=\"https:\/\/revistaoeste.com\/mundo\/papa-estava-visivelmente-muito-doente-diz-vice-presidente-dos-eua\/\">Revista Oeste<\/a><\/p>\n","protected":false},"excerpt":{"rendered":"<p>O vice-presidente dos Estados Unidos, JD Vance, que se encontrou com o papa Francisco horas antes de sua morte, disse estar \u2018feliz\u201d em ver o pont\u00edfice no domingo de P\u00e1scoa, \u201cembora ele estivesse obviamente muito doente\u201d. + Leia mais not\u00edcias de Mundo em Oeste \u201cAcabei de saber do falecimento do Papa Francisco. Meu cora\u00e7\u00e3o est\u00e1 [&hellip;]<\/p>\n","protected":false},"author":5,"featured_media":14394,"comment_status":"open","ping_status":"open","sticky":false,"template":"","format":"standard","meta":{"_seopress_robots_primary_cat":"","_seopress_titles_title":"","_seopress_titles_desc":"","_seopress_robots_index":"","footnotes":""},"categories":[48],"tags":[],"class_list":["post-14393","post","type-post","status-publish","format-standard","has-post-thumbnail","hentry","category-internacional"],"_links":{"self":[{"href":"https:\/\/mussicom.com\/noticias\/wp-json\/wp\/v2\/posts\/14393","targetHints":{"allow":["GET"]}}],"collection":[{"href":"https:\/\/mussicom.com\/noticias\/wp-json\/wp\/v2\/posts"}],"about":[{"href":"https:\/\/mussicom.com\/noticias\/wp-json\/wp\/v2\/types\/post"}],"author":[{"embeddable":true,"href":"https:\/\/mussicom.com\/noticias\/wp-json\/wp\/v2\/users\/5"}],"replies":[{"embeddable":true,"href":"https:\/\/mussicom.com\/noticias\/wp-json\/wp\/v2\/comments?post=14393"}],"version-history":[{"count":0,"href":"https:\/\/mussicom.com\/noticias\/wp-json\/wp\/v2\/posts\/14393\/revisions"}],"wp:featuredmedia":[{"embeddable":true,"href":"https:\/\/mussicom.com\/noticias\/wp-json\/wp\/v2\/media\/14394"}],"wp:attachment":[{"href":"https:\/\/mussicom.com\/noticias\/wp-json\/wp\/v2\/media?parent=14393"}],"wp:term":[{"taxonomy":"category","embeddable":true,"href":"https:\/\/mussicom.com\/noticias\/wp-json\/wp\/v2\/categories?post=14393"},{"taxonomy":"post_tag","embeddable":true,"href":"https:\/\/mussicom.com\/noticias\/wp-json\/wp\/v2\/tags?post=14393"}],"curies":[{"name":"wp","href":"https:\/\/api.w.org\/{rel}","templated":true}]}}