{"id":14385,"date":"2025-04-21T07:15:38","date_gmt":"2025-04-21T10:15:38","guid":{"rendered":"https:\/\/www.mussicom.com\/caixao-mais-simples-e-sepultamento-em-roma-como-deve-ser-a-despedida-de-francisco\/"},"modified":"2025-04-21T07:15:38","modified_gmt":"2025-04-21T10:15:38","slug":"caixao-mais-simples-e-sepultamento-em-roma-como-deve-ser-a-despedida-de-francisco","status":"publish","type":"post","link":"https:\/\/mussicom.com\/noticias\/caixao-mais-simples-e-sepultamento-em-roma-como-deve-ser-a-despedida-de-francisco\/","title":{"rendered":"Caix\u00e3o mais simples e sepultamento em Roma: como deve ser a despedida de Francisco"},"content":{"rendered":"<p> <br \/>\n<\/p>\n<div><\/p>\n<div>Em 2024, o papa Francisco aprovou simplifica\u00e7\u00f5es no rito funer\u00e1rio papal; ele tamb\u00e9m escolheu ser sepultado na Bas\u00edlica de Santa Maria Maior<\/div>\n<\/div>\n<p><br \/>\n<br \/>Fonte: <a href=\"https:\/\/www.gazetadopovo.com.br\/mundo\/caixao-mais-simples-e-sepultamento-em-roma-como-sera-a-despedida-de-francisco\/\">Revista Oeste<\/a><\/p>\n","protected":false},"excerpt":{"rendered":"<p>Em 2024, o papa Francisco aprovou simplifica\u00e7\u00f5es no rito funer\u00e1rio papal; ele tamb\u00e9m escolheu ser sepultado na Bas\u00edlica de Santa Maria Maior Fonte: Revista Oeste<\/p>\n","protected":false},"author":5,"featured_media":14386,"comment_status":"open","ping_status":"open","sticky":false,"template":"","format":"standard","meta":{"_seopress_robots_primary_cat":"","_seopress_titles_title":"","_seopress_titles_desc":"","_seopress_robots_index":"","footnotes":""},"categories":[1],"tags":[],"class_list":["post-14385","post","type-post","status-publish","format-standard","has-post-thumbnail","hentry","category-ultimas-noticias"],"_links":{"self":[{"href":"https:\/\/mussicom.com\/noticias\/wp-json\/wp\/v2\/posts\/14385","targetHints":{"allow":["GET"]}}],"collection":[{"href":"https:\/\/mussicom.com\/noticias\/wp-json\/wp\/v2\/posts"}],"about":[{"href":"https:\/\/mussicom.com\/noticias\/wp-json\/wp\/v2\/types\/post"}],"author":[{"embeddable":true,"href":"https:\/\/mussicom.com\/noticias\/wp-json\/wp\/v2\/users\/5"}],"replies":[{"embeddable":true,"href":"https:\/\/mussicom.com\/noticias\/wp-json\/wp\/v2\/comments?post=14385"}],"version-history":[{"count":0,"href":"https:\/\/mussicom.com\/noticias\/wp-json\/wp\/v2\/posts\/14385\/revisions"}],"wp:featuredmedia":[{"embeddable":true,"href":"https:\/\/mussicom.com\/noticias\/wp-json\/wp\/v2\/media\/14386"}],"wp:attachment":[{"href":"https:\/\/mussicom.com\/noticias\/wp-json\/wp\/v2\/media?parent=14385"}],"wp:term":[{"taxonomy":"category","embeddable":true,"href":"https:\/\/mussicom.com\/noticias\/wp-json\/wp\/v2\/categories?post=14385"},{"taxonomy":"post_tag","embeddable":true,"href":"https:\/\/mussicom.com\/noticias\/wp-json\/wp\/v2\/tags?post=14385"}],"curies":[{"name":"wp","href":"https:\/\/api.w.org\/{rel}","templated":true}]}}