{"id":14367,"date":"2025-04-21T01:12:48","date_gmt":"2025-04-21T04:12:48","guid":{"rendered":"https:\/\/www.mussicom.com\/milei-quer-transformar-a-argentina-em-uma-economia-normal\/"},"modified":"2025-04-21T01:12:48","modified_gmt":"2025-04-21T04:12:48","slug":"milei-quer-transformar-a-argentina-em-uma-economia-normal","status":"publish","type":"post","link":"https:\/\/mussicom.com\/noticias\/milei-quer-transformar-a-argentina-em-uma-economia-normal\/","title":{"rendered":"Milei quer transformar a Argentina em uma economia normal"},"content":{"rendered":"<p> <br \/>\n<\/p>\n<div id=\"hd80s9wa1h892edh8192\">\n<p>O presidente da <strong>Argentina<\/strong>, Javier Milei, nunca esteve t\u00e3o perto de transformar seu pa\u00eds em uma economia normal. \u00c9 o que afirma um artigo publicado na revista brit\u00e2nica <em>The Economist<\/em>, na \u00faltima segunda-feira, 14.<\/p>\n<p><strong>+ Leia mais not\u00edcias do Mundo em Oeste<\/strong><\/p>\n<p>Milei deixou claro a confian\u00e7a que sente em rela\u00e7\u00e3o ao crescimento econ\u00f4mico da Argentina durante um pronunciamento feito em 11 de abril. Na ocasi\u00e3o, ele afirmou que, \u201cem vez de falar sobre o crescimento chin\u00eas, em breve o mundo falar\u00e1 sobre o crescimento argentino\u201d.<\/p>\n<h2 class=\"wp-block-heading\">O objetivo de Milei<\/h2>\n<p>Com o objetivo de transformar a Argentina em um pa\u00eds est\u00e1vel economicamente, Milei anunciou um plano econ\u00f4mico de US$ 20 milh\u00f5es. A a\u00e7\u00e3o foi idealizada em parceria com o <strong>Fundo Monet\u00e1rio Internacional<\/strong>.<\/p>\n<figure class=\"wp-block-image aligncenter size-full\"><picture><source data-srcset=\"https:\/\/medias.revistaoeste.com\/wp-content\/uploads\/2025\/02\/Argentina.jpg.webp 872w, https:\/\/medias.revistaoeste.com\/wp-content\/uploads\/2025\/02\/Argentina-300x199.jpg.webp 300w, https:\/\/medias.revistaoeste.com\/wp-content\/uploads\/2025\/02\/Argentina-150x99.jpg.webp 150w\" data-sizes=\"(max-width: 872px) 100vw, 872px\" type=\"image\/webp\"><img fetchpriority=\"high\" decoding=\"async\" width=\"872\" height=\"577\" src=\"https:\/\/medias.revistaoeste.com\/wp-content\/uploads\/2025\/02\/Argentina.jpg\" alt=\"Javier Milei fez mudan\u00e7as significativas na Argentina, com o objetivo de tirar o peso do Estado de cima da popula\u00e7\u00e3o | Foto: Reprodu\u00e7\u00e3o\/Twitter\/X\/@Pascal_Beuvelet\" class=\"wp-image-1874639\" srcset=\"https:\/\/medias.revistaoeste.com\/wp-content\/uploads\/2025\/02\/Argentina.jpg 872w, https:\/\/medias.revistaoeste.com\/wp-content\/uploads\/2025\/02\/Argentina-300x199.jpg 300w, https:\/\/medias.revistaoeste.com\/wp-content\/uploads\/2025\/02\/Argentina-150x99.jpg 150w\" sizes=\"(max-width: 872px) 100vw, 872px\" data-eio=\"p\"\/><\/source><\/picture><figcaption class=\"wp-element-caption\">Javier Milei fez mudan\u00e7as significativas na Argentina, com o objetivo de tirar o peso do Estado de cima da popula\u00e7\u00e3o | Foto: Reprodu\u00e7\u00e3o\/Twitter\/X\/@Pascal_Beuvelet<\/figcaption><\/figure>\n<p>As medidas incluem a redu\u00e7\u00e3o de controles de capital e a transi\u00e7\u00e3o para uma taxa de c\u00e2mbio mais flex\u00edvel. O artigo lembra que Milei encontrou um cen\u00e1rio econ\u00f4mico complexo quando assumiu o mandato.<\/p>\n<figure class=\"wp-block-embed is-type-video is-provider-youtube wp-block-embed-youtube wp-embed-aspect-16-9 wp-has-aspect-ratio\">\n<div class=\"wp-block-embed__wrapper\">\n<div class=\"perfmatters-lazy-youtube\" data-src=\"https:\/\/www.youtube.com\/embed\/SPQw1lp8IzA\" data-id=\"SPQw1lp8IzA\" data-query=\"feature=oembed\" onclick=\"perfmattersLazyLoadYouTube(this);\">\n<div><img decoding=\"async\" alt=\"YouTube video\" width=\"480\" height=\"360\" data-pin-nopin=\"true\" nopin=\"nopin\" class=\"perfmatters-lazy\" src=\"https:\/\/i.ytimg.com\/vi\/SPQw1lp8IzA\/hqdefault.jpg\"\/><img decoding=\"async\" src=\"https:\/\/i.ytimg.com\/vi\/SPQw1lp8IzA\/hqdefault.jpg\" alt=\"YouTube video\" width=\"480\" height=\"360\" data-pin-nopin=\"true\" nopin=\"nopin\"\/><\/div>\n<\/div>\n<p><noscript><iframe title=\"&quot;El mundo hablar\u00e1 de crecer a tasas argentinas&quot; dijo Milei\" width=\"800\" height=\"450\" src=\"https:\/\/www.youtube.com\/embed\/SPQw1lp8IzA?feature=oembed\" frameborder=\"0\" allow=\"accelerometer; autoplay; clipboard-write; encrypted-media; gyroscope; picture-in-picture; web-share\" referrerpolicy=\"strict-origin-when-cross-origin\" allowfullscreen><\/iframe><\/noscript>\n<\/div>\n<\/figure>\n<p>Os gastos governamentais, por exemplo, eram elevados e a infla\u00e7\u00e3o crescente. Para solucionar o problema, o presidente argentino cortou os gastos de imediato. <\/p>\n<p>A medida resultou em uma queda acentuada da infla\u00e7\u00e3o. O artigo publicado no <em>The Economist <\/em>afirma que a recess\u00e3o profunda, que antes dominava o pa\u00eds, agora cede espa\u00e7o a um forte crescimento econ\u00f4mico.<\/p>\n<h2 class=\"wp-block-heading\">Governo argentino reduz a taxa de pobreza\u00a0<\/h2>\n<p>A taxa de pobreza, que havia subido para 53% no come\u00e7o de 2024, foi reduzida para 38%. Trata-se de uma melhora significativa em rela\u00e7\u00e3o ao come\u00e7o da gest\u00e3o Milei.<\/p>\n<figure class=\"wp-block-embed is-type-video is-provider-youtube wp-block-embed-youtube wp-embed-aspect-16-9 wp-has-aspect-ratio\">\n<div class=\"wp-block-embed__wrapper\">\n<div class=\"perfmatters-lazy-youtube\" data-src=\"https:\/\/www.youtube.com\/embed\/xHgrotm4D20\" data-id=\"xHgrotm4D20\" data-query=\"feature=oembed\" onclick=\"perfmattersLazyLoadYouTube(this);\">\n<div><img loading=\"lazy\" decoding=\"async\" alt=\"YouTube video\" width=\"480\" height=\"360\" data-pin-nopin=\"true\" nopin=\"nopin\" class=\"perfmatters-lazy\" src=\"https:\/\/i.ytimg.com\/vi\/xHgrotm4D20\/hqdefault.jpg\"\/><img loading=\"lazy\" decoding=\"async\" src=\"https:\/\/i.ytimg.com\/vi\/xHgrotm4D20\/hqdefault.jpg\" alt=\"YouTube video\" width=\"480\" height=\"360\" data-pin-nopin=\"true\" nopin=\"nopin\"\/><\/div>\n<\/div>\n<p><noscript><iframe title=\"Canetada de Milei no &#039;STF argentino&#039; enfurece \u00f3rg\u00e3o woke: &#039;Ataque grave \u00e0 independ\u00eancia da Corte&#039;\" width=\"800\" height=\"450\" src=\"https:\/\/www.youtube.com\/embed\/xHgrotm4D20?feature=oembed\" frameborder=\"0\" allow=\"accelerometer; autoplay; clipboard-write; encrypted-media; gyroscope; picture-in-picture; web-share\" referrerpolicy=\"strict-origin-when-cross-origin\" allowfullscreen><\/iframe><\/noscript>\n<\/div>\n<\/figure>\n<p>O artigo publicado na <em>The Economist<\/em> ainda afirma que o presidente argentino v\u00ea sua popularidade ligada diretamente \u00e0 capacidade de controlar os problemas econ\u00f4micos. \u201cSe a infla\u00e7\u00e3o n\u00e3o for controlada, poder\u00e1 impactar negativamente sua base de apoio antes das elei\u00e7\u00f5es de meio de mandato, em outubro.\u201d<\/p>\n<p><related-posts class=\"border-y border-gray-300 py-5\"><\/p>\n<h2 class=\"!text-2xl text-black font-primary font-semibold leading-none mb-3\">\n    Leia tamb\u00e9m:<br \/>\n  <\/h2>\n<p><\/related-posts><\/p><\/div>\n<p><br \/>\n<br \/>Fonte: <a href=\"https:\/\/revistaoeste.com\/mundo\/milei-quer-transformar-a-argentina-em-uma-economia-normal-afirma-ithe-economist-i\/\">Revista Oeste<\/a><\/p>\n","protected":false},"excerpt":{"rendered":"<p>O presidente da Argentina, Javier Milei, nunca esteve t\u00e3o perto de transformar seu pa\u00eds em uma economia normal. \u00c9 o que afirma um artigo publicado na revista brit\u00e2nica The Economist, na \u00faltima segunda-feira, 14. + Leia mais not\u00edcias do Mundo em Oeste Milei deixou claro a confian\u00e7a que sente em rela\u00e7\u00e3o ao crescimento econ\u00f4mico da [&hellip;]<\/p>\n","protected":false},"author":5,"featured_media":14368,"comment_status":"open","ping_status":"open","sticky":false,"template":"","format":"standard","meta":{"_seopress_robots_primary_cat":"","_seopress_titles_title":"","_seopress_titles_desc":"","_seopress_robots_index":"","footnotes":""},"categories":[48],"tags":[],"class_list":["post-14367","post","type-post","status-publish","format-standard","has-post-thumbnail","hentry","category-internacional"],"_links":{"self":[{"href":"https:\/\/mussicom.com\/noticias\/wp-json\/wp\/v2\/posts\/14367","targetHints":{"allow":["GET"]}}],"collection":[{"href":"https:\/\/mussicom.com\/noticias\/wp-json\/wp\/v2\/posts"}],"about":[{"href":"https:\/\/mussicom.com\/noticias\/wp-json\/wp\/v2\/types\/post"}],"author":[{"embeddable":true,"href":"https:\/\/mussicom.com\/noticias\/wp-json\/wp\/v2\/users\/5"}],"replies":[{"embeddable":true,"href":"https:\/\/mussicom.com\/noticias\/wp-json\/wp\/v2\/comments?post=14367"}],"version-history":[{"count":0,"href":"https:\/\/mussicom.com\/noticias\/wp-json\/wp\/v2\/posts\/14367\/revisions"}],"wp:featuredmedia":[{"embeddable":true,"href":"https:\/\/mussicom.com\/noticias\/wp-json\/wp\/v2\/media\/14368"}],"wp:attachment":[{"href":"https:\/\/mussicom.com\/noticias\/wp-json\/wp\/v2\/media?parent=14367"}],"wp:term":[{"taxonomy":"category","embeddable":true,"href":"https:\/\/mussicom.com\/noticias\/wp-json\/wp\/v2\/categories?post=14367"},{"taxonomy":"post_tag","embeddable":true,"href":"https:\/\/mussicom.com\/noticias\/wp-json\/wp\/v2\/tags?post=14367"}],"curies":[{"name":"wp","href":"https:\/\/api.w.org\/{rel}","templated":true}]}}