{"id":14345,"date":"2025-04-20T22:09:37","date_gmt":"2025-04-21T01:09:37","guid":{"rendered":"https:\/\/www.mussicom.com\/universitario-e-preso-por-incendiar-loja-da-tesla-nos-eua\/"},"modified":"2025-04-20T22:09:37","modified_gmt":"2025-04-21T01:09:37","slug":"universitario-e-preso-por-incendiar-loja-da-tesla-nos-eua","status":"publish","type":"post","link":"https:\/\/mussicom.com\/noticias\/universitario-e-preso-por-incendiar-loja-da-tesla-nos-eua\/","title":{"rendered":"Universit\u00e1rio \u00e9 preso por incendiar loja da Tesla nos EUA"},"content":{"rendered":"<p> <br \/>\n<\/p>\n<div id=\"hd80s9wa1h892edh8192\">\n<p>Um estudante universit\u00e1rio de 19 anos foi preso na \u00faltima sexta-feira, 18, acusado de incendiar uma concession\u00e1ria da Tesla em Kansas City, Estados Unidos. Owen McIntire, morador da cidade e matriculado em uma universidade p\u00fablica em Boston, compareceu pela primeira vez \u00e0 Justi\u00e7a para responder \u00e0s acusa\u00e7\u00f5es.<\/p>\n<p>De acordo com a den\u00fancia criminal apresentada no Distrito Oeste do Missouri e tornada p\u00fablica na \u00faltima sexta-feira, McIntire foi formalmente acusado de posse ilegal de dispositivo destrutivo n\u00e3o registrado e dano malicioso com uso de fogo a propriedade envolvida em com\u00e9rcio interestadual.<\/p>\n<p><strong>+ Leia mais not\u00edcias de\u00a0Mundo\u00a0em Oeste<\/strong><\/p>\n<p>O ataque ocorreu em 17 de mar\u00e7o, por volta das 23h16. Segundo o depoimento inclu\u00eddo na den\u00fancia, um policial do Departamento de Pol\u00edcia de Kansas City que estava nas proximidades do Tesla Center da cidade avistou fuma\u00e7a em um Cybertruck cinza estacionado no local.<\/p>\n<p>Nas imedia\u00e7\u00f5es, foi localizado um dispositivo incendi\u00e1rio n\u00e3o detonado \u2014 um <strong>coquetel molotov<\/strong>, segundo as autoridades. O fogo do primeiro ve\u00edculo se alastrou e atingiu um segundo Cybertruck. Os dois carros queimados estavam avaliados em R$ 600 mil cada, aproximadamente.<\/p>\n<figure class=\"wp-block-image aligncenter size-full is-resized\"><picture><source data-srcset=\"https:\/\/medias.revistaoeste.com\/wp-content\/uploads\/2025\/03\/incendio-tesla.jpeg.webp 800w, https:\/\/medias.revistaoeste.com\/wp-content\/uploads\/2025\/03\/incendio-tesla-300x200.jpeg.webp 300w, https:\/\/medias.revistaoeste.com\/wp-content\/uploads\/2025\/03\/incendio-tesla-150x100.jpeg.webp 150w\" data-sizes=\"(max-width: 800px) 100vw, 800px\" type=\"image\/webp\"><img fetchpriority=\"high\" decoding=\"async\" width=\"800\" height=\"533\" src=\"https:\/\/medias.revistaoeste.com\/wp-content\/uploads\/2025\/03\/incendio-tesla.jpeg\" alt=\"Incidente em concession\u00e1ria ocorreu nesta segunda-feira, 31 | Foto: Reprodu\u00e7\u00e3o\/Redes sociais\" class=\"wp-image-1942108\" style=\"width:772px;height:auto\" srcset=\"https:\/\/medias.revistaoeste.com\/wp-content\/uploads\/2025\/03\/incendio-tesla.jpeg 800w, https:\/\/medias.revistaoeste.com\/wp-content\/uploads\/2025\/03\/incendio-tesla-300x200.jpeg 300w, https:\/\/medias.revistaoeste.com\/wp-content\/uploads\/2025\/03\/incendio-tesla-150x100.jpeg 150w\" sizes=\"(max-width: 800px) 100vw, 800px\" data-eio=\"p\"\/><\/source><\/picture><figcaption class=\"wp-element-caption\">Incidente em concession\u00e1ria da Tesla | Foto: Reprodu\u00e7\u00e3o\/Redes sociais<\/figcaption><\/figure>\n<p>O inc\u00eandio tamb\u00e9m destruiu duas esta\u00e7\u00f5es de recarga para ve\u00edculos el\u00e9tricos, com valor estimado de R$ 3 mil cada. O Corpo de Bombeiros da cidade foi acionado e conseguiu controlar as chamas no local.<\/p>\n<p>\u201cEste \u00e9 o segundo suspeito preso esta semana por ataques contra a Tesla, isso refor\u00e7a que o FBI n\u00e3o vai tolerar esses atos destrutivos\u201d, declarou <strong>Kash Patel<\/strong>, diretor da ag\u00eancia federal de investiga\u00e7\u00e3o. \u201cEssas a\u00e7\u00f5es s\u00e3o perigosas, ilegais, e vamos prender os respons\u00e1veis.\u201d<\/p>\n<h2 class=\"wp-block-heading\">\u201cN\u00e3o vale a pena\u201d atacar a Tesla, diz Bondi<\/h2>\n<p>O caso tem mobilizado autoridades em n\u00edvel federal. \u201cDeixe-me ser extremamente clara com qualquer um que ainda pense em incendiar propriedades da Tesla: voc\u00ea ser\u00e1 preso, ser\u00e1 processado e passar\u00e1 d\u00e9cadas atr\u00e1s das grades\u201d, afirmou a procuradora-geral Pamela Bondi. \u201cN\u00e3o vale a pena.\u201d<\/p>\n<p>A ret\u00f3rica firme tamb\u00e9m foi ecoada por outros membros do Departamento de Justi\u00e7a. \u201cOs respons\u00e1veis por esses ataques violentos contra propriedades privadas enfrentar\u00e3o d\u00e9cadas de pris\u00e3o \u2014 n\u00e3o haver\u00e1 acordos nem negocia\u00e7\u00f5es\u201d, enfatizou o vice-procurador-geral Todd Blanche.<\/p>\n<p><related-posts class=\"border-y border-gray-300 py-5\"><\/p>\n<h2 class=\"!text-2xl text-black font-primary font-semibold leading-none mb-3\">\n    Leia mais:<br \/>\n  <\/h2>\n<p><\/related-posts><\/p>\n<p>Especialistas do Departamento de \u00c1lcool, Tabaco, Armas de Fogo e Explosivos tamb\u00e9m participaram da investiga\u00e7\u00e3o. Segundo o diretor interino Dan Driscoll, os agentes da ag\u00eancia conseguiram identificar e analisar os dispositivos usados no ataque. \u201cN\u00e3o foi vandalismo \u2014 foi um ato criminoso violento\u201d, garantiu.<\/p>\n<p>At\u00e9 o momento, ainda n\u00e3o h\u00e1 informa\u00e7\u00f5es sobre a vida pessoal de McIntire, como o curso universit\u00e1rio que frequentava, poss\u00edveis motiva\u00e7\u00f5es para o ataque ou se ele j\u00e1 possu\u00eda hist\u00f3rico de envolvimento com grupos extremistas.<\/p>\n<p><strong>Leia tamb\u00e9m:\u00a0\u201cJ\u00e1 encomendou seu rob\u00f4?\u201d, artigo de Dagomir Marquezi publicado na Edi\u00e7\u00e3o 264 da Revista Oeste<\/strong><\/p>\n<\/p><\/div>\n<p><br \/>\n<br \/>Fonte: <a href=\"https:\/\/revistaoeste.com\/mundo\/universitario-e-preso-por-incendiar-concessionaria-da-tesla-nos-eua\/\">Revista Oeste<\/a><\/p>\n","protected":false},"excerpt":{"rendered":"<p>Um estudante universit\u00e1rio de 19 anos foi preso na \u00faltima sexta-feira, 18, acusado de incendiar uma concession\u00e1ria da Tesla em Kansas City, Estados Unidos. Owen McIntire, morador da cidade e matriculado em uma universidade p\u00fablica em Boston, compareceu pela primeira vez \u00e0 Justi\u00e7a para responder \u00e0s acusa\u00e7\u00f5es. De acordo com a den\u00fancia criminal apresentada no [&hellip;]<\/p>\n","protected":false},"author":5,"featured_media":14346,"comment_status":"open","ping_status":"open","sticky":false,"template":"","format":"standard","meta":{"_seopress_robots_primary_cat":"","_seopress_titles_title":"","_seopress_titles_desc":"","_seopress_robots_index":"","footnotes":""},"categories":[48],"tags":[],"class_list":["post-14345","post","type-post","status-publish","format-standard","has-post-thumbnail","hentry","category-internacional"],"_links":{"self":[{"href":"https:\/\/mussicom.com\/noticias\/wp-json\/wp\/v2\/posts\/14345","targetHints":{"allow":["GET"]}}],"collection":[{"href":"https:\/\/mussicom.com\/noticias\/wp-json\/wp\/v2\/posts"}],"about":[{"href":"https:\/\/mussicom.com\/noticias\/wp-json\/wp\/v2\/types\/post"}],"author":[{"embeddable":true,"href":"https:\/\/mussicom.com\/noticias\/wp-json\/wp\/v2\/users\/5"}],"replies":[{"embeddable":true,"href":"https:\/\/mussicom.com\/noticias\/wp-json\/wp\/v2\/comments?post=14345"}],"version-history":[{"count":0,"href":"https:\/\/mussicom.com\/noticias\/wp-json\/wp\/v2\/posts\/14345\/revisions"}],"wp:featuredmedia":[{"embeddable":true,"href":"https:\/\/mussicom.com\/noticias\/wp-json\/wp\/v2\/media\/14346"}],"wp:attachment":[{"href":"https:\/\/mussicom.com\/noticias\/wp-json\/wp\/v2\/media?parent=14345"}],"wp:term":[{"taxonomy":"category","embeddable":true,"href":"https:\/\/mussicom.com\/noticias\/wp-json\/wp\/v2\/categories?post=14345"},{"taxonomy":"post_tag","embeddable":true,"href":"https:\/\/mussicom.com\/noticias\/wp-json\/wp\/v2\/tags?post=14345"}],"curies":[{"name":"wp","href":"https:\/\/api.w.org\/{rel}","templated":true}]}}