{"id":14309,"date":"2025-04-20T18:12:31","date_gmt":"2025-04-20T21:12:31","guid":{"rendered":"https:\/\/mussicom.com\/a-pergunta-de-bolsonaro-sobre-asilo-da-ex-primeira-dama-do-peru\/"},"modified":"2025-04-20T18:12:31","modified_gmt":"2025-04-20T21:12:31","slug":"a-pergunta-de-bolsonaro-sobre-asilo-da-ex-primeira-dama-do-peru","status":"publish","type":"post","link":"https:\/\/mussicom.com\/noticias\/a-pergunta-de-bolsonaro-sobre-asilo-da-ex-primeira-dama-do-peru\/","title":{"rendered":"A pergunta de Bolsonaro sobre asilo da ex-primeira-dama do Peru"},"content":{"rendered":"<p> <br \/>\n<\/p>\n<div id=\"hd80s9wa1h892edh8192\">\n<p>O ex-presidente Jair Bolsonaro fez uma pergunta, neste domingo, 20, sobre o asilo pol\u00edtico da ex-primeira-dama do Peru Nadine Heredia, concedido pelo governo Luiz In\u00e1cio Lula da Silva na \u00faltima ter\u00e7a-feira, 15. Ela foi condenada a 15 anos de pris\u00e3o por corrup\u00e7\u00e3o no pa\u00eds e solicitou o ref\u00fagio pol\u00edtico \u00e0 gest\u00e3o brasileira.<\/p>\n<p>\u201cCom esse asilo a jato, via <strong>For\u00e7a A\u00e9rea Brasileira<\/strong> (FAB), evita-se uma dela\u00e7\u00e3o (por corrup\u00e7\u00e3o) da ex-primeira-dama peruana?\u201d, indagou Bolsonaro na rede social X. \u201cSomente uma coincid\u00eancia di\u00e1ria.\u201d<\/p>\n<figure class=\"wp-block-embed is-type-rich is-provider-twitter wp-block-embed-twitter\">\n<div class=\"wp-block-embed__wrapper\">\n<blockquote class=\"twitter-tweet\" data-width=\"500\" data-dnt=\"true\">\n<p lang=\"pt\" dir=\"ltr\">\u2013 Com esse asilo a jato, via FAB, evita-se uma dela\u00e7\u00e3o (por corrup\u00e7\u00e3o) da ex-1\u00aa dama peruana?<\/p>\n<p>\u2013 Somente mais uma coincid\u00eancia di\u00e1ria! <a href=\"https:\/\/t.co\/0xWoOXpgWa\">pic.twitter.com\/0xWoOXpgWa<\/a><\/p>\n<p>\u2014 Jair M. Bolsonaro (@jairbolsonaro) <a href=\"https:\/\/twitter.com\/jairbolsonaro\/status\/1913987622529073160?ref_src=twsrc%5Etfw\">April 20, 2025<\/a><\/p><\/blockquote>\n<\/div>\n<\/figure>\n<p>Na publica\u00e7\u00e3o, o ex-presidente brasileiro compartilhou uma reportagem intitulada \u201c\u2018O acerto pra campanha de Humala foi com o Palocci e Lula\u2019, disse Marcelo Odebrecht\u201d. O caso se refere ao ex-presidente do Peru Ollanta Humala, marido de Nadine e tamb\u00e9m condenado por corrup\u00e7\u00e3o.<\/p>\n<p><strong>+ Leia mais not\u00edcias de Pol\u00edtica em Oeste<\/strong><\/p>\n<p>O empres\u00e1rio Marcelo Odebrecht, dono da Novonor (antigo Grupo Odebrecht), relacionou, em 2017, a corrup\u00e7\u00e3o no Peru a Lula e ao Partido dos Trabalhadores (PT). Humala recebeu dinheiro de propina enviado pela Odebrecht para financiar a campanha eleitoral no pa\u00eds. Em 2018, durante uma dela\u00e7\u00e3o premiada no \u00e2mbito da Opera\u00e7\u00e3o Lava Jato, Marcelo confessou o envio de cerca de US$ 3 milh\u00f5es ao pol\u00edtico peruano.<\/p>\n<h2 class=\"wp-block-heading\">Odebrecht enviou dinheiro ao Peru<\/h2>\n<p>O dono da Novonor explicou \u00e0 Pol\u00edcia Federal que realizava diversos pagamentos para pol\u00edticos no exterior porque era \u201cinteresse\u201d do PT. Ele contou que, al\u00e9m do presidente do Peru, foram enviados pagamentos para pessoas em El Salvador.<\/p>\n<p>Segundo o empres\u00e1rio, os envios eram negociados com Lula e com Antonio Palocci, ent\u00e3o ministro da Casa Civil, em 2011. A investiga\u00e7\u00e3o brasileira levou \u00e0 abertura de um inqu\u00e9rito no Peru, para investigar o recebimento de dinheiro do exterior.<\/p>\n<p>A Justi\u00e7a peruana condenou, na \u00faltima ter\u00e7a-feira, Humala e Nadine a 15 anos de pris\u00e3o por lavagem de dinheiro e por receber contribui\u00e7\u00f5es ilegais da construtora Odebrecht\u00a0e do governo venezuelano para suas campanhas eleitorais. O governo Lula concedeu asilo no mesmo dia em que a senten\u00e7a foi proferida.<\/p>\n<p>A ex-primeira-dama do Peru viajou ao Brasil logo depois de ser condenada \u2014 <strong>e em avi\u00e3o da For\u00e7a A\u00e9rea Brasileira<\/strong>. O Minist\u00e9rio da Justi\u00e7a brasileiro afirmou, em nota, que vai analisar o pedido de ref\u00fagio de Nadine e do filho de 14 anos, concedido pela Pol\u00edcia Federal.<\/p>\n<p><related-posts class=\"border-y border-gray-300 py-5\"><\/p>\n<h2 class=\"!text-2xl text-black font-primary font-semibold leading-none mb-3\">\n    Leia tamb\u00e9m:<br \/>\n  <\/h2>\n<p><\/related-posts><\/p><\/div>\n<p><script async src=\"\/\/platform.twitter.com\/widgets.js\" charset=\"utf-8\"><\/script><br \/>\n<br \/><br \/>\n<br \/>Fonte: <a href=\"https:\/\/revistaoeste.com\/politica\/a-pergunta-de-bolsonaro-sobre-o-asilo-politico-da-ex-primeira-dama-do-peru\/\">Ag\u00eancia Brasil<\/a><\/p>\n","protected":false},"excerpt":{"rendered":"<p>O ex-presidente Jair Bolsonaro fez uma pergunta, neste domingo, 20, sobre o asilo pol\u00edtico da ex-primeira-dama do Peru Nadine Heredia, concedido pelo governo Luiz In\u00e1cio Lula da Silva na \u00faltima ter\u00e7a-feira, 15. Ela foi condenada a 15 anos de pris\u00e3o por corrup\u00e7\u00e3o no pa\u00eds e solicitou o ref\u00fagio pol\u00edtico \u00e0 gest\u00e3o brasileira. \u201cCom esse asilo [&hellip;]<\/p>\n","protected":false},"author":5,"featured_media":14310,"comment_status":"open","ping_status":"open","sticky":false,"template":"","format":"standard","meta":{"_seopress_robots_primary_cat":"","_seopress_titles_title":"","_seopress_titles_desc":"","_seopress_robots_index":"","footnotes":""},"categories":[47,1],"tags":[],"class_list":["post-14309","post","type-post","status-publish","format-standard","has-post-thumbnail","hentry","category-politica","category-ultimas-noticias"],"_links":{"self":[{"href":"https:\/\/mussicom.com\/noticias\/wp-json\/wp\/v2\/posts\/14309","targetHints":{"allow":["GET"]}}],"collection":[{"href":"https:\/\/mussicom.com\/noticias\/wp-json\/wp\/v2\/posts"}],"about":[{"href":"https:\/\/mussicom.com\/noticias\/wp-json\/wp\/v2\/types\/post"}],"author":[{"embeddable":true,"href":"https:\/\/mussicom.com\/noticias\/wp-json\/wp\/v2\/users\/5"}],"replies":[{"embeddable":true,"href":"https:\/\/mussicom.com\/noticias\/wp-json\/wp\/v2\/comments?post=14309"}],"version-history":[{"count":0,"href":"https:\/\/mussicom.com\/noticias\/wp-json\/wp\/v2\/posts\/14309\/revisions"}],"wp:featuredmedia":[{"embeddable":true,"href":"https:\/\/mussicom.com\/noticias\/wp-json\/wp\/v2\/media\/14310"}],"wp:attachment":[{"href":"https:\/\/mussicom.com\/noticias\/wp-json\/wp\/v2\/media?parent=14309"}],"wp:term":[{"taxonomy":"category","embeddable":true,"href":"https:\/\/mussicom.com\/noticias\/wp-json\/wp\/v2\/categories?post=14309"},{"taxonomy":"post_tag","embeddable":true,"href":"https:\/\/mussicom.com\/noticias\/wp-json\/wp\/v2\/tags?post=14309"}],"curies":[{"name":"wp","href":"https:\/\/api.w.org\/{rel}","templated":true}]}}