{"id":14255,"date":"2025-04-20T12:59:40","date_gmt":"2025-04-20T15:59:40","guid":{"rendered":"https:\/\/www.mussicom.com\/venezuelanos-lideram-pedidos-de-asilo-na-uniao-europeia\/"},"modified":"2025-04-20T12:59:40","modified_gmt":"2025-04-20T15:59:40","slug":"venezuelanos-lideram-pedidos-de-asilo-na-uniao-europeia","status":"publish","type":"post","link":"https:\/\/mussicom.com\/noticias\/venezuelanos-lideram-pedidos-de-asilo-na-uniao-europeia\/","title":{"rendered":"Venezuelanos lideram pedidos de asilo na Uni\u00e3o Europeia"},"content":{"rendered":"<p> <br \/>\n<\/p>\n<div id=\"hd80s9wa1h892edh8192\">\n<p>Os venezuelanos ultrapassaram, pela primeira vez desde maio de 2022, os s\u00edrios como o maior grupo de solicitantes de asilo na Uni\u00e3o Europeia (UE). O dado, divulgado pelo bloco na \u00faltima ter\u00e7a-feira, 15, revela que 8,3 mil venezuelanos entraram com pedido de prote\u00e7\u00e3o internacional em janeiro de 2025, mais do que os 7 mil s\u00edrios e os 5,6 mil afeg\u00e3os.<\/p>\n<p>O dado chama aten\u00e7\u00e3o por destacar uma mudan\u00e7a no perfil dos solicitantes de asilo, com o maior n\u00famero de pedidos oriundo de um pa\u00eds que n\u00e3o est\u00e1 em guerra declarada, mas que enfrenta uma prolongada crise econ\u00f4mica, instabilidade pol\u00edtica e dificuldades sociais.<\/p>\n<p><strong>+ Leia mais not\u00edcias de\u00a0Mundo\u00a0em Oeste<\/strong><\/p>\n<p>A troca de posi\u00e7\u00f5es evidencia uma mudan\u00e7a no perfil dos refugiados que chegam ao continente europeu e revela o peso crescente do \u00eaxodo provocado por regimes totalit\u00e1rios e n\u00e3o apenas por conflitos armados tradicionais.<\/p>\n<p>No total, 66,8 mil pessoas pediram asilo pela primeira vez na UE em janeiro de 2025, o que representa um aumento de 8% em rela\u00e7\u00e3o a dezembro de 2024. Os principais destinos seguem os grandes pa\u00edses receptores: somente Alemanha, Espanha, Fran\u00e7a, It\u00e1lia e Gr\u00e9cia concentraram 84% de todos os pedidos.<\/p>\n<figure class=\"wp-block-image aligncenter size-full is-resized\"><picture><source data-srcset=\"https:\/\/medias.revistaoeste.com\/wp-content\/uploads\/2024\/10\/European-Council.jpg.webp 275w, https:\/\/medias.revistaoeste.com\/wp-content\/uploads\/2024\/10\/European-Council-150x100.jpg.webp 150w\" data-sizes=\"(max-width: 275px) 100vw, 275px\" type=\"image\/webp\"><img fetchpriority=\"high\" decoding=\"async\" width=\"275\" height=\"183\" src=\"https:\/\/medias.revistaoeste.com\/wp-content\/uploads\/2024\/10\/European-Council.jpg\" alt=\"Uni\u00e3o Europeia | Foto: divulga\u00e7\u00e3o\" class=\"wp-image-1677985\" style=\"width:767px;height:auto\" srcset=\"https:\/\/medias.revistaoeste.com\/wp-content\/uploads\/2024\/10\/European-Council.jpg 275w, https:\/\/medias.revistaoeste.com\/wp-content\/uploads\/2024\/10\/European-Council-150x100.jpg 150w\" sizes=\"(max-width: 275px) 100vw, 275px\" data-eio=\"p\"\/><\/source><\/picture><figcaption class=\"wp-element-caption\">A Uni\u00e3o Europeia \u00e9 o principal bloco econ\u00f4mico do mundo | Foto: divulga\u00e7\u00e3o<\/figcaption><\/figure>\n<p>No entanto, quando analisado o n\u00famero proporcional \u00e0 popula\u00e7\u00e3o, a Gr\u00e9cia lidera com 50 requerentes por 100 mil habitantes, seguida de Luxemburgo e Espanha, o que demonstra como pa\u00edses de menor porte sentem mais intensamente a press\u00e3o migrat\u00f3ria.<\/p>\n<p>Outro dado que evidencia a gravidade da situa\u00e7\u00e3o humanit\u00e1ria \u00e9 o n\u00famero de menores desacompanhados. Em janeiro, 2,1 mil crian\u00e7as e adolescentes solicitaram asilo sem a presen\u00e7a de respons\u00e1veis legais. Egito, S\u00edria e Afeganist\u00e3o foram as principais origens desses jovens vulner\u00e1veis, com destinos a Alemanha, Gr\u00e9cia e Espanha.<\/p>\n<p><related-posts class=\"border-y border-gray-300 py-5\"><\/p>\n<h2 class=\"!text-2xl text-black font-primary font-semibold leading-none mb-3\">\n    Leia mais:<br \/>\n  <\/h2>\n<p><\/related-posts><\/p>\n<h2 class=\"wp-block-heading\">Maduro decreta estado de emerg\u00eancia aos venezuelanos<\/h2>\n<p>A crise econ\u00f4mica na Venezuela atingiu um novo patamar neste m\u00eas. No dia 8 de abril, o ditador Nicol\u00e1s Maduro assinou um decreto que imp\u00f5e <strong>estado de emerg\u00eancia <\/strong><strong>econ\u00f4mica<\/strong> em todo o pa\u00eds. A decis\u00e3o tem validade de 60 dias.<\/p>\n<p>Em discurso transmitido pela TV estatal, Maduro justificou o decreto como necess\u00e1rio para manter a \u201cestabilidade econ\u00f4mica\u201d do pa\u00eds e acusou os Estados Unidos de liderarem uma guerra comercial global ao aplicar tarifas de 15% sobre produtos venezuelanos.<\/p>\n<p>Nas \u00faltimas semanas, o presidente norte-americano, Donald Trump, ampliou a press\u00e3o sobre o regime chavista. Entre as novas medidas, amea\u00e7ou impor tarifas de 25% a pa\u00edses que comprarem petr\u00f3leo da Venezuela e suspendeu permiss\u00f5es para que companhias estrangeiras atuem no setor energ\u00e9tico venezuelano.<\/p>\n<figure class=\"wp-block-image aligncenter size-full is-resized\"><picture><source data-srcset=\"https:\/\/medias.revistaoeste.com\/wp-content\/uploads\/2025\/03\/maduro1.jpg.webp 916w, https:\/\/medias.revistaoeste.com\/wp-content\/uploads\/2025\/03\/maduro1-300x169.jpg.webp 300w, https:\/\/medias.revistaoeste.com\/wp-content\/uploads\/2025\/03\/maduro1-400x225.jpg.webp 400w, https:\/\/medias.revistaoeste.com\/wp-content\/uploads\/2025\/03\/maduro1-216x121.jpg.webp 216w, https:\/\/medias.revistaoeste.com\/wp-content\/uploads\/2025\/03\/maduro1-150x84.jpg.webp 150w\" data-sizes=\"(max-width: 916px) 100vw, 916px\" type=\"image\/webp\"><img decoding=\"async\" width=\"916\" height=\"516\" alt=\"Maduro\" class=\"wp-image-1921229 perfmatters-lazy\" style=\"width:768px;height:auto\" data-eio=\"p\" src=\"https:\/\/medias.revistaoeste.com\/wp-content\/uploads\/2025\/03\/maduro1.jpg\" srcset=\"https:\/\/medias.revistaoeste.com\/wp-content\/uploads\/2025\/03\/maduro1.jpg 916w, https:\/\/medias.revistaoeste.com\/wp-content\/uploads\/2025\/03\/maduro1-300x169.jpg 300w, https:\/\/medias.revistaoeste.com\/wp-content\/uploads\/2025\/03\/maduro1-400x225.jpg 400w, https:\/\/medias.revistaoeste.com\/wp-content\/uploads\/2025\/03\/maduro1-216x121.jpg 216w, https:\/\/medias.revistaoeste.com\/wp-content\/uploads\/2025\/03\/maduro1-150x84.jpg 150w\" data-sizes=\"(max-width: 916px) 100vw, 916px\"\/><img decoding=\"async\" width=\"916\" height=\"516\" src=\"https:\/\/medias.revistaoeste.com\/wp-content\/uploads\/2025\/03\/maduro1.jpg\" alt=\"Maduro\" class=\"wp-image-1921229\" style=\"width:768px;height:auto\" srcset=\"https:\/\/medias.revistaoeste.com\/wp-content\/uploads\/2025\/03\/maduro1.jpg 916w, https:\/\/medias.revistaoeste.com\/wp-content\/uploads\/2025\/03\/maduro1-300x169.jpg 300w, https:\/\/medias.revistaoeste.com\/wp-content\/uploads\/2025\/03\/maduro1-400x225.jpg 400w, https:\/\/medias.revistaoeste.com\/wp-content\/uploads\/2025\/03\/maduro1-216x121.jpg 216w, https:\/\/medias.revistaoeste.com\/wp-content\/uploads\/2025\/03\/maduro1-150x84.jpg 150w\" sizes=\"(max-width: 916px) 100vw, 916px\" data-eio=\"p\"\/><\/source><\/picture><figcaption class=\"wp-element-caption\">Maduro fez o an\u00fancio na TV estatal venezuelana | Foto: Reprodu\u00e7\u00e3o\/X<\/figcaption><\/figure>\n<p>Com o decreto, Maduro assume poderes extraordin\u00e1rios. A partir da publica\u00e7\u00e3o oficial, o presidente poder\u00e1 intervir diretamente na economia sem consultar o Parlamento. A medida permite a cria\u00e7\u00e3o de normas tempor\u00e1rias, com o argumento de estabilizar o mercado interno e proteger a produ\u00e7\u00e3o nacional.<\/p>\n<p>O governo passar\u00e1 a aplicar impostos adicionais, combater evas\u00e3o fiscal e impor cotas m\u00ednimas de consumo para produtos venezuelanos. A meta oficial \u00e9 reduzir a depend\u00eancia de importa\u00e7\u00f5es e controlar o <strong>fluxo cambial<\/strong>.<\/p>\n<p>Al\u00e9m das \u00e1reas econ\u00f4micas, o texto concede a Maduro liberdade para conduzir a\u00e7\u00f5es sociais e pol\u00edticas durante o per\u00edodo de exce\u00e7\u00e3o. Na pr\u00e1tica, o chavista passa a governar com carta branca e pode tomar decis\u00f5es unilaterais sob a justificativa de emerg\u00eancia.<\/p>\n<p><strong>Leia tamb\u00e9m:\u00a0\u201cLiga\u00e7\u00f5es cabulosas\u201d, reportagem de Silvio Navarro publicada na Edi\u00e7\u00e3o 158 da Revista Oeste<\/strong><\/p>\n<\/p><\/div>\n<p><br \/>\n<br \/>Fonte: <a href=\"https:\/\/revistaoeste.com\/mundo\/venezuelanos-lideram-pedidos-de-asilo-na-uniao-europeia-pela-1a-vez-desde-2022\/\">Revista Oeste<\/a><\/p>\n","protected":false},"excerpt":{"rendered":"<p>Os venezuelanos ultrapassaram, pela primeira vez desde maio de 2022, os s\u00edrios como o maior grupo de solicitantes de asilo na Uni\u00e3o Europeia (UE). O dado, divulgado pelo bloco na \u00faltima ter\u00e7a-feira, 15, revela que 8,3 mil venezuelanos entraram com pedido de prote\u00e7\u00e3o internacional em janeiro de 2025, mais do que os 7 mil s\u00edrios [&hellip;]<\/p>\n","protected":false},"author":5,"featured_media":14256,"comment_status":"open","ping_status":"open","sticky":false,"template":"","format":"standard","meta":{"_seopress_robots_primary_cat":"","_seopress_titles_title":"","_seopress_titles_desc":"","_seopress_robots_index":"","footnotes":""},"categories":[48],"tags":[],"class_list":["post-14255","post","type-post","status-publish","format-standard","has-post-thumbnail","hentry","category-internacional"],"_links":{"self":[{"href":"https:\/\/mussicom.com\/noticias\/wp-json\/wp\/v2\/posts\/14255","targetHints":{"allow":["GET"]}}],"collection":[{"href":"https:\/\/mussicom.com\/noticias\/wp-json\/wp\/v2\/posts"}],"about":[{"href":"https:\/\/mussicom.com\/noticias\/wp-json\/wp\/v2\/types\/post"}],"author":[{"embeddable":true,"href":"https:\/\/mussicom.com\/noticias\/wp-json\/wp\/v2\/users\/5"}],"replies":[{"embeddable":true,"href":"https:\/\/mussicom.com\/noticias\/wp-json\/wp\/v2\/comments?post=14255"}],"version-history":[{"count":0,"href":"https:\/\/mussicom.com\/noticias\/wp-json\/wp\/v2\/posts\/14255\/revisions"}],"wp:featuredmedia":[{"embeddable":true,"href":"https:\/\/mussicom.com\/noticias\/wp-json\/wp\/v2\/media\/14256"}],"wp:attachment":[{"href":"https:\/\/mussicom.com\/noticias\/wp-json\/wp\/v2\/media?parent=14255"}],"wp:term":[{"taxonomy":"category","embeddable":true,"href":"https:\/\/mussicom.com\/noticias\/wp-json\/wp\/v2\/categories?post=14255"},{"taxonomy":"post_tag","embeddable":true,"href":"https:\/\/mussicom.com\/noticias\/wp-json\/wp\/v2\/tags?post=14255"}],"curies":[{"name":"wp","href":"https:\/\/api.w.org\/{rel}","templated":true}]}}