{"id":14231,"date":"2025-04-20T10:57:39","date_gmt":"2025-04-20T13:57:39","guid":{"rendered":"https:\/\/www.mussicom.com\/advogado-da-ex-primeira-dama-do-peru-comenta-uso-da-fab\/"},"modified":"2025-04-20T10:57:39","modified_gmt":"2025-04-20T13:57:39","slug":"advogado-da-ex-primeira-dama-do-peru-comenta-uso-da-fab","status":"publish","type":"post","link":"https:\/\/mussicom.com\/noticias\/advogado-da-ex-primeira-dama-do-peru-comenta-uso-da-fab\/","title":{"rendered":"Advogado da ex-primeira-dama do Peru comenta uso da FAB"},"content":{"rendered":"<p> <br \/>\n<\/p>\n<div id=\"hd80s9wa1h892edh8192\">\n<p>A rela\u00e7\u00e3o de Nadine Heredia, ex-primeira-dama do Peru condenada a 15 anos de pris\u00e3o por corrup\u00e7\u00e3o, com o Partido dos Trabalhadores (PT) vai al\u00e9m da concess\u00e3o do asilo pol\u00edtico no Brasil pelo presidente Luiz In\u00e1cio Lula da Silva. Um petista \u00e9 o advogado dela no pa\u00eds.<\/p>\n<p>A defesa de Nadine tem comando de Marco Aur\u00e9lio de Carvalho. Filiado ao PT, ele \u00e9 coordenador do Prerrogativas, grupo que apoia publicamente Lula e que surgiu com o intuito de tecer cr\u00edticas \u00e0 <strong>Lava Jato<\/strong>. O bra\u00e7o internacional da opera\u00e7\u00e3o resultou na condena\u00e7\u00e3o da ex-primeira-dama peruana, em caso que envolve a empreiteira brasileira Odebrecht.<\/p>\n<p>Ao site Poder360, Carvalho afirmou que sua participa\u00e7\u00e3o no caso foi volunt\u00e1ria e isenta de influ\u00eancias pol\u00edticas. Segundo ele, a assist\u00eancia a Nadine come\u00e7ou antes da elei\u00e7\u00e3o de Lula, em 2022.<\/p>\n<p><strong>+ Leia mais not\u00edcias de Pol\u00edtica em Oeste<\/strong><\/p>\n<p>\u201cEntrei nisso de forma volunt\u00e1ria, espont\u00e2nea e gratuita\u201d, disse o petista. \u201cA pedido dos advogados que comp\u00f5em a defesa da Nadine, por conta do meu trabalho no Prerrogativas.\u201d<\/p>\n<h2 class=\"wp-block-heading\">Advogado defende uso de avi\u00e3o da FAB<\/h2>\n<p>Carvalho tamb\u00e9m defendeu o uso de um avi\u00e3o da <strong>For\u00e7a A\u00e9rea Brasileira<\/strong> para trazer Nadine de Lima, capital do Peru, para Bras\u00edlia. <strong>A viagem ocorreu na \u00faltima ter\u00e7a-feira, 15<\/strong>.<\/p>\n<p>Nadine solicitou asilo pol\u00edtico depois de ser condenada por corrup\u00e7\u00e3o pela Justi\u00e7a peruana. O governo Lula prontamente atendeu ao pedido da ex-primeira-dama.<\/p>\n<p>\u201cA gente reconhece, aplaude e louva a decis\u00e3o do governo brasileiro que respeitou um tratado internacional assinado pelo Brasil e pelo Peru em 1954\u2033, afirmou o advogado petista de Nadine, na entrevista ao Poder360. \u201cTodas as regras diplom\u00e1ticas foram rigorosamente observadas.\u201d<\/p>\n<figure class=\"wp-block-embed is-type-video is-provider-youtube wp-block-embed-youtube wp-embed-aspect-16-9 wp-has-aspect-ratio\">\n<div class=\"wp-block-embed__wrapper\">\n<div class=\"perfmatters-lazy-youtube\" data-src=\"https:\/\/www.youtube.com\/embed\/m60vk4qci9g\" data-id=\"m60vk4qci9g\" data-query=\"start=9&amp;feature=oembed\" onclick=\"perfmattersLazyLoadYouTube(this);\">\n<div><img fetchpriority=\"high\" decoding=\"async\" src=\"https:\/\/i.ytimg.com\/vi\/m60vk4qci9g\/hqdefault.jpg\" alt=\"YouTube video\" width=\"480\" height=\"360\" data-pin-nopin=\"true\" nopin=\"nopin\"\/><\/div>\n<\/div>\n<p><noscript><iframe title=\"Lula concede asilo a ex-primeira-dama do Peru condenada na Lava Jato\" width=\"800\" height=\"450\" src=\"https:\/\/www.youtube.com\/embed\/m60vk4qci9g?feature=oembed\" frameborder=\"0\" allow=\"accelerometer; autoplay; clipboard-write; encrypted-media; gyroscope; picture-in-picture; web-share\" referrerpolicy=\"strict-origin-when-cross-origin\" allowfullscreen><\/iframe><\/noscript>\n<\/div>\n<\/figure>\n<p>Depois de sua chegada ao Brasil, Nadine e seu filho ir\u00e3o se estabelecer em S\u00e3o Paulo. Os custos do deslocamento de Bras\u00edlia para S\u00e3o Paulo foram cobertos pela defesa da ex-primeira-dama peruana.<\/p>\n<h2 class=\"wp-block-heading\">Ex-primeira-dama do Peru chega ao Brasil<\/h2>\n<p>A ex-primeira-dama do Peru chegou a Bras\u00edlia na manh\u00e3 da \u00faltima quarta-feira, 16, com seu filho de 14 anos, depois de receber salvo-conduto do governo peruano para deixar o pa\u00eds em seguran\u00e7a. Ela estava na Embaixada brasileira em Lima.<\/p>\n<p>O Minist\u00e9rio das Rela\u00e7\u00f5es Exteriores do Brasil formalizou a concess\u00e3o do asilo na ter\u00e7a-feira. Carvalho afirmou que todos os procedimentos diplom\u00e1ticos foram seguidos \u201c\u00e0 risca\u201d, o que facilitou a libera\u00e7\u00e3o do salvo-conduto pelo governo peruano.<\/p>\n<blockquote class=\"wp-block-quote is-layout-flow wp-block-quote-is-layout-flow\">\n<p>A condena\u00e7\u00e3o de Nadine Heredia e de seu marido, o ex-presidente Ollanta Humala, ocorreu na ter\u00e7a-feira. Ambos foram sentenciados a 15 anos de pris\u00e3o por lavagem de dinheiro e por receber contribui\u00e7\u00f5es ilegais da construtora Odebrecht (atual Novonor)\u00a0e do governo venezuelano para suas campanhas eleitorais.<\/p>\n<\/blockquote>\n<p>O julgamento levou tr\u00eas anos, e ambos negam as acusa\u00e7\u00f5es e alegam persegui\u00e7\u00e3o pol\u00edtica. Eles podem recorrer da senten\u00e7a.<\/p>\n<p>A decis\u00e3o do governo brasileiro de conceder asilo a Nadine Heredia e utilizar recursos da FAB para seu transporte gerou cr\u00edticas da oposi\u00e7\u00e3o. A deputada federal Carla Zambelli (PL-SP) afirmou que \u201cLula joga o nome\u201d do Brasil \u201cna lama\u201d.<\/p>\n<p>O ex-deputado federal Deltan Dallagnol (Podemos-PR) tamb\u00e9m se pronunciou. Ele, que \u00e9 ex-procurador da Rep\u00fablica, disse que o Brasil, antes exportador de corrup\u00e7\u00e3o, agora seria um \u201cimportador de corruptos\u201d. O parlamentar atuou na Opera\u00e7\u00e3o Lava Jato, respons\u00e1vel por expor o envio de dinheiro da Odebrecht ao Peru.<\/p>\n<p><related-posts class=\"border-y border-gray-300 py-5\"><\/p>\n<h2 class=\"!text-2xl text-black font-primary font-semibold leading-none mb-3\">\n    Leia tamb\u00e9m:<br \/>\n  <\/h2>\n<p><\/related-posts><\/p><\/div>\n<p><br \/>\n<br \/>Fonte: <a href=\"https:\/\/revistaoeste.com\/mundo\/advogado-da-ex-primeira-dama-do-peru-comenta-uso-do-aviao-da-fab\/\">Revista Oeste<\/a><\/p>\n","protected":false},"excerpt":{"rendered":"<p>A rela\u00e7\u00e3o de Nadine Heredia, ex-primeira-dama do Peru condenada a 15 anos de pris\u00e3o por corrup\u00e7\u00e3o, com o Partido dos Trabalhadores (PT) vai al\u00e9m da concess\u00e3o do asilo pol\u00edtico no Brasil pelo presidente Luiz In\u00e1cio Lula da Silva. Um petista \u00e9 o advogado dela no pa\u00eds. A defesa de Nadine tem comando de Marco Aur\u00e9lio [&hellip;]<\/p>\n","protected":false},"author":5,"featured_media":14232,"comment_status":"open","ping_status":"open","sticky":false,"template":"","format":"standard","meta":{"_seopress_robots_primary_cat":"","_seopress_titles_title":"","_seopress_titles_desc":"","_seopress_robots_index":"","footnotes":""},"categories":[48],"tags":[],"class_list":["post-14231","post","type-post","status-publish","format-standard","has-post-thumbnail","hentry","category-internacional"],"_links":{"self":[{"href":"https:\/\/mussicom.com\/noticias\/wp-json\/wp\/v2\/posts\/14231","targetHints":{"allow":["GET"]}}],"collection":[{"href":"https:\/\/mussicom.com\/noticias\/wp-json\/wp\/v2\/posts"}],"about":[{"href":"https:\/\/mussicom.com\/noticias\/wp-json\/wp\/v2\/types\/post"}],"author":[{"embeddable":true,"href":"https:\/\/mussicom.com\/noticias\/wp-json\/wp\/v2\/users\/5"}],"replies":[{"embeddable":true,"href":"https:\/\/mussicom.com\/noticias\/wp-json\/wp\/v2\/comments?post=14231"}],"version-history":[{"count":0,"href":"https:\/\/mussicom.com\/noticias\/wp-json\/wp\/v2\/posts\/14231\/revisions"}],"wp:featuredmedia":[{"embeddable":true,"href":"https:\/\/mussicom.com\/noticias\/wp-json\/wp\/v2\/media\/14232"}],"wp:attachment":[{"href":"https:\/\/mussicom.com\/noticias\/wp-json\/wp\/v2\/media?parent=14231"}],"wp:term":[{"taxonomy":"category","embeddable":true,"href":"https:\/\/mussicom.com\/noticias\/wp-json\/wp\/v2\/categories?post=14231"},{"taxonomy":"post_tag","embeddable":true,"href":"https:\/\/mussicom.com\/noticias\/wp-json\/wp\/v2\/tags?post=14231"}],"curies":[{"name":"wp","href":"https:\/\/api.w.org\/{rel}","templated":true}]}}