{"id":14211,"date":"2025-04-20T09:03:00","date_gmt":"2025-04-20T12:03:00","guid":{"rendered":"https:\/\/www.mussicom.com\/o-infame-julgamento-de-cristo-e-o-perfil-de-um-magistrado\/"},"modified":"2025-04-20T09:03:00","modified_gmt":"2025-04-20T12:03:00","slug":"o-infame-julgamento-de-cristo-e-o-perfil-de-um-magistrado","status":"publish","type":"post","link":"https:\/\/mussicom.com\/noticias\/o-infame-julgamento-de-cristo-e-o-perfil-de-um-magistrado\/","title":{"rendered":"O infame julgamento de Cristo e o perfil de um magistrado"},"content":{"rendered":"<p> <br \/>\n<\/p>\n<div id=\"hd80s9wa1h892edh8192\">\n<p>Aproveitando a celebra\u00e7\u00e3o da Semana Santa e da <strong>P\u00e1scoa<\/strong>, levo aos meus leitores a reflex\u00e3o que segue. Falo sobre aquele que foi o julgamento mais infame da hist\u00f3ria da humanidade: o de Cristo. As pessoas que queriam conden\u00e1-lo \u00e0 morte forjaram as provas, pois n\u00e3o se conformavam com os milagres que Cristo fazia e, por isso, resolveram conden\u00e1-lo \u00e0 morte.<\/p>\n<p>Fizeram com que o pr\u00f3prio P\u00f4ncio Pilatos, governador da Judeia, n\u00e3o tivesse coragem de enfrentar os ju\u00edzes que condenaram Cristo \u00e0 morte. Isso nos permite passear pela Hist\u00f3ria e lembrar tamb\u00e9m outros julgamentos s\u00f3rdidos.<\/p>\n<blockquote class=\"wp-block-quote is-layout-flow wp-block-quote-is-layout-flow\">\n<p>\u201cFidel Castro mandava fuzilar seus advers\u00e1rios no <em>pared\u00f3n<\/em>, eliminando-os, sem sequer iniciar o processo\u201d<\/p>\n<p><cite>Ives Gandra Martins<\/cite><\/p><\/blockquote>\n<p>Josef Stalin, o governante comunista da antiga <strong>Uni\u00e3o Sovi\u00e9tica<\/strong>, por exemplo, julgava seus advers\u00e1rios sem lhes dar nenhuma possibilidade de defesa e mandava mat\u00e1-los. Milh\u00f5es de pessoas foram mortas por Stalin. Hitler tamb\u00e9m julgava os judeus sem nenhum direito \u00e0 defesa e, sempre condenados, eram mortos. Fidel Castro mandava fuzilar seus advers\u00e1rios no <em>pared\u00f3n<\/em>, eliminando-os, sem sequer iniciar o processo, por acreditar que eram inimigos do regime comunista.<\/p>\n<p><strong>+ Leia mais not\u00edcias de Pol\u00edtica em Oeste<\/strong><\/p>\n<p>De rigor, o pior aspecto de um governo no exerc\u00edcio do poder \u00e9, certamente, a nega\u00e7\u00e3o do direito \u00e0 defesa.<\/p>\n<figure class=\"wp-block-image aligncenter size-full\"><picture><source data-srcset=\"https:\/\/medias.revistaoeste.com\/wp-content\/uploads\/2024\/10\/nuremberg-2-1.jpeg.webp 800w, https:\/\/medias.revistaoeste.com\/wp-content\/uploads\/2024\/10\/nuremberg-2-1-300x169.jpeg.webp 300w, https:\/\/medias.revistaoeste.com\/wp-content\/uploads\/2024\/10\/nuremberg-2-1-400x225.jpeg.webp 400w, https:\/\/medias.revistaoeste.com\/wp-content\/uploads\/2024\/10\/nuremberg-2-1-216x121.jpeg.webp 216w, https:\/\/medias.revistaoeste.com\/wp-content\/uploads\/2024\/10\/nuremberg-2-1-150x84.jpeg.webp 150w\" data-sizes=\"(max-width: 800px) 100vw, 800px\" type=\"image\/webp\"><img fetchpriority=\"high\" decoding=\"async\" width=\"800\" height=\"450\" src=\"https:\/\/medias.revistaoeste.com\/wp-content\/uploads\/2024\/10\/nuremberg-2-1.jpeg\" alt=\"Adolf Hitler n\u00e3o chegou ao julgamento: a exemplo dos seus dois principais assessores, Himmler e Goebbels, o l\u00edder nazista cometeu suic\u00eddio para n\u00e3o ser capturado pelas for\u00e7as aliadas | Foto: Reprodu\u00e7\u00e3o\/Redes sociais\" class=\"wp-image-1695669\" srcset=\"https:\/\/medias.revistaoeste.com\/wp-content\/uploads\/2024\/10\/nuremberg-2-1.jpeg 800w, https:\/\/medias.revistaoeste.com\/wp-content\/uploads\/2024\/10\/nuremberg-2-1-300x169.jpeg 300w, https:\/\/medias.revistaoeste.com\/wp-content\/uploads\/2024\/10\/nuremberg-2-1-400x225.jpeg 400w, https:\/\/medias.revistaoeste.com\/wp-content\/uploads\/2024\/10\/nuremberg-2-1-216x121.jpeg 216w, https:\/\/medias.revistaoeste.com\/wp-content\/uploads\/2024\/10\/nuremberg-2-1-150x84.jpeg 150w\" sizes=\"(max-width: 800px) 100vw, 800px\" data-eio=\"p\"\/><\/source><\/picture><figcaption class=\"wp-element-caption\">Adolf Hitler n\u00e3o chegou ao julgamento: a exemplo dos seus dois principais assessores, Himmler e Goebbels, o l\u00edder nazista cometeu suic\u00eddio para n\u00e3o ser capturado pelas for\u00e7as aliadas | Foto: Reprodu\u00e7\u00e3o\/Redes sociais<\/figcaption><\/figure>\n<p>Nunca aceitei cargos no Judici\u00e1rio, nunca prestei nenhum tipo de concurso. Sempre escolhi a advocacia. Sempre quis exercer e exerci a profiss\u00e3o de advogado e de professor universit\u00e1rio. Isso porque considero que o direito de defesa \u00e9 o mais sagrado direito numa democracia.<\/p>\n<p>Vale ressaltar que, quando os ju\u00edzes deixam de ser imparciais, quando passam a pretender que a sua opini\u00e3o prevale\u00e7a e n\u00e3o obedecem \u00e0 lei, procurando fabricar provas, quando isto ocorre em qualquer pa\u00eds do mundo \u2014 como aconteceu nas grandes ditaduras e, \u00e0s vezes, at\u00e9 nas democracias \u2014, n\u00f3s estamos, efetivamente, numa democracia fragilizada, a caminho de uma ditadura ou em plena ditadura.<\/p>\n<h2 class=\"wp-block-heading\">Juiz imparcial, moderado e justo<\/h2>\n<p>Como dizia o ministro do <strong>Supremo Tribunal Federal<\/strong>, Andr\u00e9 Mendon\u00e7a, em recente palestra num congresso em homenagem aos meus 90 anos, \u201cO juiz tem de ser absurdamente imparcial, moderado, justo\u201d. Ele n\u00e3o pode se deixar levar por fatores que apenas confirmem sua opini\u00e3o quando tiver que condenar. Ele n\u00e3o pode ter uma opini\u00e3o preconcebida. Deve analisar as provas.<\/p>\n<figure class=\"wp-block-embed is-type-video is-provider-youtube wp-block-embed-youtube wp-embed-aspect-16-9 wp-has-aspect-ratio\">\n<div class=\"wp-block-embed__wrapper\">\n<div class=\"perfmatters-lazy-youtube\" data-src=\"https:\/\/www.youtube.com\/embed\/XGc1DBK_G3A\" data-id=\"XGc1DBK_G3A\" data-query=\"feature=oembed\" onclick=\"perfmattersLazyLoadYouTube(this);\">\n<div><img decoding=\"async\" alt=\"YouTube video\" width=\"480\" height=\"360\" data-pin-nopin=\"true\" nopin=\"nopin\" class=\"perfmatters-lazy\" src=\"https:\/\/i.ytimg.com\/vi\/XGc1DBK_G3A\/hqdefault.jpg\"\/><img decoding=\"async\" src=\"https:\/\/i.ytimg.com\/vi\/XGc1DBK_G3A\/hqdefault.jpg\" alt=\"YouTube video\" width=\"480\" height=\"360\" data-pin-nopin=\"true\" nopin=\"nopin\"\/><\/div>\n<\/div>\n<p><noscript><iframe title=\"90 ANOS DE HIST\u00d3RIA | UMA HOMENAGEM AO JURISTA IVES GANDRA MARTINS\" width=\"800\" height=\"450\" src=\"https:\/\/www.youtube.com\/embed\/XGc1DBK_G3A?feature=oembed\" frameborder=\"0\" allow=\"accelerometer; autoplay; clipboard-write; encrypted-media; gyroscope; picture-in-picture; web-share\" referrerpolicy=\"strict-origin-when-cross-origin\" allowfullscreen><\/iframe><\/noscript>\n<\/div>\n<\/figure>\n<p>A imparcialidade \u00e9 o elemento mais importante para um julgador. Quando se coloca na cadeia algu\u00e9m inocente, ou se vem a se arrepender depois da decis\u00e3o \u2014 mas essa pessoa perdeu um, dois, tr\u00eas anos da sua vida \u2014, \u00e9 evidente que isso deve gerar um problema de consci\u00eancia ao magistrado.<\/p>\n<p>Se eu fosse magistrado e condenasse algu\u00e9m, e depois percebesse que eu teria de absolv\u00ea-lo porque aquilo n\u00e3o correspondia \u00e0 realidade, eu passaria a vida inteira com um problema de consci\u00eancia por causa daquele caso isolado. E se algu\u00e9m morresse em fun\u00e7\u00e3o da minha des\u00eddia em examinar um processo em que havia necessidade de aten\u00e7\u00e3o, o meu drama seria muito maior.<\/p>\n<blockquote class=\"wp-block-quote is-layout-flow wp-block-quote-is-layout-flow\">\n<p>\u201cN\u00e3o se limitar \u00e0 Justi\u00e7a formal, mas, primordialmente, evitar a injusti\u00e7a. Essa \u00e9 a ess\u00eancia da miss\u00e3o do magistrado\u201d<\/p>\n<p><cite>Ives Gandra Martins<\/cite><\/p><\/blockquote>\n<p>Por isso, dizia Mendon\u00e7a, que a imparcialidade, a modera\u00e7\u00e3o, a possibilidade de examinar as provas existentes, e n\u00e3o a sua opini\u00e3o pessoal, anterior ao pr\u00f3prio julgamento, devem ser o maior e mais importante requisito. N\u00e3o se limitar \u00e0 Justi\u00e7a formal, mas, primordialmente, evitar a injusti\u00e7a. Essa \u00e9 a ess\u00eancia da miss\u00e3o do magistrado.<\/p>\n<h2 class=\"wp-block-heading\">O Judici\u00e1rio e o julgamento de Cristo<\/h2>\n<p>Tudo isso me veio \u00e0 mente porque, no <strong>Domingo de Ramos<\/strong>, nos prepar\u00e1vamos para o mais infame julgamento da hist\u00f3ria, quele que levou Cristo a ser condenado a uma morte doloros\u00edssima: a crucifica\u00e7\u00e3o<\/p>\n<p>E sugiro aos meus leitores que pensem muito em suas falhas pessoais e em como estamos vivendo. Que tentemos, finalmente, nos reconciliar com Deus, ver como podemos corrigir nossos erros. Enfim, como entramos numa rota que nos permita aproveitar a ressurrei\u00e7\u00e3o de Cristo de uma maneira em que, efetivamente, vivamos com Deus em nosso cora\u00e7\u00e3o.<\/p>\n<p><related-posts class=\"border-y border-gray-300 py-5\"><\/p>\n<h2 class=\"!text-2xl text-black font-primary font-semibold leading-none mb-3\">\n    Mais artigos de Ives Gandra Martins:<br \/>\n  <\/h2>\n<p><\/related-posts><\/p><\/div>\n<p><br \/>\n<br \/>Fonte: <a href=\"https:\/\/revistaoeste.com\/politica\/o-infame-julgamento-de-cristo-e-o-perfil-de-um-magistrado\/\">Ag\u00eancia Brasil<\/a><\/p>\n","protected":false},"excerpt":{"rendered":"<p>Aproveitando a celebra\u00e7\u00e3o da Semana Santa e da P\u00e1scoa, levo aos meus leitores a reflex\u00e3o que segue. Falo sobre aquele que foi o julgamento mais infame da hist\u00f3ria da humanidade: o de Cristo. As pessoas que queriam conden\u00e1-lo \u00e0 morte forjaram as provas, pois n\u00e3o se conformavam com os milagres que Cristo fazia e, por [&hellip;]<\/p>\n","protected":false},"author":5,"featured_media":14212,"comment_status":"open","ping_status":"open","sticky":false,"template":"","format":"standard","meta":{"_seopress_robots_primary_cat":"","_seopress_titles_title":"","_seopress_titles_desc":"","_seopress_robots_index":"","footnotes":""},"categories":[47,1],"tags":[],"class_list":["post-14211","post","type-post","status-publish","format-standard","has-post-thumbnail","hentry","category-politica","category-ultimas-noticias"],"_links":{"self":[{"href":"https:\/\/mussicom.com\/noticias\/wp-json\/wp\/v2\/posts\/14211","targetHints":{"allow":["GET"]}}],"collection":[{"href":"https:\/\/mussicom.com\/noticias\/wp-json\/wp\/v2\/posts"}],"about":[{"href":"https:\/\/mussicom.com\/noticias\/wp-json\/wp\/v2\/types\/post"}],"author":[{"embeddable":true,"href":"https:\/\/mussicom.com\/noticias\/wp-json\/wp\/v2\/users\/5"}],"replies":[{"embeddable":true,"href":"https:\/\/mussicom.com\/noticias\/wp-json\/wp\/v2\/comments?post=14211"}],"version-history":[{"count":0,"href":"https:\/\/mussicom.com\/noticias\/wp-json\/wp\/v2\/posts\/14211\/revisions"}],"wp:featuredmedia":[{"embeddable":true,"href":"https:\/\/mussicom.com\/noticias\/wp-json\/wp\/v2\/media\/14212"}],"wp:attachment":[{"href":"https:\/\/mussicom.com\/noticias\/wp-json\/wp\/v2\/media?parent=14211"}],"wp:term":[{"taxonomy":"category","embeddable":true,"href":"https:\/\/mussicom.com\/noticias\/wp-json\/wp\/v2\/categories?post=14211"},{"taxonomy":"post_tag","embeddable":true,"href":"https:\/\/mussicom.com\/noticias\/wp-json\/wp\/v2\/tags?post=14211"}],"curies":[{"name":"wp","href":"https:\/\/api.w.org\/{rel}","templated":true}]}}