{"id":14165,"date":"2025-04-20T01:40:35","date_gmt":"2025-04-20T04:40:35","guid":{"rendered":"https:\/\/www.mussicom.com\/bertioga-sera-contemplada-com-mais-de-200-moradias-pelo-programa-casa-paulista\/"},"modified":"2025-04-20T01:40:35","modified_gmt":"2025-04-20T04:40:35","slug":"bertioga-sera-contemplada-com-mais-de-200-moradias-pelo-programa-casa-paulista","status":"publish","type":"post","link":"https:\/\/mussicom.com\/noticias\/bertioga-sera-contemplada-com-mais-de-200-moradias-pelo-programa-casa-paulista\/","title":{"rendered":"Bertioga ser\u00e1 contemplada com mais de 200 moradias pelo programa Casa Paulista"},"content":{"rendered":"<p> <br \/>\n<\/p>\n<div id=\"texto\">\n<p>A Prefeitura de Bertioga, em parceria com o Governo do Estado de S\u00e3o Paulo, ser\u00e1 contemplada com 202 moradias por meio do programa Casa Paulista. Do total, 172 unidades ser\u00e3o destinadas ao bairro Jardim Vicente de Carvalho e outras 30 beneficiar\u00e3o a Aldeia Rio Silveira, viabilizadas pela Companhia de Desenvolvimento Habitacional e Urbano (CDHU).<\/p>\n<p>\u00a0<\/p>\n<p>Os empreendimentos em ambos os locais ser\u00e3o executados pela CDHU. O projeto do Jardim Vicente de Carvalho est\u00e1 em fase classificada como &#8220;a licitar&#8221;. A constru\u00e7\u00e3o ser\u00e1 realizada em \u00e1rea p\u00fablica na Rua Projetada B1.<\/p>\n<p>\u00a0<\/p>\n<p>J\u00e1 as 30 unidades destinadas \u00e0 comunidade ind\u00edgena da Aldeia Rio Silveira tiveram o or\u00e7amento conclu\u00eddo e aprovado. Para essas unidades, foi publicado o edital de licita\u00e7\u00e3o.<\/p>\n<p>\u00a0<\/p>\n<p><strong>Investimento regional<\/strong><\/p>\n<p>Na Baixada Santista, o programa prev\u00ea a constru\u00e7\u00e3o de 1.066 novas moradias, com investimento total de R$ 207,7 milh\u00f5es. As unidades ser\u00e3o executadas tanto diretamente pela CDHU quanto por meio da modalidade Carta de Cr\u00e9dito Imobili\u00e1rio (CCI).<br \/>&#13;<br \/>\n\u00a0<\/p>\n<p>Desde 2023, o programa Casa Paulista j\u00e1 entregou mais de 54 mil moradias em todo o estado e conta com mais de 110 mil unidades em fase de produ\u00e7\u00e3o, nas diferentes modalidades oferecidas.<\/p>\n<\/p><\/div>\n<p><script async defer crossorigin=\"anonymous\" src=\"https:\/\/connect.facebook.net\/pt_BR\/sdk.js#xfbml=1&#038;version=v12.0&#038;appId=&#038;autoLogAppEvents=1\" nonce=\"ou0fI1lo\"><\/script><br \/>\n<br \/><br \/>\n<br \/>Fonte: <a href=\"https:\/\/www.bs9.com.br\/litoral\/bertioga-sera-contemplada-com-mais-de-200-moradias-pelo-programa-casa\/31075\/\">BS9<\/a><\/p>\n","protected":false},"excerpt":{"rendered":"<p>A Prefeitura de Bertioga, em parceria com o Governo do Estado de S\u00e3o Paulo, ser\u00e1 contemplada com 202 moradias por meio do programa Casa Paulista. Do total, 172 unidades ser\u00e3o destinadas ao bairro Jardim Vicente de Carvalho e outras 30 beneficiar\u00e3o a Aldeia Rio Silveira, viabilizadas pela Companhia de Desenvolvimento Habitacional e Urbano (CDHU). \u00a0 [&hellip;]<\/p>\n","protected":false},"author":5,"featured_media":14166,"comment_status":"open","ping_status":"open","sticky":false,"template":"","format":"standard","meta":{"_seopress_robots_primary_cat":"","_seopress_titles_title":"","_seopress_titles_desc":"","_seopress_robots_index":"","footnotes":""},"categories":[52],"tags":[],"class_list":["post-14165","post","type-post","status-publish","format-standard","has-post-thumbnail","hentry","category-santoseregiao"],"_links":{"self":[{"href":"https:\/\/mussicom.com\/noticias\/wp-json\/wp\/v2\/posts\/14165","targetHints":{"allow":["GET"]}}],"collection":[{"href":"https:\/\/mussicom.com\/noticias\/wp-json\/wp\/v2\/posts"}],"about":[{"href":"https:\/\/mussicom.com\/noticias\/wp-json\/wp\/v2\/types\/post"}],"author":[{"embeddable":true,"href":"https:\/\/mussicom.com\/noticias\/wp-json\/wp\/v2\/users\/5"}],"replies":[{"embeddable":true,"href":"https:\/\/mussicom.com\/noticias\/wp-json\/wp\/v2\/comments?post=14165"}],"version-history":[{"count":0,"href":"https:\/\/mussicom.com\/noticias\/wp-json\/wp\/v2\/posts\/14165\/revisions"}],"wp:featuredmedia":[{"embeddable":true,"href":"https:\/\/mussicom.com\/noticias\/wp-json\/wp\/v2\/media\/14166"}],"wp:attachment":[{"href":"https:\/\/mussicom.com\/noticias\/wp-json\/wp\/v2\/media?parent=14165"}],"wp:term":[{"taxonomy":"category","embeddable":true,"href":"https:\/\/mussicom.com\/noticias\/wp-json\/wp\/v2\/categories?post=14165"},{"taxonomy":"post_tag","embeddable":true,"href":"https:\/\/mussicom.com\/noticias\/wp-json\/wp\/v2\/tags?post=14165"}],"curies":[{"name":"wp","href":"https:\/\/api.w.org\/{rel}","templated":true}]}}