{"id":14138,"date":"2025-04-19T22:51:49","date_gmt":"2025-04-20T01:51:49","guid":{"rendered":"https:\/\/mussicom.com\/marcelo-odebrecht-relacionou-corrupcao-no-peru-a-lula-e-ao-pt\/"},"modified":"2025-04-19T22:51:49","modified_gmt":"2025-04-20T01:51:49","slug":"marcelo-odebrecht-relacionou-corrupcao-no-peru-a-lula-e-ao-pt","status":"publish","type":"post","link":"https:\/\/mussicom.com\/noticias\/marcelo-odebrecht-relacionou-corrupcao-no-peru-a-lula-e-ao-pt\/","title":{"rendered":"Marcelo Odebrecht relacionou corrup\u00e7\u00e3o no Peru a Lula e ao PT"},"content":{"rendered":"<p> <br \/>\n<\/p>\n<div id=\"hd80s9wa1h892edh8192\">\n<p>O empres\u00e1rio Marcelo Odebrecht, dono da Novonor (antigo Grupo Odebrecht), relacionou, em 2017, a corrup\u00e7\u00e3o no Peru ao presidente Luiz In\u00e1cio Lula da Silva e ao Partido dos Trabalhadores (PT). <strong>O caso voltou ao notici\u00e1rio depois de o petista conceder, na \u00faltima ter\u00e7a-feira, 15, asilo diplom\u00e1tico \u00e0 ex-primeira-dama peruana Nadine Heredia.<\/strong><\/p>\n<p>Ela \u00e9 mulher do ex-presidente do Peru Ollanta Humala, que governou o pa\u00eds de 2011 a 2016. O pol\u00edtico peruano recebeu dinheiro de propina enviado pela Odebrecht para financiar a campanha eleitoral no pa\u00eds. Em 2018, durante uma dela\u00e7\u00e3o premiada no \u00e2mbito da Opera\u00e7\u00e3o Lava Jato, Marcelo confessou o envio de cerca de US$ 3 milh\u00f5es a Humala.<\/p>\n<blockquote class=\"wp-block-quote is-layout-flow wp-block-quote-is-layout-flow\">\n<p>\u201cO acerto para campanha de Humala foi com o Antonio Palocci e Lula\u201d, disse Marcelo Odebrecht em 18 de setembro de 2018.<\/p>\n<\/blockquote>\n<p>Marcelo deu a declara\u00e7\u00e3o para explicar o contexto de um e-mail, enviado em 21 de junho de 2011 a Luiz Ant\u00f4nio Mameri, ent\u00e3o diretor da Odebrecht na Am\u00e9rica Latina. Antonio Palocci, citado pelo empres\u00e1rio, era ministro da <strong>Casa Civil<\/strong> da ent\u00e3o presidente Dilma Rousseff, tamb\u00e9m do PT, na \u00e9poca do envio da mensagem.<\/p>\n<p><strong>+ Leia mais not\u00edcias de Pol\u00edtica em Oeste<\/strong><\/p>\n<p>O dono da Novonor explicou \u00e0 Pol\u00edcia Federal que realizava diversos pagamentos para pol\u00edticos no exterior porque era \u201cinteresse\u201d do PT. Ele contou que, al\u00e9m do presidente do Peru, foram enviados pagamentos para pessoas em El Salvador.<\/p>\n<blockquote class=\"wp-block-quote is-layout-flow wp-block-quote-is-layout-flow\">\n<p>\u201cTodos os pedidos, com exce\u00e7\u00e3o desses aqui, eram pedidos do interesse do partido\u201d, afirmou Marcelo. \u201cA\u00ed vai me perguntar o seguinte: sim, o que tem a ver o El Salvador e Ollanta Humala no Peru? \u00c9 interesse do partido. Ou seja, o PT tinha interesse geopol\u00edtico.\u201d<\/p>\n<\/blockquote>\n<p>A situa\u00e7\u00e3o que envolve Nadine, o marido e a corrup\u00e7\u00e3o que tem cita\u00e7\u00e3o a Lula e ao PT rendeu cr\u00edticas ao presidente brasileira no canal GloboNews. A jornalista Malu Gaspar, que \u00e9 autora de <em>A Organiza\u00e7\u00e3o<\/em>, livro que apresenta irregularidades protagonizadas pela Odebrecht, relembrou de parte da hist\u00f3ria.<\/p>\n<p>\u201c<em>[Humala]<\/em> era um candidato de esquerda, pr\u00f3ximo de Lula e da ent\u00e3o presidente Dilma Rousseff\u201d, disse Malu. Ainda de acordo com a jornalista, o petista pediu para que a Odebrecht enviasse dinheiro ao Peru para financiar a campanha de seu aliado.<\/p>\n<p><center><\/p>\n<blockquote class=\"twitter-tweet\" data-media-max-width=\"560\">\n<p lang=\"pt\" dir=\"ltr\">. <a href=\"https:\/\/twitter.com\/malugaspar?ref_src=twsrc%5Etfw\">@malugaspar<\/a> relembra como funcionava o esquema da entrega de dinheiro envolvendo a ex-primeira-dama Nadine Her\u00e9dia e a construtora Odebrecht durante a campanha presidencial de Ollanta Humala: &#8220;Ele era um candidato de esquerda, pr\u00f3ximo de Lula e da ent\u00e3o presidente Dilma\u2026 <a href=\"https:\/\/t.co\/0rJb3ELp2D\">pic.twitter.com\/0rJb3ELp2D<\/a><\/p>\n<p>\u2014 GloboNews (@GloboNews) <a href=\"https:\/\/twitter.com\/GloboNews\/status\/1913319788509860327?ref_src=twsrc%5Etfw\">April 18, 2025<\/a><\/p><\/blockquote>\n<p> <\/center><\/p>\n<h2 class=\"wp-block-heading\">Peru condena ex-primeira-dama por corrup\u00e7\u00e3o com a Odebrecht<\/h2>\n<p>A investiga\u00e7\u00e3o brasileira levou \u00e0 abertura de um inqu\u00e9rito no Peru, para investigar o recebimento de dinheiro do exterior. A Justi\u00e7a peruana condenou, na \u00faltima ter\u00e7a-feira, Humala e Nadine a 15 anos de pris\u00e3o por lavagem de dinheiro e por receber contribui\u00e7\u00f5es ilegais da construtora Odebrecht\u00a0e do governo venezuelano para suas campanhas eleitorais.<\/p>\n<p>Nadine tamb\u00e9m foi condenada, em 2020, por irregularidades na concess\u00e3o do Gasoduto Sul do Peru \u00e0 Odebrecht. Na \u00e9poca, ela cumpriu pris\u00e3o domiciliar. Contudo, na condena\u00e7\u00e3o desta semana, o governo Lula concedeu asilo no mesmo dia em que a senten\u00e7a foi proferida.<\/p>\n<p><strong>Leia tamb\u00e9m: \u201cMauro Vieira alega \u2018raz\u00f5es humanit\u00e1rias\u2019 para asilar peruana\u201d<\/strong><\/p>\n<figure class=\"wp-block-embed is-type-video is-provider-youtube wp-block-embed-youtube wp-embed-aspect-16-9 wp-has-aspect-ratio\">\n<div class=\"wp-block-embed__wrapper\">\n<div class=\"perfmatters-lazy-youtube\" data-src=\"https:\/\/www.youtube.com\/embed\/m60vk4qci9g\" data-id=\"m60vk4qci9g\" data-query=\"feature=oembed\" onclick=\"perfmattersLazyLoadYouTube(this);\">\n<div><img fetchpriority=\"high\" decoding=\"async\" src=\"https:\/\/i.ytimg.com\/vi\/m60vk4qci9g\/hqdefault.jpg\" alt=\"YouTube video\" width=\"480\" height=\"360\" data-pin-nopin=\"true\" nopin=\"nopin\"\/><\/div>\n<\/div>\n<p><noscript><iframe title=\"Lula concede asilo a ex-primeira-dama do Peru condenada na Lava Jato\" width=\"800\" height=\"450\" src=\"https:\/\/www.youtube.com\/embed\/m60vk4qci9g?feature=oembed\" frameborder=\"0\" allow=\"accelerometer; autoplay; clipboard-write; encrypted-media; gyroscope; picture-in-picture; web-share\" referrerpolicy=\"strict-origin-when-cross-origin\" allowfullscreen><\/iframe><\/noscript>\n<\/div>\n<\/figure>\n<p>A ex-primeira-dama do Peru viajou ao Brasil logo depois de ser condenada \u2014 <strong>e em avi\u00e3o da For\u00e7a A\u00e9rea Brasileira<\/strong>. O Minist\u00e9rio da Justi\u00e7a brasileiro afirmou, em nota, que vai analisar o pedido de ref\u00fagio de Nadine e do filho de 14 anos, concedido pela Pol\u00edcia Federal.<\/p>\n<p>\u201cA partir de agora, ambos dever\u00e3o aguardar a delibera\u00e7\u00e3o do Comit\u00ea Nacional para os Refugiados (Conare), \u00f3rg\u00e3o vinculado ao Minist\u00e9rio da Justi\u00e7a e Seguran\u00e7a P\u00fablica competente para decidir sobre os pedidos de ref\u00fagio\u201d, informou a pasta.<\/p>\n<p><related-posts class=\"border-y border-gray-300 py-5\"><\/p>\n<h2 class=\"!text-2xl text-black font-primary font-semibold leading-none mb-3\">\n    Leia tamb\u00e9m:<br \/>\n  <\/h2>\n<p><\/related-posts><\/p><\/div>\n<p><script async src=\"\/\/platform.twitter.com\/widgets.js\" charset=\"utf-8\"><\/script><br \/>\n<br \/><br \/>\n<br \/>Fonte: <a href=\"https:\/\/revistaoeste.com\/politica\/relembre-marcelo-odebrecht-relacionou-corrupcao-no-peru-a-lula-e-ao-pt\/\">Ag\u00eancia Brasil<\/a><\/p>\n","protected":false},"excerpt":{"rendered":"<p>O empres\u00e1rio Marcelo Odebrecht, dono da Novonor (antigo Grupo Odebrecht), relacionou, em 2017, a corrup\u00e7\u00e3o no Peru ao presidente Luiz In\u00e1cio Lula da Silva e ao Partido dos Trabalhadores (PT). O caso voltou ao notici\u00e1rio depois de o petista conceder, na \u00faltima ter\u00e7a-feira, 15, asilo diplom\u00e1tico \u00e0 ex-primeira-dama peruana Nadine Heredia. Ela \u00e9 mulher do [&hellip;]<\/p>\n","protected":false},"author":5,"featured_media":14139,"comment_status":"open","ping_status":"open","sticky":false,"template":"","format":"standard","meta":{"_seopress_robots_primary_cat":"","_seopress_titles_title":"","_seopress_titles_desc":"","_seopress_robots_index":"","footnotes":""},"categories":[47,1],"tags":[],"class_list":["post-14138","post","type-post","status-publish","format-standard","has-post-thumbnail","hentry","category-politica","category-ultimas-noticias"],"_links":{"self":[{"href":"https:\/\/mussicom.com\/noticias\/wp-json\/wp\/v2\/posts\/14138","targetHints":{"allow":["GET"]}}],"collection":[{"href":"https:\/\/mussicom.com\/noticias\/wp-json\/wp\/v2\/posts"}],"about":[{"href":"https:\/\/mussicom.com\/noticias\/wp-json\/wp\/v2\/types\/post"}],"author":[{"embeddable":true,"href":"https:\/\/mussicom.com\/noticias\/wp-json\/wp\/v2\/users\/5"}],"replies":[{"embeddable":true,"href":"https:\/\/mussicom.com\/noticias\/wp-json\/wp\/v2\/comments?post=14138"}],"version-history":[{"count":0,"href":"https:\/\/mussicom.com\/noticias\/wp-json\/wp\/v2\/posts\/14138\/revisions"}],"wp:featuredmedia":[{"embeddable":true,"href":"https:\/\/mussicom.com\/noticias\/wp-json\/wp\/v2\/media\/14139"}],"wp:attachment":[{"href":"https:\/\/mussicom.com\/noticias\/wp-json\/wp\/v2\/media?parent=14138"}],"wp:term":[{"taxonomy":"category","embeddable":true,"href":"https:\/\/mussicom.com\/noticias\/wp-json\/wp\/v2\/categories?post=14138"},{"taxonomy":"post_tag","embeddable":true,"href":"https:\/\/mussicom.com\/noticias\/wp-json\/wp\/v2\/tags?post=14138"}],"curies":[{"name":"wp","href":"https:\/\/api.w.org\/{rel}","templated":true}]}}