{"id":14082,"date":"2025-04-19T17:46:36","date_gmt":"2025-04-19T20:46:36","guid":{"rendered":"https:\/\/www.mussicom.com\/psdb-articula-fusao-com-podemos-para-tentar-voltar-ao-cenario-politico\/"},"modified":"2025-04-19T17:46:36","modified_gmt":"2025-04-19T20:46:36","slug":"psdb-articula-fusao-com-podemos-para-tentar-voltar-ao-cenario-politico","status":"publish","type":"post","link":"https:\/\/mussicom.com\/noticias\/psdb-articula-fusao-com-podemos-para-tentar-voltar-ao-cenario-politico\/","title":{"rendered":"PSDB articula fus\u00e3o com Podemos, para tentar voltar ao cen\u00e1rio pol\u00edtico"},"content":{"rendered":"<p> <br \/>\n<\/p>\n<div id=\"hd80s9wa1h892edh8192\">\n<p>O PSDB articula uma fus\u00e3o estrat\u00e9gica com o partido Podemos, com o intuito de revitalizar sua posi\u00e7\u00e3o pol\u00edtica no cen\u00e1rio brasileiro, que se enfraquece a cada ano. A c\u00fapula tucana pretende anunciar essa uni\u00e3o nas pr\u00f3ximas semanas, para reposicionar o PSDB como uma alternativa vi\u00e1vel, entre as for\u00e7as de Luiz In\u00e1cio Lula da Silva, do Partido dos Trabalhadores (PT), e Jair Bolsonaro, do Partido Liberal (PL).<\/p>\n<p><strong>+ Leia mais not\u00edcias de Pol\u00edtica em Oeste<\/strong><\/p>\n<p>A alian\u00e7a com o Podemos ser\u00e1 sucedida pela forma\u00e7\u00e3o de uma federa\u00e7\u00e3o com o Solidariedade. Al\u00e9m do fortalecimento da presen\u00e7a pol\u00edtica do PSDB, a a\u00e7\u00e3o deve aumentar significativamente seu fundo partid\u00e1rio e eleitoral. O movimento busca manter a identidade do partido, de modo a evitar sua absor\u00e7\u00e3o por siglas maiores.<\/p>\n<h2 class=\"wp-block-heading\">Desafios internos do PSDB<\/h2>\n<figure class=\"wp-block-image aligncenter size-full\"><picture><source data-srcset=\"https:\/\/medias.revistaoeste.com\/wp-content\/uploads\/2024\/05\/imagem_do_whatsapp_de_2024-05-22_as_21.23.39_a3afbf8b-scaled.jpg.webp 2560w, https:\/\/medias.revistaoeste.com\/wp-content\/uploads\/2024\/05\/imagem_do_whatsapp_de_2024-05-22_as_21.23.39_a3afbf8b-300x228.jpg.webp 300w, https:\/\/medias.revistaoeste.com\/wp-content\/uploads\/2024\/05\/imagem_do_whatsapp_de_2024-05-22_as_21.23.39_a3afbf8b-150x114.jpg.webp 150w\" data-sizes=\"(max-width: 2560px) 100vw, 2560px\" type=\"image\/webp\"><img fetchpriority=\"high\" decoding=\"async\" width=\"2560\" height=\"1948\" src=\"https:\/\/medias.revistaoeste.com\/wp-content\/uploads\/2024\/05\/imagem_do_whatsapp_de_2024-05-22_as_21.23.39_a3afbf8b-scaled.jpg\" alt=\"Governador Eduardo Leite (PSDB) | Foto: Rafa Neddermeyer\/Ag\u00eancia Brasil\" class=\"wp-image-1468914\" srcset=\"https:\/\/medias.revistaoeste.com\/wp-content\/uploads\/2024\/05\/imagem_do_whatsapp_de_2024-05-22_as_21.23.39_a3afbf8b-scaled.jpg 2560w, https:\/\/medias.revistaoeste.com\/wp-content\/uploads\/2024\/05\/imagem_do_whatsapp_de_2024-05-22_as_21.23.39_a3afbf8b-300x228.jpg 300w, https:\/\/medias.revistaoeste.com\/wp-content\/uploads\/2024\/05\/imagem_do_whatsapp_de_2024-05-22_as_21.23.39_a3afbf8b-150x114.jpg 150w\" sizes=\"(max-width: 2560px) 100vw, 2560px\" data-eio=\"p\"\/><\/source><\/picture><figcaption class=\"wp-element-caption\">Governador do Rio Grande do Sul, Eduardo Leite (PSDB) | Foto: Rafa Neddermeyer\/Ag\u00eancia Brasil<\/figcaption><\/figure>\n<p>No entanto, a iniciativa enfrenta desafios internos, j\u00e1 que os governadores Eduardo Leite (PSDB-RS) e Eduardo Riedel (PSDB-MS) expressaram preocupa\u00e7\u00f5es sobre a falta de estrutura para elei\u00e7\u00f5es futuras. Isso pode lev\u00e1-los a considerar a migra\u00e7\u00e3o para outras siglas que ofere\u00e7am mais suporte.<\/p>\n<p>\u201cEm respeito \u00e0 hist\u00f3ria que constru\u00edmos juntos, qualquer decis\u00e3o sobre meu futuro partid\u00e1rio ser\u00e1 tomada apenas ap\u00f3s a conclus\u00e3o desse processo interno, que ter\u00e1 um desfecho at\u00e9 o fim do m\u00eas de abril\u201d, afirmou Eduardo Leite nas redes sociais em 16, abril. Apesar disso, <strong>ele deve sair do partido e filiar-se ao PSD<\/strong>.<\/p>\n<p><strong>Leia tamb\u00e9m: \u201cO fim do PSDB\u201d, artigo de Rodrigo Constantino publicado na Edi\u00e7\u00e3o 210 da Revista Oeste<\/strong><\/p>\n<p>J\u00e1 A\u00e9cio Neves (PSDB-MG), presidente do Instituto Teot\u00f4nio Vilela, destacou que o partido est\u00e1 \u201cprestes a construir um novo caminho para o centro democr\u00e1tico brasileiro e para os milh\u00f5es de brasileiros que n\u00e3o se sentem confort\u00e1veis nem com o que representa o lulopetismo nem com o que representa o bolsonarismo\u201d.<\/p>\n<h2 class=\"wp-block-heading\">Tentativas de alian\u00e7as, negocia\u00e7\u00f5es e perspectivas<\/h2>\n<figure class=\"wp-block-embed is-type-video is-provider-youtube wp-block-embed-youtube wp-embed-aspect-16-9 wp-has-aspect-ratio\">\n<div class=\"wp-block-embed__wrapper\">\n<div class=\"perfmatters-lazy-youtube\" data-src=\"https:\/\/www.youtube.com\/embed\/Kvkh9PsXFMg\" data-id=\"Kvkh9PsXFMg\" data-query=\"feature=oembed\" onclick=\"perfmattersLazyLoadYouTube(this);\">\n<div><img decoding=\"async\" alt=\"YouTube video\" width=\"480\" height=\"360\" data-pin-nopin=\"true\" nopin=\"nopin\" class=\"perfmatters-lazy\" src=\"https:\/\/i.ytimg.com\/vi\/Kvkh9PsXFMg\/hqdefault.jpg\"\/><img decoding=\"async\" src=\"https:\/\/i.ytimg.com\/vi\/Kvkh9PsXFMg\/hqdefault.jpg\" alt=\"YouTube video\" width=\"480\" height=\"360\" data-pin-nopin=\"true\" nopin=\"nopin\"\/><\/div>\n<\/div>\n<p><noscript><iframe title=\"Advogado Andr\u00e9 Marsiglia comenta situa\u00e7\u00e3o jur\u00eddica de Eduardo Tagliaferro\" width=\"800\" height=\"450\" src=\"https:\/\/www.youtube.com\/embed\/Kvkh9PsXFMg?feature=oembed\" frameborder=\"0\" allow=\"accelerometer; autoplay; clipboard-write; encrypted-media; gyroscope; picture-in-picture; web-share\" referrerpolicy=\"strict-origin-when-cross-origin\" allowfullscreen><\/iframe><\/noscript>\n<\/div>\n<\/figure>\n<p>O PSDB j\u00e1 tentou v\u00e1rias alian\u00e7as, mas enfrentou obst\u00e1culos em raz\u00e3o de diverg\u00eancias estaduais e ideol\u00f3gicas. As negocia\u00e7\u00f5es com o Republicanos n\u00e3o avan\u00e7aram, pois preferiam incorporar o PSDB, mantendo seu pr\u00f3prio nome e programa. Por outro lado, o Podemos mostrou disposi\u00e7\u00e3o para colaborar com os tucanos em uma renova\u00e7\u00e3o program\u00e1tica.<\/p>\n<p>As discuss\u00f5es sobre uma poss\u00edvel federa\u00e7\u00e3o futura com o Republicanos continuam, mas s\u00e3o vistas como secund\u00e1rias neste momento.<\/p>\n<p><strong>Leia mais: \u201cPSDB \u2018ressuscita\u2019 no Senado\u201d<\/strong><\/p>\n<p>Al\u00e9m disso, lideran\u00e7as do PSDB e do Podemos realizaram um estudo, o qual sugeriu que a uni\u00e3o dos dois partidos resultaria em um fundo partid\u00e1rio maior do que o do MDB e do PSD, por exemplo. Essa potencial alian\u00e7a poderia oferecer mais recursos p\u00fablicos para as elei\u00e7\u00f5es do que o Republicanos.<\/p>\n<p>Se concretizada, a alian\u00e7a poderia resultar em 33 deputados federais, sete senadores e tr\u00eas governadores. <\/p>\n<\/p><\/div>\n<p><br \/>\n<br \/>Fonte: <a href=\"https:\/\/revistaoeste.com\/politica\/psdb-articula-fusao-com-podemos-para-tentar-voltar-ao-cenario-politico\/\">Ag\u00eancia Brasil<\/a><\/p>\n","protected":false},"excerpt":{"rendered":"<p>O PSDB articula uma fus\u00e3o estrat\u00e9gica com o partido Podemos, com o intuito de revitalizar sua posi\u00e7\u00e3o pol\u00edtica no cen\u00e1rio brasileiro, que se enfraquece a cada ano. A c\u00fapula tucana pretende anunciar essa uni\u00e3o nas pr\u00f3ximas semanas, para reposicionar o PSDB como uma alternativa vi\u00e1vel, entre as for\u00e7as de Luiz In\u00e1cio Lula da Silva, do [&hellip;]<\/p>\n","protected":false},"author":5,"featured_media":14083,"comment_status":"open","ping_status":"open","sticky":false,"template":"","format":"standard","meta":{"_seopress_robots_primary_cat":"","_seopress_titles_title":"","_seopress_titles_desc":"","_seopress_robots_index":"","footnotes":""},"categories":[47,1],"tags":[],"class_list":["post-14082","post","type-post","status-publish","format-standard","has-post-thumbnail","hentry","category-politica","category-ultimas-noticias"],"_links":{"self":[{"href":"https:\/\/mussicom.com\/noticias\/wp-json\/wp\/v2\/posts\/14082","targetHints":{"allow":["GET"]}}],"collection":[{"href":"https:\/\/mussicom.com\/noticias\/wp-json\/wp\/v2\/posts"}],"about":[{"href":"https:\/\/mussicom.com\/noticias\/wp-json\/wp\/v2\/types\/post"}],"author":[{"embeddable":true,"href":"https:\/\/mussicom.com\/noticias\/wp-json\/wp\/v2\/users\/5"}],"replies":[{"embeddable":true,"href":"https:\/\/mussicom.com\/noticias\/wp-json\/wp\/v2\/comments?post=14082"}],"version-history":[{"count":0,"href":"https:\/\/mussicom.com\/noticias\/wp-json\/wp\/v2\/posts\/14082\/revisions"}],"wp:featuredmedia":[{"embeddable":true,"href":"https:\/\/mussicom.com\/noticias\/wp-json\/wp\/v2\/media\/14083"}],"wp:attachment":[{"href":"https:\/\/mussicom.com\/noticias\/wp-json\/wp\/v2\/media?parent=14082"}],"wp:term":[{"taxonomy":"category","embeddable":true,"href":"https:\/\/mussicom.com\/noticias\/wp-json\/wp\/v2\/categories?post=14082"},{"taxonomy":"post_tag","embeddable":true,"href":"https:\/\/mussicom.com\/noticias\/wp-json\/wp\/v2\/tags?post=14082"}],"curies":[{"name":"wp","href":"https:\/\/api.w.org\/{rel}","templated":true}]}}