{"id":14003,"date":"2025-04-19T11:26:37","date_gmt":"2025-04-19T14:26:37","guid":{"rendered":"https:\/\/www.mussicom.com\/nova-exposicao-do-museu-do-cafe-apresenta-fotografias-que-evidenciam-o-trabalho-nas-lavouras-de-cafe\/"},"modified":"2025-04-19T11:26:37","modified_gmt":"2025-04-19T14:26:37","slug":"nova-exposicao-do-museu-do-cafe-apresenta-fotografias-que-evidenciam-o-trabalho-nas-lavouras-de-cafe","status":"publish","type":"post","link":"https:\/\/mussicom.com\/noticias\/nova-exposicao-do-museu-do-cafe-apresenta-fotografias-que-evidenciam-o-trabalho-nas-lavouras-de-cafe\/","title":{"rendered":"Nova exposi\u00e7\u00e3o do Museu do Caf\u00e9 apresenta fotografias que evidenciam o trabalho nas lavouras de caf\u00e9"},"content":{"rendered":"<p> <br \/>\n<\/p>\n<div id=\"texto\">\n<p>O Museu do Caf\u00e9 (MC) \u2013 institui\u00e7\u00e3o da Secretaria da Cultura, Economia e Ind\u00fastria Criativas do Estado de S\u00e3o Paulo \u2013 far\u00e1 a abertura da exposi\u00e7\u00e3o<em>\u00a0Coffea<\/em>\u00a0no dia 26 de abril, \u00e0s 11h. A mostra tempor\u00e1ria re\u00fane mais de trinta fotografias do santista Marcos Piffer, que percorreu os estados de Minas Gerais, S\u00e3o Paulo, Paran\u00e1, Esp\u00edrito Santo, Bahia e Rond\u00f4nia com o objetivo de documentar o dia a dia das lavouras de caf\u00e9.<\/p>\n<p>\u00a0<\/p>\n<p>O fot\u00f3grafo, que j\u00e1 teve trabalhos expostos no Brasil e no exterior em exposi\u00e7\u00f5es coletivas e individuais, registrou desde o amanhecer nas lavouras com os trabalhadores se preparando e juntando seus instrumentos para realizar tarefas como plantio, colheita e beneficiamento at\u00e9 o final do dia, quando voltam pelas estradas de terra para suas casas.<\/p>\n<p>\u00a0<\/p>\n<p>As fotografias que poder\u00e3o ser conferidas pelos visitantes at\u00e9 setembro enfatizam a conex\u00e3o direta com a terra e a import\u00e2ncia do conhecimento e da experi\u00eancia dos trabalhadores em um contexto de avan\u00e7o tecnol\u00f3gico no campo. &#8220;A exposi\u00e7\u00e3o\u00a0<em>Coffea<\/em>\u00a0nos convida a olhar com mais sensibilidade para as pessoas envolvidas diariamente no cultivo do caf\u00e9, revelando n\u00e3o apenas o trabalho, mas tamb\u00e9m a cultura e a hist\u00f3ria presentes em cada gr\u00e3o que chega \u00e0s nossas casas.&#8221;, afirma Alessandra Almeida, diretora-executiva do Museu do Caf\u00e9.<\/p>\n<p>\u00a0<\/p>\n<p>&#8220;As imagens falam da delicadeza das m\u00e3os na derri\u00e7a dos gr\u00e3os e na separa\u00e7\u00e3o das folhas e galhos sobre os panos na colheita, assim como das m\u00e3os que colocam, no plantio, as mudas novas no ch\u00e3o e assentam sobre a terra a esperan\u00e7a de frutos e vidas futuras&#8221;, finaliza Piffer, ressaltando o foco humano do projeto.<\/p>\n<p>\u00a0<\/p>\n<p><strong>Museu do Caf\u00e9<\/strong><\/p>\n<p>Rua XV de Novembro, 95 \u2013 Centro Hist\u00f3rico \u2013 Santos\/SP<br \/>&#13;<br \/>\nTelefone: (13) 3213-1750<br \/>&#13;<br \/>\nFuncionamento: de ter\u00e7a a s\u00e1bado, das 9h \u00e0s 18h, e domingo, das 10h \u00e0s 18h (fechamento da bilheteria \u00e0s 17h)<br \/>&#13;<br \/>\nR$ 16 e meia-entrada para estudantes e pessoas acima de 60 anos | Gr\u00e1tis aos s\u00e1bados e, todos os dias, para as crian\u00e7as at\u00e9 7 anos<br \/>&#13;<br \/>\nAcessibilidade no local \u2013 N\u00e3o possui estacionamento<\/p>\n<p>www.museudocafe.org.br<u>\u00a0<\/u><\/p>\n<\/p><\/div>\n<p><script async defer crossorigin=\"anonymous\" src=\"https:\/\/connect.facebook.net\/pt_BR\/sdk.js#xfbml=1&#038;version=v12.0&#038;appId=&#038;autoLogAppEvents=1\" nonce=\"ou0fI1lo\"><\/script><br \/>\n<br \/><br \/>\n<br \/>Fonte: <a href=\"https:\/\/www.bs9.com.br\/variedades\/nova-exposicao-do-museu-do-cafe-apresenta-fotografias-que-evidenciam-o\/31088\/\">BS9<\/a><\/p>\n","protected":false},"excerpt":{"rendered":"<p>O Museu do Caf\u00e9 (MC) \u2013 institui\u00e7\u00e3o da Secretaria da Cultura, Economia e Ind\u00fastria Criativas do Estado de S\u00e3o Paulo \u2013 far\u00e1 a abertura da exposi\u00e7\u00e3o\u00a0Coffea\u00a0no dia 26 de abril, \u00e0s 11h. A mostra tempor\u00e1ria re\u00fane mais de trinta fotografias do santista Marcos Piffer, que percorreu os estados de Minas Gerais, S\u00e3o Paulo, Paran\u00e1, Esp\u00edrito [&hellip;]<\/p>\n","protected":false},"author":5,"featured_media":14004,"comment_status":"open","ping_status":"open","sticky":false,"template":"","format":"standard","meta":{"_seopress_robots_primary_cat":"","_seopress_titles_title":"","_seopress_titles_desc":"","_seopress_robots_index":"","footnotes":""},"categories":[52],"tags":[],"class_list":["post-14003","post","type-post","status-publish","format-standard","has-post-thumbnail","hentry","category-santoseregiao"],"_links":{"self":[{"href":"https:\/\/mussicom.com\/noticias\/wp-json\/wp\/v2\/posts\/14003","targetHints":{"allow":["GET"]}}],"collection":[{"href":"https:\/\/mussicom.com\/noticias\/wp-json\/wp\/v2\/posts"}],"about":[{"href":"https:\/\/mussicom.com\/noticias\/wp-json\/wp\/v2\/types\/post"}],"author":[{"embeddable":true,"href":"https:\/\/mussicom.com\/noticias\/wp-json\/wp\/v2\/users\/5"}],"replies":[{"embeddable":true,"href":"https:\/\/mussicom.com\/noticias\/wp-json\/wp\/v2\/comments?post=14003"}],"version-history":[{"count":0,"href":"https:\/\/mussicom.com\/noticias\/wp-json\/wp\/v2\/posts\/14003\/revisions"}],"wp:featuredmedia":[{"embeddable":true,"href":"https:\/\/mussicom.com\/noticias\/wp-json\/wp\/v2\/media\/14004"}],"wp:attachment":[{"href":"https:\/\/mussicom.com\/noticias\/wp-json\/wp\/v2\/media?parent=14003"}],"wp:term":[{"taxonomy":"category","embeddable":true,"href":"https:\/\/mussicom.com\/noticias\/wp-json\/wp\/v2\/categories?post=14003"},{"taxonomy":"post_tag","embeddable":true,"href":"https:\/\/mussicom.com\/noticias\/wp-json\/wp\/v2\/tags?post=14003"}],"curies":[{"name":"wp","href":"https:\/\/api.w.org\/{rel}","templated":true}]}}