{"id":13948,"date":"2025-04-19T03:33:01","date_gmt":"2025-04-19T06:33:01","guid":{"rendered":"https:\/\/www.mussicom.com\/tcu-ve-riscos-fiscais-na-gestao-orcamentaria-do-governo-lula\/"},"modified":"2025-04-19T03:33:01","modified_gmt":"2025-04-19T06:33:01","slug":"tcu-ve-riscos-fiscais-na-gestao-orcamentaria-do-governo-lula","status":"publish","type":"post","link":"https:\/\/mussicom.com\/noticias\/tcu-ve-riscos-fiscais-na-gestao-orcamentaria-do-governo-lula\/","title":{"rendered":"TCU v\u00ea riscos fiscais na gest\u00e3o or\u00e7ament\u00e1ria do governo Lula"},"content":{"rendered":"<p> <br \/>\n<\/p>\n<div id=\"hd80s9wa1h892edh8192\">\n<p>O Tribunal de Contas da Uni\u00e3o (TCU) emitiu um alerta sobre o risco de pr\u00e1ticas parafiscais na gest\u00e3o or\u00e7ament\u00e1ria do governo, que podem comprometer a credibilidade das contas p\u00fablicas e impactar negativamente indicadores macroecon\u00f4micos. Um exemplo \u00e9 a desvaloriza\u00e7\u00e3o do real e o aumento das expectativas de infla\u00e7\u00e3o.<\/p>\n<p><strong>+ Leia mais not\u00edcias de Pol\u00edtica em Oeste<\/strong><\/p>\n<p>Uma auditoria em andamento analisa a utiliza\u00e7\u00e3o de recursos extraor\u00e7ament\u00e1rios para financiar e executar gastos p\u00fablicos. O ministro Bruno Dantas, respons\u00e1vel pela relatoria do processo, convocou uma audi\u00eancia p\u00fablica para discutir as descobertas preliminares com a equipe econ\u00f4mica e parlamentares envolvidos na elabora\u00e7\u00e3o do Or\u00e7amento de 2026.<\/p>\n<p>O objetivo \u00e9 apresentar os principais achados da auditoria, que deve ser conclu\u00edda em maio, e debater as implica\u00e7\u00f5es dessas pr\u00e1ticas. Entre os pontos identificados est\u00e1 o n\u00e3o recolhimento de receitas p\u00fablicas \u00e0 Conta \u00danica do Tesouro, evidenciado no Projeto de Lei 3.335\/2024.<\/p>\n<p>O proposta prev\u00ea o repasse direto de R$ 13,6 bilh\u00f5es da explora\u00e7\u00e3o de petr\u00f3leo e g\u00e1s para a Caixa Econ\u00f4mica Federal, destinados ao Novo Aux\u00edlio G\u00e1s, sem passar pelo Or\u00e7amento Geral da Uni\u00e3o. Outro ponto s\u00e3o os honor\u00e1rios advocat\u00edcios de advogados p\u00fablicos, desde 2017, que somam R$ 14,9 bilh\u00f5es em tratamento extraor\u00e7ament\u00e1rio.<\/p>\n<h2 class=\"wp-block-heading\">Uso de fundos privados e p\u00fablicos por parte do governo Lula<\/h2>\n<figure class=\"wp-block-image aligncenter size-full\"><picture><source data-srcset=\"https:\/\/medias.revistaoeste.com\/wp-content\/uploads\/2025\/04\/Lula-9-scaled.jpg.webp 2560w, https:\/\/medias.revistaoeste.com\/wp-content\/uploads\/2025\/04\/Lula-9-300x200.jpg.webp 300w, https:\/\/medias.revistaoeste.com\/wp-content\/uploads\/2025\/04\/Lula-9-150x100.jpg.webp 150w\" data-sizes=\"(max-width: 2560px) 100vw, 2560px\" type=\"image\/webp\"><img fetchpriority=\"high\" decoding=\"async\" width=\"2560\" height=\"1706\" src=\"https:\/\/medias.revistaoeste.com\/wp-content\/uploads\/2025\/04\/Lula-9-scaled.jpg\" alt=\"Lula vem colecionando declara\u00e7\u00f5es machistas nos \u00faltimos meses | Foto: Fabio Rodrigues-Pozzebom\/Ag\u00eancia Brasil\" class=\"wp-image-1960223\" srcset=\"https:\/\/medias.revistaoeste.com\/wp-content\/uploads\/2025\/04\/Lula-9-scaled.jpg 2560w, https:\/\/medias.revistaoeste.com\/wp-content\/uploads\/2025\/04\/Lula-9-300x200.jpg 300w, https:\/\/medias.revistaoeste.com\/wp-content\/uploads\/2025\/04\/Lula-9-150x100.jpg 150w\" sizes=\"(max-width: 2560px) 100vw, 2560px\" data-eio=\"p\"\/><\/source><\/picture><figcaption class=\"wp-element-caption\">Auditoria destaca uso de fundos provados para pol\u00edticas p\u00fablicas do governo Lula, fora da Lei Or\u00e7ament\u00e1ria Anual | Foto: Fabio Rodrigues-Pozzebom\/Ag\u00eancia Brasil<\/figcaption><\/figure>\n<p>A auditoria tamb\u00e9m destaca o uso de fundos privados para pol\u00edticas p\u00fablicas, como o Programa P\u00e9-de-Meia, financiado sem autoriza\u00e7\u00e3o na Lei Or\u00e7ament\u00e1ria Anual. Houve tamb\u00e9m um acordo para repassar R$ 29,75 bilh\u00f5es do Fundo Rio Doce diretamente ao Banco Nacional de Desenvolvimento Econ\u00f4mico e Social (BNDES), sem tr\u00e2nsito pelo Or\u00e7amento Geral da Uni\u00e3o.<\/p>\n<p><strong>Leia mais: \u201cO populismo barato vai custar caro\u201d, reportagem de Carlo Cauti publicada na Edi\u00e7\u00e3o 265 da Revista Oeste<\/strong><\/p>\n<p>A utiliza\u00e7\u00e3o de fundos p\u00fablicos em pol\u00edticas de cr\u00e9dito \u00e9 outra preocupa\u00e7\u00e3o. Foram identificados repasses de mais de R$ 30 bilh\u00f5es ao BNDES em 2024 e uma transfer\u00eancia na faixa 4 do Programa Minha Casa, Minha Vida como receitas financeiras, sem impacto direto no resultado prim\u00e1rio, mas com potencial repercuss\u00e3o na d\u00edvida l\u00edquida do setor p\u00fablico.<\/p>\n<h2 class=\"wp-block-heading\">TCU alerta para riscos fiscais<\/h2>\n<figure class=\"wp-block-embed is-type-video is-provider-youtube wp-block-embed-youtube wp-embed-aspect-16-9 wp-has-aspect-ratio\">\n<div class=\"wp-block-embed__wrapper\">\n<div class=\"perfmatters-lazy-youtube\" data-src=\"https:\/\/www.youtube.com\/embed\/j-uelAI-Tos\" data-id=\"j-uelAI-Tos\" data-query=\"feature=oembed\" onclick=\"perfmattersLazyLoadYouTube(this);\">\n<div><img decoding=\"async\" alt=\"YouTube video\" width=\"480\" height=\"360\" data-pin-nopin=\"true\" nopin=\"nopin\" class=\"perfmatters-lazy\" src=\"https:\/\/i.ytimg.com\/vi\/j-uelAI-Tos\/hqdefault.jpg\"\/><img decoding=\"async\" src=\"https:\/\/i.ytimg.com\/vi\/j-uelAI-Tos\/hqdefault.jpg\" alt=\"YouTube video\" width=\"480\" height=\"360\" data-pin-nopin=\"true\" nopin=\"nopin\"\/><\/div>\n<\/div>\n<p><noscript><iframe title=\"Oposi\u00e7\u00e3o pede ao TCU afastamento de secret\u00e1rio do governo Lula suspeito de corrup\u00e7\u00e3o\" width=\"800\" height=\"450\" src=\"https:\/\/www.youtube.com\/embed\/j-uelAI-Tos?feature=oembed\" frameborder=\"0\" allow=\"accelerometer; autoplay; clipboard-write; encrypted-media; gyroscope; picture-in-picture; web-share\" referrerpolicy=\"strict-origin-when-cross-origin\" allowfullscreen><\/iframe><\/noscript>\n<\/div>\n<\/figure>\n<p>A falta de transpar\u00eancia na gest\u00e3o de fundos p\u00fablicos e privados \u00e9 um ponto central. A aus\u00eancia de uma plataforma centralizada e acess\u00edvel ao p\u00fablico, que re\u00fana informa\u00e7\u00f5es atualizadas sobre fundos usados para pol\u00edticas p\u00fablicas, compromete a integridade e sustentabilidade fiscal.<\/p>\n<p><strong>Leia tamb\u00e9m: \u201cOs Correios come\u00e7am a dar calote\u201d, coluna de Carlo Cauti publicada na Edi\u00e7\u00e3o 265 da Revista Oeste<\/strong><\/p>\n<p>O TCU alertou para riscos de conflitos entre as pol\u00edticas fiscal e monet\u00e1ria. Esses conflitos podem resultar na eleva\u00e7\u00e3o das expectativas de infla\u00e7\u00e3o, aumento das taxas de juros, descontrole da d\u00edvida p\u00fablica e encarecimento do cr\u00e9dito ao consumidor.<\/p>\n<\/p><\/div>\n<p><br \/>\n<br \/>Fonte: <a href=\"https:\/\/revistaoeste.com\/politica\/tcu-alerta-sobre-riscos-fiscais-na-gestao-orcamentaria-do-governo-lula\/\">Ag\u00eancia Brasil<\/a><\/p>\n","protected":false},"excerpt":{"rendered":"<p>O Tribunal de Contas da Uni\u00e3o (TCU) emitiu um alerta sobre o risco de pr\u00e1ticas parafiscais na gest\u00e3o or\u00e7ament\u00e1ria do governo, que podem comprometer a credibilidade das contas p\u00fablicas e impactar negativamente indicadores macroecon\u00f4micos. Um exemplo \u00e9 a desvaloriza\u00e7\u00e3o do real e o aumento das expectativas de infla\u00e7\u00e3o. + Leia mais not\u00edcias de Pol\u00edtica em [&hellip;]<\/p>\n","protected":false},"author":5,"featured_media":11613,"comment_status":"open","ping_status":"open","sticky":false,"template":"","format":"standard","meta":{"_seopress_robots_primary_cat":"","_seopress_titles_title":"","_seopress_titles_desc":"","_seopress_robots_index":"","footnotes":""},"categories":[47,1],"tags":[],"class_list":["post-13948","post","type-post","status-publish","format-standard","has-post-thumbnail","hentry","category-politica","category-ultimas-noticias"],"_links":{"self":[{"href":"https:\/\/mussicom.com\/noticias\/wp-json\/wp\/v2\/posts\/13948","targetHints":{"allow":["GET"]}}],"collection":[{"href":"https:\/\/mussicom.com\/noticias\/wp-json\/wp\/v2\/posts"}],"about":[{"href":"https:\/\/mussicom.com\/noticias\/wp-json\/wp\/v2\/types\/post"}],"author":[{"embeddable":true,"href":"https:\/\/mussicom.com\/noticias\/wp-json\/wp\/v2\/users\/5"}],"replies":[{"embeddable":true,"href":"https:\/\/mussicom.com\/noticias\/wp-json\/wp\/v2\/comments?post=13948"}],"version-history":[{"count":0,"href":"https:\/\/mussicom.com\/noticias\/wp-json\/wp\/v2\/posts\/13948\/revisions"}],"wp:featuredmedia":[{"embeddable":true,"href":"https:\/\/mussicom.com\/noticias\/wp-json\/wp\/v2\/media\/11613"}],"wp:attachment":[{"href":"https:\/\/mussicom.com\/noticias\/wp-json\/wp\/v2\/media?parent=13948"}],"wp:term":[{"taxonomy":"category","embeddable":true,"href":"https:\/\/mussicom.com\/noticias\/wp-json\/wp\/v2\/categories?post=13948"},{"taxonomy":"post_tag","embeddable":true,"href":"https:\/\/mussicom.com\/noticias\/wp-json\/wp\/v2\/tags?post=13948"}],"curies":[{"name":"wp","href":"https:\/\/api.w.org\/{rel}","templated":true}]}}