{"id":13912,"date":"2025-04-18T22:59:08","date_gmt":"2025-04-19T01:59:08","guid":{"rendered":"https:\/\/mussicom.com\/as-semelhancas-entre-a-pascoa-dos-cristaos-e-dos-judeus\/"},"modified":"2025-04-18T22:59:08","modified_gmt":"2025-04-19T01:59:08","slug":"as-semelhancas-entre-a-pascoa-dos-cristaos-e-dos-judeus","status":"publish","type":"post","link":"https:\/\/mussicom.com\/noticias\/as-semelhancas-entre-a-pascoa-dos-cristaos-e-dos-judeus\/","title":{"rendered":"As semelhan\u00e7as entre a P\u00e1scoa dos crist\u00e3os e dos judeus"},"content":{"rendered":"<p> <br \/>\n<\/p>\n<div id=\"hd80s9wa1h892edh8192\">\n<p>Tanto os crist\u00e3os quanto os judeus compartilham das mesmas ra\u00edzes em rela\u00e7\u00e3o \u00e0 celebra\u00e7\u00e3o da P\u00e1scoa. Ou\u2026 Pessach.<\/p>\n<figure class=\"wp-block-embed is-type-video is-provider-youtube wp-block-embed-youtube wp-embed-aspect-16-9 wp-has-aspect-ratio\">\n<div class=\"wp-block-embed__wrapper\">\n<div class=\"perfmatters-lazy-youtube\" data-src=\"https:\/\/www.youtube.com\/embed\/SziGVgnbxXY\" data-id=\"SziGVgnbxXY\" data-query=\"feature=oembed\" onclick=\"perfmattersLazyLoadYouTube(this);\">\n<div><img fetchpriority=\"high\" decoding=\"async\" src=\"https:\/\/i.ytimg.com\/vi\/SziGVgnbxXY\/hqdefault.jpg\" alt=\"YouTube video\" width=\"480\" height=\"360\" data-pin-nopin=\"true\" nopin=\"nopin\"\/><\/div>\n<\/div>\n<p><noscript><iframe title=\"A For\u00e7a do Agro, com Joice Maffezzolli - As semelhan\u00e7as entre a P\u00e1scoa dos crist\u00e3os e dos judeus\" width=\"800\" height=\"450\" src=\"https:\/\/www.youtube.com\/embed\/SziGVgnbxXY?feature=oembed\" frameborder=\"0\" allow=\"accelerometer; autoplay; clipboard-write; encrypted-media; gyroscope; picture-in-picture; web-share\" referrerpolicy=\"strict-origin-when-cross-origin\" allowfullscreen><\/iframe><\/noscript>\n<\/div>\n<\/figure>\n<p>A tradi\u00e7\u00e3o judaica marca a liberta\u00e7\u00e3o dos escravos do <strong>Egito<\/strong>. Serviu como pano de fundo para a P\u00e1scoa crist\u00e3.<\/p>\n<p>O ovo de chocolate e o coelhinho da P\u00e1scoa, apesar da rela\u00e7\u00e3o comercial, t\u00eam um significado especial. Al\u00e9m disso, o ovo tem sua simbologia para os judeus.<\/p>\n<h2 class=\"wp-block-heading\">P\u00e1scoa, crist\u00e3os e judeus<\/h2>\n<p>Em <strong>A For\u00e7a do Agro<\/strong> desta sexta-feira, 18, o espectador descobriu a origem das celebra\u00e7\u00f5es da P\u00e1scoa crist\u00e3 e da Pessach judaica.<\/p>\n<h2 class=\"wp-block-heading\">A For\u00e7a do Agro<\/h2>\n<p>Com uma crescente necessidade de pr\u00e1ticas mais sustent\u00e1veis, o <strong>agroneg\u00f3cio<\/strong> busca inovar constantemente para aprimorar a produtividade e minimizar impactos ambientais.<\/p>\n<p>Em <strong>A For\u00e7a do Agro<\/strong> s\u00e3o apresentados os principais t\u00f3picos que fazem o agro ser t\u00e3o especial.<\/p>\n<p>De segunda a sexta-feira, o programa leva informa\u00e7\u00e3o e conhecimento ao internauta e tem o papel de conectar o campo \u00e0 cidade, mas de uma maneira leve e descontra\u00edda.<\/p>\n<h2 class=\"wp-block-heading\">Servi\u00e7o<\/h2>\n<p><strong>A For\u00e7a do Agro<br \/><\/strong>De segunda a sexta-feira<br \/>\u00c0s 19h50min, depois do <strong>Oeste Sem Filtro<\/strong>, tamb\u00e9m na <em>playlist<\/em> exclusiva no YouTube<br \/><strong>Clique aqui para se inscrever<\/strong><\/p>\n<\/p><\/div>\n<p><br \/>\n<br \/>Fonte: <a href=\"https:\/\/revistaoeste.com\/agronegocio\/as-semelhancas-entre-a-pascoa-dos-cristaos-e-dos-judeus\/\">Revista Oeste<\/a><\/p>\n","protected":false},"excerpt":{"rendered":"<p>Tanto os crist\u00e3os quanto os judeus compartilham das mesmas ra\u00edzes em rela\u00e7\u00e3o \u00e0 celebra\u00e7\u00e3o da P\u00e1scoa. Ou\u2026 Pessach. A tradi\u00e7\u00e3o judaica marca a liberta\u00e7\u00e3o dos escravos do Egito. Serviu como pano de fundo para a P\u00e1scoa crist\u00e3. O ovo de chocolate e o coelhinho da P\u00e1scoa, apesar da rela\u00e7\u00e3o comercial, t\u00eam um significado especial. Al\u00e9m [&hellip;]<\/p>\n","protected":false},"author":5,"featured_media":13913,"comment_status":"open","ping_status":"open","sticky":false,"template":"","format":"standard","meta":{"_seopress_robots_primary_cat":"","_seopress_titles_title":"","_seopress_titles_desc":"","_seopress_robots_index":"","footnotes":""},"categories":[53],"tags":[],"class_list":["post-13912","post","type-post","status-publish","format-standard","has-post-thumbnail","hentry","category-agronegocio"],"_links":{"self":[{"href":"https:\/\/mussicom.com\/noticias\/wp-json\/wp\/v2\/posts\/13912","targetHints":{"allow":["GET"]}}],"collection":[{"href":"https:\/\/mussicom.com\/noticias\/wp-json\/wp\/v2\/posts"}],"about":[{"href":"https:\/\/mussicom.com\/noticias\/wp-json\/wp\/v2\/types\/post"}],"author":[{"embeddable":true,"href":"https:\/\/mussicom.com\/noticias\/wp-json\/wp\/v2\/users\/5"}],"replies":[{"embeddable":true,"href":"https:\/\/mussicom.com\/noticias\/wp-json\/wp\/v2\/comments?post=13912"}],"version-history":[{"count":0,"href":"https:\/\/mussicom.com\/noticias\/wp-json\/wp\/v2\/posts\/13912\/revisions"}],"wp:featuredmedia":[{"embeddable":true,"href":"https:\/\/mussicom.com\/noticias\/wp-json\/wp\/v2\/media\/13913"}],"wp:attachment":[{"href":"https:\/\/mussicom.com\/noticias\/wp-json\/wp\/v2\/media?parent=13912"}],"wp:term":[{"taxonomy":"category","embeddable":true,"href":"https:\/\/mussicom.com\/noticias\/wp-json\/wp\/v2\/categories?post=13912"},{"taxonomy":"post_tag","embeddable":true,"href":"https:\/\/mussicom.com\/noticias\/wp-json\/wp\/v2\/tags?post=13912"}],"curies":[{"name":"wp","href":"https:\/\/api.w.org\/{rel}","templated":true}]}}