{"id":13881,"date":"2025-04-18T20:16:24","date_gmt":"2025-04-18T23:16:24","guid":{"rendered":"https:\/\/www.mussicom.com\/vivo-total-tera-reajuste-de-ate-5-nos-planos-confira-novos-valores\/"},"modified":"2025-04-18T20:16:24","modified_gmt":"2025-04-18T23:16:24","slug":"vivo-total-tera-reajuste-de-ate-5-nos-planos-confira-novos-valores","status":"publish","type":"post","link":"https:\/\/mussicom.com\/noticias\/vivo-total-tera-reajuste-de-ate-5-nos-planos-confira-novos-valores\/","title":{"rendered":"Vivo Total ter\u00e1 reajuste de at\u00e9 5% nos planos; confira novos valores"},"content":{"rendered":"<p> <br \/>\n<\/p>\n<div>\n<p>A Vivo est\u00e1 comunicando a seus clientes que os planos do Vivo Total ter\u00e3o aumento de at\u00e9 5% j\u00e1 a partir deste m\u00eas de abril. Os reajustes, que ser\u00e3o de R$ 5 ou R$ 6, afetar\u00e3o pelo menos sete planos.<\/p>\n<p>O Vivo Total \u00e9 um plano que combina os servi\u00e7os de fibra (internet residencial) e p\u00f3s-pago (internet m\u00f3vel). Atualmente, os clientes podem escolher a franquia de internet que vai de 500 Mega (internet residencial) at\u00e9 1 Giga em valores que v\u00e3o de R$ 160\/m\u00eas a R$ 1200\/m\u00eas.<\/p>\n<p>De acordo com mat\u00e9ria do Tecnoblog, um comunicado sobre o assunto foi divulgado em fevereiro no site oficial da operadora. Nas \u00faltimas semanas, a empresa tem refor\u00e7ado a quest\u00e3o a partir de mensagens SMS para os clientes.<\/p>\n<p><span class=\"img-fc\" data-fonte=\"Vivo\/Divulga\u00e7\u00e3o\" data-fonte-url=\"\"><\/span><span class=\"img-fc desc\" data-fonte=\"Vivo\/Divulga\u00e7\u00e3o\" data-fonte-url=\"\">Os novos planos do Vivo Total ter\u00e3o reajuste a partir do dia 26 de abril. (Imagem: Vivo\/Divulga\u00e7\u00e3o)<\/span><\/p>\n<p>\u201cTodas as altera\u00e7\u00f5es que fazemos nos planos e pre\u00e7os possuem sempre o mesmo objetivo: melhorar sua experi\u00eancia Vivo, investindo mais em tecnologia e produtos de qualidade para voc\u00ea\u201d, justifica a companhia.<\/p>\n<p>Confira, abaixo, os novos valores dos planos e os reajustes:<\/p>\n<p><strong>| Plano\u00a0\u00a0\u00a0\u00a0\u00a0\u00a0\u00a0\u00a0\u00a0\u00a0\u00a0\u00a0\u00a0\u00a0\u00a0\u00a0\u00a0\u00a0 | Pre\u00e7o\u00a0\u00a0\u00a0\u00a0 | Aumento\u00a0\u00a0 | Pre\u00e7o Final | Aumento (em %) |<\/strong><\/p>\n<p>|&#8212;&#8212;&#8212;&#8212;&#8212;&#8212;&#8212;&#8212;-|&#8212;&#8212;&#8212;&#8211;|&#8212;&#8212;&#8212;&#8211;|&#8212;&#8212;&#8212;&#8212;-|&#8212;&#8212;&#8212;&#8212;-|<\/p>\n<p>|<strong> Vivo Total B\u00e1sico\u00a0\u00a0<\/strong> \u00a0\u00a0\u00a0 | R$ 100,00 | R$ 5,00\u00a0\u00a0\u00a0 | R$ 105,00\u00a0\u00a0\u00a0 | 5,00%\u00a0\u00a0\u00a0\u00a0\u00a0\u00a0 |<\/p>\n<p>| <strong>Vivo Total Essencial\u00a0\u00a0<\/strong> \u00a0| R$ 140,00 | R$ 5,00\u00a0\u00a0\u00a0 | R$ 145,00\u00a0\u00a0\u00a0 | 3,57%\u00a0\u00a0\u00a0\u00a0\u00a0\u00a0 |<\/p>\n<p>| <strong>Vivo Total Pro\u00a0\u00a0\u00a0\u00a0<\/strong> \u00a0\u00a0\u00a0\u00a0 | R$ 160,00 | R$ 6,00\u00a0\u00a0\u00a0 | R$ 166,00\u00a0\u00a0\u00a0 | 3,75%\u00a0\u00a0\u00a0\u00a0\u00a0\u00a0 |<\/p>\n<p>| <strong>Vivo Total Fam\u00edlia 2\u00a0\u00a0<\/strong> \u00a0| R$ 270,00 | R$ 6,00\u00a0\u00a0\u00a0 | R$ 276,00\u00a0\u00a0\u00a0 | 2,22%\u00a0\u00a0\u00a0\u00a0\u00a0\u00a0 |<\/p>\n<p>| <strong>Vivo Total Fam\u00edlia 3<\/strong>\u00a0\u00a0\u00a0 | R$ 330,00 | R$ 6,00\u00a0\u00a0\u00a0 | R$ 336,00\u00a0\u00a0\u00a0 | 1,82%\u00a0\u00a0\u00a0\u00a0\u00a0\u00a0 |<\/p>\n<p>| <strong>Vivo Total Fam\u00edlia 4\u00a0\u00a0<\/strong> \u00a0| R$ 420,00 | R$ 6,00\u00a0\u00a0\u00a0 | R$ 426,00 \u00a0\u00a0\u00a0| 1,43%\u00a0\u00a0\u00a0\u00a0\u00a0\u00a0 |<\/p>\n<p>| <strong>Vivo Total Fam\u00edlia 5\u00a0<\/strong>\u00a0\u00a0 | R$ 520,00 | R$ 6,00\u00a0\u00a0\u00a0 | R$ 526,00\u00a0\u00a0\u00a0 | 1,15%\u00a0\u00a0\u00a0\u00a0\u00a0\u00a0 |<\/p>\n<p>\u00a0<\/p>\n<h2>Outro lado<\/h2>\n<p>O <strong>TecMundo<\/strong> entrou em contato com a Vivo para esclarecer algumas quest\u00f5es. A operadora pontuou, por nota, que os reajustes s\u00f3 valer\u00e3o para os planos \u201c<span style=\"font-family:&quot;Calibri&quot;,sans-serif;\"><span style=\"font-size:12.0pt;line-height:115%;mso-ansi-language:PT-BR;mso-bidi-language:AR-SA;mso-fareast-font-family:Aptos;mso-fareast-language:EN-US;\">Vivo Total B\u00e1sico, Vivo Total Essencial, Vivo Total Pro, Vivo Total Fam\u00edlia 2, Vivo Total Fam\u00edlia 3, Vivo Total Fam\u00edlia 4 e Vivo Total Fam\u00edlia 5 contratados at\u00e9 31\/01\/2025\u201d.<\/span><\/span><\/p>\n<p class=\"MsoNormal\">\u201cO valor do reajuste, que ser\u00e1 aplicado de acordo com a data de vencimento a partir de 26 de abril, foi devidamente informado aos clientes via fatura e por SMS. Para mais informa\u00e7\u00f5es, o cliente pode consultar o site da Vivo neste link\u00a0ou ligar *8486 do seu celular Vivo. A companhia mant\u00e9m ainda a central 0800 772 8346 ou 142 para clientes que necessitam de suporte auditivo\u201d, acrescentou a marca.<\/p>\n<p class=\"MsoNormal\">E a\u00ed, voc\u00ea \u00e9 cliente Vivo Total? O que achou dos reajustes? Acesse o site do TecMundo para saber todas as novidades do mundo da tecnologia!<\/p>\n<p>\u00a0<\/p>\n<p>\u00a0<\/p>\n<p>\u00a0<\/p>\n<\/div>\n<p><br \/>\n<br \/>Fonte: <a href=\"https:\/\/www.tecmundo.com.br\/mercado\/404067-vivo-total-tera-reajuste-de-ate-5-nos-planos-confira-novos-valores.htm\">TecMundo<\/a><\/p>\n","protected":false},"excerpt":{"rendered":"<p>A Vivo est\u00e1 comunicando a seus clientes que os planos do Vivo Total ter\u00e3o aumento de at\u00e9 5% j\u00e1 a partir deste m\u00eas de abril. Os reajustes, que ser\u00e3o de R$ 5 ou R$ 6, afetar\u00e3o pelo menos sete planos. O Vivo Total \u00e9 um plano que combina os servi\u00e7os de fibra (internet residencial) e [&hellip;]<\/p>\n","protected":false},"author":5,"featured_media":13882,"comment_status":"open","ping_status":"open","sticky":false,"template":"","format":"standard","meta":{"_seopress_robots_primary_cat":"","_seopress_titles_title":"","_seopress_titles_desc":"","_seopress_robots_index":"","footnotes":""},"categories":[50],"tags":[],"class_list":["post-13881","post","type-post","status-publish","format-standard","has-post-thumbnail","hentry","category-tecnologia"],"_links":{"self":[{"href":"https:\/\/mussicom.com\/noticias\/wp-json\/wp\/v2\/posts\/13881","targetHints":{"allow":["GET"]}}],"collection":[{"href":"https:\/\/mussicom.com\/noticias\/wp-json\/wp\/v2\/posts"}],"about":[{"href":"https:\/\/mussicom.com\/noticias\/wp-json\/wp\/v2\/types\/post"}],"author":[{"embeddable":true,"href":"https:\/\/mussicom.com\/noticias\/wp-json\/wp\/v2\/users\/5"}],"replies":[{"embeddable":true,"href":"https:\/\/mussicom.com\/noticias\/wp-json\/wp\/v2\/comments?post=13881"}],"version-history":[{"count":0,"href":"https:\/\/mussicom.com\/noticias\/wp-json\/wp\/v2\/posts\/13881\/revisions"}],"wp:featuredmedia":[{"embeddable":true,"href":"https:\/\/mussicom.com\/noticias\/wp-json\/wp\/v2\/media\/13882"}],"wp:attachment":[{"href":"https:\/\/mussicom.com\/noticias\/wp-json\/wp\/v2\/media?parent=13881"}],"wp:term":[{"taxonomy":"category","embeddable":true,"href":"https:\/\/mussicom.com\/noticias\/wp-json\/wp\/v2\/categories?post=13881"},{"taxonomy":"post_tag","embeddable":true,"href":"https:\/\/mussicom.com\/noticias\/wp-json\/wp\/v2\/tags?post=13881"}],"curies":[{"name":"wp","href":"https:\/\/api.w.org\/{rel}","templated":true}]}}