{"id":13819,"date":"2025-04-18T14:19:30","date_gmt":"2025-04-18T17:19:30","guid":{"rendered":"https:\/\/www.mussicom.com\/cnj-afasta-desembargador-que-criticou-stf-e-lula\/"},"modified":"2025-04-18T14:19:30","modified_gmt":"2025-04-18T17:19:30","slug":"cnj-afasta-desembargador-que-criticou-stf-e-lula","status":"publish","type":"post","link":"https:\/\/mussicom.com\/noticias\/cnj-afasta-desembargador-que-criticou-stf-e-lula\/","title":{"rendered":"CNJ afasta desembargador que criticou STF e Lula"},"content":{"rendered":"<p> <br \/>\n<\/p>\n<div id=\"hd80s9wa1h892edh8192\">\n<p>O plen\u00e1rio do Conselho Nacional de Justi\u00e7a (CNJ) decidiu afastar o desembargador Marcelo Lima Buhatem, do Tribunal de Justi\u00e7a do Rio de Janeiro (TJ-RJ), por 60 dias, em raz\u00e3o cr\u00edticas feitas, em postagens nas redes sociais, ao Supremo Tribunal Federal (STF), ao presidente Luiz In\u00e1cio Lula da Silva e elogios ao ex-presidente Jair Bolsonaro. <\/p>\n<p>+ <strong>CNJ pune ju\u00edzes de direita, mas tolera erros do Judici\u00e1rio, afirma jornal<\/strong><\/p>\n<p>Entre as postagens que fundamentaram a decis\u00e3o est\u00e1 uma mensagem no WhatsApp que associava Lula ao Comando Vermelho. Buhatem compartilhou uma reportagem sobre a visita de Lula a uma favela, o Complexo do Alem\u00e3o, onde nem mesmo a pol\u00edcia consegue entrar, com a legenda: \u201cLula \u00e9 convidado de honra do Comando Vermelho.\u201d<\/p>\n<p>Em outra publica\u00e7\u00e3o, o desembargador compartilhou a imagem de uma capa do jornal <em>Folha de S.Paulo<\/em>, com uma pesquisa eleitoral do Datafolha, e comentou: \u201cIsso sim, tinha que est\u00e1 [<em>sic<\/em>] no Inqu\u00e9rito das Fake News! Ato contra democracia!\u201d.<\/p>\n<p>Em nota, o CNJ afirmou que \u201co teor pol\u00edtico-partid\u00e1rio foi identificado no perfil pessoal do desembargador na plataforma LinkedIn, acessada em 7\/3\/2023. Ele encaminhou mensagens de grande alcance e publica\u00e7\u00f5es cujo teor questionava a credibilidade do sistema judicial e eleitoral brasileiro. O CNJ considerou que as postagens fomentaram a desconfian\u00e7a social acerca da justi\u00e7a, seguran\u00e7a e transpar\u00eancia das elei\u00e7\u00f5es, conforme alerta o processo disciplinar\u201d.<\/p>\n<h2 class=\"wp-block-heading\">Outras postagens do desembargador afastado pelo CNJ<\/h2>\n<p>A Corregedoria Nacional do CNJ tamb\u00e9m listou outras postagens de Buhatem, incluindo cr\u00edticas a ministros do STF, questionamentos sobre a integridade do sistema eleitoral e apoio ao ex-presidente Jair Bolsonaro.<\/p>\n<p>+ <strong>Mais um juiz na mira do CNJ<\/strong><\/p>\n<p>Um exemplo destacado foi uma nota publicada por Buhatem, enquanto presidia a Associa\u00e7\u00e3o Nacional de Desembargadores (Andes), na qual criticava os ataques do ex-deputado Roberto Jefferson \u00e0 ministra do STF, C\u00e1rmen L\u00facia, mas inclu\u00eda coment\u00e1rios que, segundo a Corregedoria, indicavam apoio a Bolsonaro, ent\u00e3o candidato \u00e0 reelei\u00e7\u00e3o. Nessa nota, Buhatem descreveu Jefferson como um \u201clobo solit\u00e1rio\u201d.<\/p>\n<figure class=\"wp-block-embed is-type-video is-provider-youtube wp-block-embed-youtube wp-embed-aspect-16-9 wp-has-aspect-ratio\">\n<div class=\"wp-block-embed__wrapper\">\n<div class=\"perfmatters-lazy-youtube\" data-src=\"https:\/\/www.youtube.com\/embed\/8FgPpXwsUp0\" data-id=\"8FgPpXwsUp0\" data-query=\"feature=oembed\" onclick=\"perfmattersLazyLoadYouTube(this);\">\n<div><img fetchpriority=\"high\" decoding=\"async\" src=\"https:\/\/i.ytimg.com\/vi\/8FgPpXwsUp0\/hqdefault.jpg\" alt=\"YouTube video\" width=\"480\" height=\"360\" data-pin-nopin=\"true\" nopin=\"nopin\"\/><\/div>\n<\/div>\n<p><noscript><iframe title=\"Magistrados recebem R$ 12,4 mil extras por m\u00eas com novo penduricalho concedido pelo CNJ\" width=\"800\" height=\"450\" src=\"https:\/\/www.youtube.com\/embed\/8FgPpXwsUp0?feature=oembed\" frameborder=\"0\" allow=\"accelerometer; autoplay; clipboard-write; encrypted-media; gyroscope; picture-in-picture; web-share\" referrerpolicy=\"strict-origin-when-cross-origin\" allowfullscreen><\/iframe><\/noscript>\n<\/div>\n<\/figure>\n<p>Al\u00e9m das postagens de car\u00e1ter pol\u00edtico, Buhatem foi investigado por suposta parcialidade, paralisa\u00e7\u00e3o de processos no gabinete e omiss\u00e3o sobre suspei\u00e7\u00e3o em casos envolvendo uma advogada com la\u00e7os familiares. Contudo, n\u00e3o havia provas para essas alega\u00e7\u00f5es.<\/p>\n<p>+ <strong>Leia mais not\u00edcias de\u00a0Pol\u00edtica\u00a0em Oeste<\/strong><\/p>\n<p>O conselheiro Alexandre Teixeira, relator do caso, prop\u00f4s inicialmente um afastamento de 90 dias. No entanto, a maioria do plen\u00e1rio seguiu o voto divergente do conselheiro Caputo Bastos, sugerindo uma penalidade de 60 dias. O julgamento ocorreu em 8 de abril.<\/p>\n<h2 class=\"wp-block-heading\" id=\"argumentos-da-defesa-de-buhatem\">Defesa de Buhatem<\/h2>\n<p>A defesa de Buhatem argumentou que ele apenas \u201ccurtiu\u201d postagens institucionais do ent\u00e3o presidente Jair Bolsonaro, sem expressar opini\u00f5es pessoais. Afirmou tamb\u00e9m que as intera\u00e7\u00f5es ocorreram em 2023, depois do per\u00edodo eleitoral.<\/p>\n<p><strong>Leia tamb\u00e9m: A patrulha do Judici\u00e1rio, reportagem publicada na Edi\u00e7\u00e3o 185 da Revista Oeste<\/strong><\/p>\n<\/p><\/div>\n<p><br \/>\n<br \/>Fonte: <a href=\"https:\/\/revistaoeste.com\/politica\/cnj-afasta-desembargador-que-criticou-stf-e-lula\/\">Ag\u00eancia Brasil<\/a><\/p>\n","protected":false},"excerpt":{"rendered":"<p>O plen\u00e1rio do Conselho Nacional de Justi\u00e7a (CNJ) decidiu afastar o desembargador Marcelo Lima Buhatem, do Tribunal de Justi\u00e7a do Rio de Janeiro (TJ-RJ), por 60 dias, em raz\u00e3o cr\u00edticas feitas, em postagens nas redes sociais, ao Supremo Tribunal Federal (STF), ao presidente Luiz In\u00e1cio Lula da Silva e elogios ao ex-presidente Jair Bolsonaro. + [&hellip;]<\/p>\n","protected":false},"author":5,"featured_media":13820,"comment_status":"open","ping_status":"open","sticky":false,"template":"","format":"standard","meta":{"_seopress_robots_primary_cat":"","_seopress_titles_title":"","_seopress_titles_desc":"","_seopress_robots_index":"","footnotes":""},"categories":[47,1],"tags":[],"class_list":["post-13819","post","type-post","status-publish","format-standard","has-post-thumbnail","hentry","category-politica","category-ultimas-noticias"],"_links":{"self":[{"href":"https:\/\/mussicom.com\/noticias\/wp-json\/wp\/v2\/posts\/13819","targetHints":{"allow":["GET"]}}],"collection":[{"href":"https:\/\/mussicom.com\/noticias\/wp-json\/wp\/v2\/posts"}],"about":[{"href":"https:\/\/mussicom.com\/noticias\/wp-json\/wp\/v2\/types\/post"}],"author":[{"embeddable":true,"href":"https:\/\/mussicom.com\/noticias\/wp-json\/wp\/v2\/users\/5"}],"replies":[{"embeddable":true,"href":"https:\/\/mussicom.com\/noticias\/wp-json\/wp\/v2\/comments?post=13819"}],"version-history":[{"count":0,"href":"https:\/\/mussicom.com\/noticias\/wp-json\/wp\/v2\/posts\/13819\/revisions"}],"wp:featuredmedia":[{"embeddable":true,"href":"https:\/\/mussicom.com\/noticias\/wp-json\/wp\/v2\/media\/13820"}],"wp:attachment":[{"href":"https:\/\/mussicom.com\/noticias\/wp-json\/wp\/v2\/media?parent=13819"}],"wp:term":[{"taxonomy":"category","embeddable":true,"href":"https:\/\/mussicom.com\/noticias\/wp-json\/wp\/v2\/categories?post=13819"},{"taxonomy":"post_tag","embeddable":true,"href":"https:\/\/mussicom.com\/noticias\/wp-json\/wp\/v2\/tags?post=13819"}],"curies":[{"name":"wp","href":"https:\/\/api.w.org\/{rel}","templated":true}]}}