{"id":13793,"date":"2025-04-18T12:17:09","date_gmt":"2025-04-18T15:17:09","guid":{"rendered":"https:\/\/www.mussicom.com\/depois-de-acordo-com-glauber-sostenes-faz-apelo-a-motta\/"},"modified":"2025-04-18T12:17:09","modified_gmt":"2025-04-18T15:17:09","slug":"depois-de-acordo-com-glauber-sostenes-faz-apelo-a-motta","status":"publish","type":"post","link":"https:\/\/mussicom.com\/noticias\/depois-de-acordo-com-glauber-sostenes-faz-apelo-a-motta\/","title":{"rendered":"depois de acordo com Glauber, S\u00f3stenes faz apelo a Motta"},"content":{"rendered":"<p> <br \/>\n<\/p>\n<div id=\"hd80s9wa1h892edh8192\">\n<p>O l\u00edder do Partido Liberal (PL) na C\u00e2mara, deputado S\u00f3stenes Cavalcante (PL-RJ), fez um novo apelo a Hugo Motta. O parlamentar pediu que o presidente da Casa paute o requerimento de urg\u00eancia que possibilita a vota\u00e7\u00e3o da anistia diretamente no plen\u00e1rio.<\/p>\n<p>Ao falar sobre a anistia, S\u00f3stenes citou \u201cgesto\u201d de Motta com o deputado Glauber Braga (Psol-SP), que <strong>encerrou a greve de fome de nove dias<\/strong> depois de um acordo firmado com o presidente da C\u00e2mara.\u00a0<\/p>\n<p>\u201cRespeitamos o gesto com o deputado do Psol, garantindo prazo e dignidade\u201d, declarou o l\u00edder no X. \u201cTemos plena confian\u00e7a de que o mesmo ser\u00e1 feito com os patriotas presos injustamente.\u201d<\/p>\n<figure class=\"wp-block-embed is-type-rich is-provider-twitter wp-block-embed-twitter\">\n<div class=\"wp-block-embed__wrapper\">\n<blockquote class=\"twitter-tweet\" data-width=\"500\" data-dnt=\"true\">\n<p lang=\"pt\" dir=\"ltr\">O deputado federal Glauber Braga (Psol-RJ) encerrou sua greve de fome depois de nove dias. Durante o pedido, o parlamentar dormiu no plen\u00e1rio 5 da Casa, onde recebeu centenas de apoiadores e aliados pol\u00edticos.<\/p>\n<p>\ud83c\udfa5 Sarah Peres (<a href=\"https:\/\/twitter.com\/sarahperesjorn?ref_src=twsrc%5Etfw\">@sarahperesjorn<\/a>) <a href=\"https:\/\/t.co\/eh8KGIOoSE\">pic.twitter.com\/eh8KGIOoSE<\/a><\/p>\n<p>\u2014 Revista Oeste (@revistaoeste) <a href=\"https:\/\/twitter.com\/revistaoeste\/status\/1912994471848845454?ref_src=twsrc%5Etfw\">April 17, 2025<\/a><\/p><\/blockquote>\n<\/div>\n<\/figure>\n<p>O l\u00edder do PL citou o caso de Cleriston Cunha, mais conhecido como Clez\u00e3o, preso em 8 de janeiro, que morreu no Complexo Penitenci\u00e1rio da Papuda em novembro de 2023. Ele sofreu um infarto enquanto tomava banho de sol.<\/p>\n<blockquote class=\"wp-block-quote is-layout-flow wp-block-quote-is-layout-flow\">\n<p>\u201cClez\u00e3o morreu esperando justi\u00e7a\u201d, afirmou S\u00f3stenes. \u201cIdosos seguem encarcerados, com sa\u00fade fragilizada e direitos ignorados. A urg\u00eancia da Anistia tem 264 assinaturas. N\u00e3o \u00e9 caso de 1 \u00fanico deputado. \u00c9 o grito da maioria \u2014 e do povo.\u201d<\/p>\n<\/blockquote>\n<p><strong>+ Hugo Motta anuncia acordo que encerra greve de fome de Glauber Braga<\/strong><\/p>\n<p>Ainda na publica\u00e7\u00e3o, o parlamentar citou o discurso de posse de Motta como presidente da C\u00e2mara. \u201cO senhor afirmou:\u00a0 \u2018Servir ao Brasil, servir ao Brasil, servir ao Brasil\u2019\u201d, destacou.<\/p>\n<p>\u201cSabemos que o senhor tem lado: O lado da justi\u00e7a. O lado da palavra cumprida. O lado do Brasil que acredita na liberdade\u201d, acrescentou o l\u00edder do PL.\u00a0<\/p>\n<figure class=\"wp-block-embed is-type-rich is-provider-twitter wp-block-embed-twitter\">\n<div class=\"wp-block-embed__wrapper\">\n<blockquote class=\"twitter-tweet\" data-width=\"500\" data-dnt=\"true\">\n<p lang=\"pt\" dir=\"ltr\">Presidente <a href=\"https:\/\/twitter.com\/HugoMottaPB?ref_src=twsrc%5Etfw\">@HugoMottaPB<\/a>,  <br \/>respeitamos o gesto com o deputado do PSOL, garantindo prazo e dignidade.<\/p>\n<p>Temos plena confian\u00e7a de que o mesmo ser\u00e1 feito com os patriotas presos injustamente.<\/p>\n<p>Clez\u00e3o morreu esperando justi\u00e7a.<\/p>\n<p>Idosos seguem encarcerados, com sa\u00fade fragilizada e\u2026<\/p>\n<p>\u2014 S\u00f3stenes Cavalcante (@DepSostenes) <a href=\"https:\/\/twitter.com\/DepSostenes\/status\/1912992988130591077?ref_src=twsrc%5Etfw\">April 17, 2025<\/a><\/p><\/blockquote>\n<\/div>\n<\/figure>\n<h2 class=\"wp-block-heading\"><strong>\u201cBolsonaro \u00e9 o l\u00edder da anistia\u201d<\/strong><\/h2>\n<p>S\u00f3stenes tamb\u00e9m falou sobre a lideran\u00e7a do ex-presidente Jair Bolsonaro (PL) na mobiliza\u00e7\u00e3o pela anistia humanit\u00e1ria: \u201cFoi ele quem levantou essa bandeira com coragem diante do povo nas ruas, pedindo justi\u00e7a para os que v\u00eam sendo condenados com penas desproporcionais\u201d.<\/p>\n<p><strong>+ V\u00eddeo: Bolsonaro realiza sess\u00e3o de fisioterapia no hospital<\/strong><\/p>\n<p>Apesar do papel fundamental de Bolsonaro, o parlamentar esclareceu que n\u00e3o h\u00e1 previs\u00e3o para que o ex-presidente seja beneficiado pela proposta que beneficia os presos do 8 de janeiro de 2023.<\/p>\n<p>\u201cO texto final da Anistia ser\u00e1 decidido soberanamente pelos plen\u00e1rios da C\u00e2mara e do Senado\u201d, alertou. \u201cCircula na imprensa a ideia de que a \u2018\u00faltima palavra\u2019 ser\u00e1 do presidente Bolsonaro. Essa informa\u00e7\u00e3o n\u00e3o procede.\u201d<\/p>\n<figure class=\"wp-block-image aligncenter size-full\"><picture><source data-srcset=\"https:\/\/medias.revistaoeste.com\/wp-content\/uploads\/2025\/04\/AGE20250406004-scaled.jpg.webp 2560w, https:\/\/medias.revistaoeste.com\/wp-content\/uploads\/2025\/04\/AGE20250406004-300x200.jpg.webp 300w, https:\/\/medias.revistaoeste.com\/wp-content\/uploads\/2025\/04\/AGE20250406004-150x100.jpg.webp 150w\" data-sizes=\"(max-width: 2560px) 100vw, 2560px\" type=\"image\/webp\"><img fetchpriority=\"high\" decoding=\"async\" width=\"2560\" height=\"1707\" src=\"https:\/\/medias.revistaoeste.com\/wp-content\/uploads\/2025\/04\/AGE20250406004-scaled.jpg\" alt=\"O ex-presidente Jair Bolsonaro durante ato pela anistia dos envolvidos nas invas\u00f5es em Bras\u00edlia no dia 8 de janeiro de 2023, na Avenida Paulista, em S\u00e3o Paulo (SP), neste domingo, 6 \u2014 6\/4\/2025 | Foto: Tiago Queiroz\/Estad\u00e3o Conte\u00fado\" class=\"wp-image-1949989\" srcset=\"https:\/\/medias.revistaoeste.com\/wp-content\/uploads\/2025\/04\/AGE20250406004-scaled.jpg 2560w, https:\/\/medias.revistaoeste.com\/wp-content\/uploads\/2025\/04\/AGE20250406004-300x200.jpg 300w, https:\/\/medias.revistaoeste.com\/wp-content\/uploads\/2025\/04\/AGE20250406004-150x100.jpg 150w\" sizes=\"(max-width: 2560px) 100vw, 2560px\" data-eio=\"p\"\/><\/source><\/picture><figcaption class=\"wp-element-caption\">O ex-presidente Jair Bolsonaro durante ato pela anistia dos envolvidos nas invas\u00f5es em Bras\u00edlia no dia 8 de janeiro de 2023, na Avenida Paulista, em S\u00e3o Paulo (SP), em 6 de abril | Foto: Tiago Queiroz\/Estad\u00e3o Conte\u00fado<\/figcaption><\/figure>\n<p>O l\u00edder do PL afirmou que Bolsonaro tem dialogado com os parlamentares sobre a anistia, \u201couvindo sugest\u00f5es, propondo melhorias e apresentando contribui\u00e7\u00f5es para o relator \u2014 com o objetivo de fortalecer o texto e ampliar os apoios\u201d.\u00a0<\/p>\n<p>Entretanto, S\u00f3stenes destacou que o texto final vai ser protocolado conforme \u201cdetermina a Constitui\u00e7\u00e3o\u201d: \u201cA \u00faltima palavra sempre ser\u00e1 do Parlamento\u201d.<\/p>\n<figure class=\"wp-block-embed is-type-rich is-provider-twitter wp-block-embed-twitter\">\n<div class=\"wp-block-embed__wrapper\">\n<blockquote class=\"twitter-tweet\" data-width=\"500\" data-dnt=\"true\">\n<p lang=\"pt\" dir=\"ltr\">O l\u00edder da mobiliza\u00e7\u00e3o pela Anistia Humanit\u00e1ria \u00e9 o nosso eterno presidente Jair Bolsonaro.<\/p>\n<p>Foi ele quem levantou essa bandeira com coragem diante do povo nas ruas, pedindo justi\u00e7a para os que v\u00eam sendo condenados com penas desproporcionais.<\/p>\n<p>Contudo, \u00e9 importante esclarecer:<br \/>O\u2026<\/p>\n<p>\u2014 S\u00f3stenes Cavalcante (@DepSostenes) <a href=\"https:\/\/twitter.com\/DepSostenes\/status\/1912907985107497234?ref_src=twsrc%5Etfw\">April 17, 2025<\/a><\/p><\/blockquote>\n<\/div>\n<\/figure>\n<p><strong>+ Leia mais not\u00edcias de Pol\u00edtica em Oeste<\/strong><\/p>\n<\/p><\/div>\n<p><script async src=\"\/\/platform.twitter.com\/widgets.js\" charset=\"utf-8\"><\/script><br \/>\n<br \/><br \/>\n<br \/>Fonte: <a href=\"https:\/\/www.revistaoeste.com\/politica\/anistia-depois-de-acordo-com-glauber-sostenes-faz-apelo-a-motta\/\">Ag\u00eancia Brasil<\/a><\/p>\n","protected":false},"excerpt":{"rendered":"<p>O l\u00edder do Partido Liberal (PL) na C\u00e2mara, deputado S\u00f3stenes Cavalcante (PL-RJ), fez um novo apelo a Hugo Motta. O parlamentar pediu que o presidente da Casa paute o requerimento de urg\u00eancia que possibilita a vota\u00e7\u00e3o da anistia diretamente no plen\u00e1rio. Ao falar sobre a anistia, S\u00f3stenes citou \u201cgesto\u201d de Motta com o deputado Glauber [&hellip;]<\/p>\n","protected":false},"author":5,"featured_media":13794,"comment_status":"open","ping_status":"open","sticky":false,"template":"","format":"standard","meta":{"_seopress_robots_primary_cat":"","_seopress_titles_title":"","_seopress_titles_desc":"","_seopress_robots_index":"","footnotes":""},"categories":[47,1],"tags":[],"class_list":["post-13793","post","type-post","status-publish","format-standard","has-post-thumbnail","hentry","category-politica","category-ultimas-noticias"],"_links":{"self":[{"href":"https:\/\/mussicom.com\/noticias\/wp-json\/wp\/v2\/posts\/13793","targetHints":{"allow":["GET"]}}],"collection":[{"href":"https:\/\/mussicom.com\/noticias\/wp-json\/wp\/v2\/posts"}],"about":[{"href":"https:\/\/mussicom.com\/noticias\/wp-json\/wp\/v2\/types\/post"}],"author":[{"embeddable":true,"href":"https:\/\/mussicom.com\/noticias\/wp-json\/wp\/v2\/users\/5"}],"replies":[{"embeddable":true,"href":"https:\/\/mussicom.com\/noticias\/wp-json\/wp\/v2\/comments?post=13793"}],"version-history":[{"count":0,"href":"https:\/\/mussicom.com\/noticias\/wp-json\/wp\/v2\/posts\/13793\/revisions"}],"wp:featuredmedia":[{"embeddable":true,"href":"https:\/\/mussicom.com\/noticias\/wp-json\/wp\/v2\/media\/13794"}],"wp:attachment":[{"href":"https:\/\/mussicom.com\/noticias\/wp-json\/wp\/v2\/media?parent=13793"}],"wp:term":[{"taxonomy":"category","embeddable":true,"href":"https:\/\/mussicom.com\/noticias\/wp-json\/wp\/v2\/categories?post=13793"},{"taxonomy":"post_tag","embeddable":true,"href":"https:\/\/mussicom.com\/noticias\/wp-json\/wp\/v2\/tags?post=13793"}],"curies":[{"name":"wp","href":"https:\/\/api.w.org\/{rel}","templated":true}]}}