{"id":13692,"date":"2025-04-18T03:08:23","date_gmt":"2025-04-18T06:08:23","guid":{"rendered":"https:\/\/mussicom.com\/time-ignora-lula-em-lista-dos-100-mais-influentes-do-mundo\/"},"modified":"2025-04-18T03:08:23","modified_gmt":"2025-04-18T06:08:23","slug":"time-ignora-lula-em-lista-dos-100-mais-influentes-do-mundo","status":"publish","type":"post","link":"https:\/\/mussicom.com\/noticias\/time-ignora-lula-em-lista-dos-100-mais-influentes-do-mundo\/","title":{"rendered":"Time ignora Lula em lista dos 100 mais influentes do mundo"},"content":{"rendered":"<p> <br \/>\n<\/p>\n<div id=\"hd80s9wa1h892edh8192\">\n<p>A <strong>revista <em>Time<\/em><\/strong><em> <\/em>divulgou, nesta quarta-feira, 16, a lista Time100 de 2025, que apresenta as cem pessoas mais influentes do mundo. Este ano, n\u00e3o h\u00e1 brasileiros entre os escolhidos, o que n\u00e3o ocorre desde 2019. A lista abrange \u00e1reas como pol\u00edtica, ci\u00eancia, artes e esportes.<\/p>\n<p>O presidente <strong>Luiz In\u00e1cio Lula da Silva<\/strong>, que figurou na lista de 2023 ao assumir seu terceiro mandato, n\u00e3o est\u00e1 presente este ano. Em 2022, a revista destacou seu retorno \u00e0 Presid\u00eancia depois de passar 580 dias preso por condena\u00e7\u00f5es da Opera\u00e7\u00e3o Lava Jato.<\/p>\n<p><strong>+ Leia mais not\u00edcias de Pol\u00edtica em Oeste<\/strong><\/p>\n<p>Neste ano, personalidades latino-americanas ganham destaque. Entre elas, <strong>Javier Milei<\/strong>, presidente da Argentina, que tamb\u00e9m foi escolhido em 2024, e Claudia Sheinbaum, a primeira mulher a liderar o M\u00e9xico.<\/p>\n<p>Mar\u00eda Corina Machado, l\u00edder da oposi\u00e7\u00e3o na Venezuela, tamb\u00e9m est\u00e1 na lista. Ela \u00e9 descrita como a \u201cpersonifica\u00e7\u00e3o da resili\u00eancia, tenacidade e patriotismo\u201d. Esses l\u00edderes s\u00e3o reconhecidos por suas contribui\u00e7\u00f5es significativas e impacto nos acontecimentos mundiais.<\/p>\n<p>O texto de apresenta\u00e7\u00e3o da <em>Time <\/em>descreve Milei como um \u201c\u00edcone global da direita\u201d, onde destaca a crescente influ\u00eancia do argentino. Sheinbaum \u00e9 reconhecida por sua abordagem nas negocia\u00e7\u00f5es sobre migra\u00e7\u00e3o entre o M\u00e9xico e os Estados Unidos.<\/p>\n<p>A sele\u00e7\u00e3o dos nomes \u00e9 resultado de um processo conduzido por editores e jornalistas da <em>Time<\/em>, que consultam parceiros e fontes globais para identificar quem est\u00e1 moldando os acontecimentos atuais. Esse trabalho busca capturar as nuances das influ\u00eancias contempor\u00e2neas.<\/p>\n<h2 class=\"wp-block-heading\">Brasileiros que j\u00e1 apareceram na lista dos mais influentes da Time:<\/h2>\n<figure class=\"wp-block-image aligncenter size-full\"><picture><source data-srcset=\"https:\/\/medias.revistaoeste.com\/wp-content\/uploads\/2025\/04\/Bolsonaro.jpg.webp 2048w, https:\/\/medias.revistaoeste.com\/wp-content\/uploads\/2025\/04\/Bolsonaro-300x200.jpg.webp 300w, https:\/\/medias.revistaoeste.com\/wp-content\/uploads\/2025\/04\/Bolsonaro-150x100.jpg.webp 150w\" data-sizes=\"(max-width: 2048px) 100vw, 2048px\" type=\"image\/webp\"><img fetchpriority=\"high\" decoding=\"async\" width=\"2048\" height=\"1366\" src=\"https:\/\/medias.revistaoeste.com\/wp-content\/uploads\/2025\/04\/Bolsonaro.jpg\" alt=\"Bolsonaro\" class=\"wp-image-1942763\" srcset=\"https:\/\/medias.revistaoeste.com\/wp-content\/uploads\/2025\/04\/Bolsonaro.jpg 2048w, https:\/\/medias.revistaoeste.com\/wp-content\/uploads\/2025\/04\/Bolsonaro-300x200.jpg 300w, https:\/\/medias.revistaoeste.com\/wp-content\/uploads\/2025\/04\/Bolsonaro-150x100.jpg 150w\" sizes=\"(max-width: 2048px) 100vw, 2048px\" data-eio=\"p\"\/><\/source><\/picture><figcaption class=\"wp-element-caption\">Bolsonaro apareceu na lista em 2019 | Foto: Reprodu\u00e7\u00e3o\/Flickr\/Supremo Tribunal Federal <\/figcaption><\/figure>\n<ul>\n<li>Jair Bolsonaro (2019);<\/li>\n<li>Cacique Raoni Metuktire (2020);<\/li>\n<li>Luiza Trajano (2021);<\/li>\n<li>Anitta (2022);<\/li>\n<li>Vin\u00edcius J\u00fanior (2023); e<\/li>\n<li>Marina Silva (2008, 2023 e 2024).<\/li>\n<\/ul>\n<p><related-posts class=\"border-y border-gray-300 py-5\"><\/p>\n<h2 class=\"!text-2xl text-black font-primary font-semibold leading-none mb-3\">\n    Leia tamb\u00e9m:<br \/>\n  <\/h2>\n<p><\/related-posts><\/p><\/div>\n<p><br \/>\n<br \/>Fonte: <a href=\"https:\/\/revistaoeste.com\/politica\/revista-itime-i-ignora-lula-em-lista-dos-100-mais-influentes-do-mundo\/\">Ag\u00eancia Brasil<\/a><\/p>\n","protected":false},"excerpt":{"rendered":"<p>A revista Time divulgou, nesta quarta-feira, 16, a lista Time100 de 2025, que apresenta as cem pessoas mais influentes do mundo. Este ano, n\u00e3o h\u00e1 brasileiros entre os escolhidos, o que n\u00e3o ocorre desde 2019. A lista abrange \u00e1reas como pol\u00edtica, ci\u00eancia, artes e esportes. O presidente Luiz In\u00e1cio Lula da Silva, que figurou na [&hellip;]<\/p>\n","protected":false},"author":5,"featured_media":13693,"comment_status":"open","ping_status":"open","sticky":false,"template":"","format":"standard","meta":{"_seopress_robots_primary_cat":"","_seopress_titles_title":"","_seopress_titles_desc":"","_seopress_robots_index":"","footnotes":""},"categories":[47,1],"tags":[],"class_list":["post-13692","post","type-post","status-publish","format-standard","has-post-thumbnail","hentry","category-politica","category-ultimas-noticias"],"_links":{"self":[{"href":"https:\/\/mussicom.com\/noticias\/wp-json\/wp\/v2\/posts\/13692","targetHints":{"allow":["GET"]}}],"collection":[{"href":"https:\/\/mussicom.com\/noticias\/wp-json\/wp\/v2\/posts"}],"about":[{"href":"https:\/\/mussicom.com\/noticias\/wp-json\/wp\/v2\/types\/post"}],"author":[{"embeddable":true,"href":"https:\/\/mussicom.com\/noticias\/wp-json\/wp\/v2\/users\/5"}],"replies":[{"embeddable":true,"href":"https:\/\/mussicom.com\/noticias\/wp-json\/wp\/v2\/comments?post=13692"}],"version-history":[{"count":0,"href":"https:\/\/mussicom.com\/noticias\/wp-json\/wp\/v2\/posts\/13692\/revisions"}],"wp:featuredmedia":[{"embeddable":true,"href":"https:\/\/mussicom.com\/noticias\/wp-json\/wp\/v2\/media\/13693"}],"wp:attachment":[{"href":"https:\/\/mussicom.com\/noticias\/wp-json\/wp\/v2\/media?parent=13692"}],"wp:term":[{"taxonomy":"category","embeddable":true,"href":"https:\/\/mussicom.com\/noticias\/wp-json\/wp\/v2\/categories?post=13692"},{"taxonomy":"post_tag","embeddable":true,"href":"https:\/\/mussicom.com\/noticias\/wp-json\/wp\/v2\/tags?post=13692"}],"curies":[{"name":"wp","href":"https:\/\/api.w.org\/{rel}","templated":true}]}}