{"id":13660,"date":"2025-04-18T00:14:05","date_gmt":"2025-04-18T03:14:05","guid":{"rendered":"https:\/\/mussicom.com\/mailson-da-nobrega-preve-colapso-fiscal-no-brasil-ate-2027-2\/"},"modified":"2025-04-18T00:14:05","modified_gmt":"2025-04-18T03:14:05","slug":"mailson-da-nobrega-preve-colapso-fiscal-no-brasil-ate-2027-2","status":"publish","type":"post","link":"https:\/\/mussicom.com\/noticias\/mailson-da-nobrega-preve-colapso-fiscal-no-brasil-ate-2027-2\/","title":{"rendered":"Mailson da N\u00f3brega prev\u00ea colapso fiscal no Brasil at\u00e9 2027"},"content":{"rendered":"<p> <br \/>\n<\/p>\n<div id=\"hd80s9wa1h892edh8192\">\n<p>O economista Mailson da N\u00f3brega, ex-ministro da Fazenda, descreveu como os impasses fiscais do Brasil conduzem a uma tempestade econ\u00f4mica de grandes propor\u00e7\u00f5es. Em suas palavras, \u201ch\u00e1 estudos que mostram que, em 2027, toda a margem do arcabou\u00e7o fiscal ser\u00e1 ocupada por gastos obrigat\u00f3rios\u201d.<\/p>\n<p>A previs\u00e3o \u00e9 de que o colapso aconte\u00e7a antes, visto que j\u00e1 faltam recursos para setores essenciais como ci\u00eancia, tecnologia, seguran\u00e7a e agricultura. A declara\u00e7\u00e3o foi dada em entrevista ao portal Metr\u00f3poles nesta segunda-feira, 14.<\/p>\n<p>+\u00a0<strong>Leia mais not\u00edcias de\u00a0Economia\u00a0na Oeste<\/strong><\/p>\n<p>\u201cO nosso encontro marcado com a crise dificilmente vai passar dos dois pr\u00f3ximos anos\u201d, afirmou o economista. A respeito da ministra Simone Tebet, que sugeriu a necessidade de um novo arcabou\u00e7o fiscal em 2027, Mailson atestou que \u201co arcabou\u00e7o \u00e9 letra morta desde o come\u00e7o\u201d.<\/p>\n<p>Para o economista, o arcabou\u00e7o fiscal sofre do mesmo mal que o antigo teto de gastos: \u00e9 insustent\u00e1vel sem reformas estruturais que contenham os gastos obrigat\u00f3rios, os quais crescem acima do limite estipulado. \u201cO arcabou\u00e7o fiscal, por defini\u00e7\u00e3o, \u00e9 invi\u00e1vel\u201d, resumiu.<\/p>\n<p><related-posts class=\"border-y border-gray-300 py-5\"><\/p>\n<h2 class=\"!text-2xl text-black font-primary font-semibold leading-none mb-3\">\n    Leia mais:<br \/>\n  <\/h2>\n<p><\/related-posts><\/p>\n<p>Quanto \u00e0s chances de reajuste sob Lula, Mailson foi direto: \u201cEsque\u00e7am ajuste fiscal neste governo, n\u00e3o vai ter\u201d. Ele afirma que o Planalto j\u00e1 entrou em \u201cmodo sucess\u00e3o\u201d e que a Secretaria de Comunica\u00e7\u00e3o se transformou em \u201c<strong>Secretaria da Reelei\u00e7\u00e3o do Lula<\/strong>\u201d.<\/p>\n<p>Na pr\u00e1tica, isso implica perda de autonomia da equipe econ\u00f4mica, com as decis\u00f5es sob o crivo pol\u00edtico de Sid\u00f4nio Palmeira. \u201cSe ele disser que n\u00e3o pode, esquece, arquiva a ideia\u201d, criticou.<\/p>\n<h2 class=\"wp-block-heading\">Mailson da N\u00f3brega: n\u00e3o \u00e9 momento para discutir isen\u00e7\u00e3o do IR<\/h2>\n<p>Sobre a proposta de reforma do Imposto de Renda, que amplia a faixa de isen\u00e7\u00e3o para quem recebe at\u00e9 R$ 5 mil mensais, Mailson questionou o <em>timing<\/em> da iniciativa. \u201cSempre duvidei se esta era a melhor hora para se apresentar essa proposta\u201d, disse.<\/p>\n<p>Apesar de apoiar a tributa\u00e7\u00e3o de rendimentos isentos de grandes fortunas, ele avalia que a amplia\u00e7\u00e3o da isen\u00e7\u00e3o deve ser discutida em outro momento, dada a fragilidade fiscal do pa\u00eds. \u201cCorre-se o risco de haver uma queda l\u00edquida de arrecada\u00e7\u00e3o\u201d.<\/p>\n<p>Ao ser perguntado sobre a condu\u00e7\u00e3o do Banco Central por Gabriel Gal\u00edpolo, Mailson se mostrou confiante de que o presidente da autoridade monet\u00e1ria agir\u00e1 com responsabilidade t\u00e9cnica, em contraste com os comandantes das demais gest\u00f5es petistas.<\/p>\n<figure class=\"wp-block-image aligncenter size-full is-resized\"><picture><source data-srcset=\"https:\/\/medias.revistaoeste.com\/wp-content\/uploads\/2024\/10\/Gabriel-Galipolo-indicado-de-Lula-ao-comando-do-Banco-Central.jpeg.webp 675w, https:\/\/medias.revistaoeste.com\/wp-content\/uploads\/2024\/10\/Gabriel-Galipolo-indicado-de-Lula-ao-comando-do-Banco-Central-300x200.jpeg.webp 300w, https:\/\/medias.revistaoeste.com\/wp-content\/uploads\/2024\/10\/Gabriel-Galipolo-indicado-de-Lula-ao-comando-do-Banco-Central-150x100.jpeg.webp 150w\" data-sizes=\"(max-width: 675px) 100vw, 675px\" type=\"image\/webp\"><img fetchpriority=\"high\" decoding=\"async\" width=\"675\" height=\"450\" src=\"https:\/\/medias.revistaoeste.com\/wp-content\/uploads\/2024\/10\/Gabriel-Galipolo-indicado-de-Lula-ao-comando-do-Banco-Central.jpeg\" alt=\"Gabriel Gal\u00edpolo, indicado de Lula ao comando do Banco Central\" class=\"wp-image-1683023\" style=\"width:769px;height:auto\" srcset=\"https:\/\/medias.revistaoeste.com\/wp-content\/uploads\/2024\/10\/Gabriel-Galipolo-indicado-de-Lula-ao-comando-do-Banco-Central.jpeg 675w, https:\/\/medias.revistaoeste.com\/wp-content\/uploads\/2024\/10\/Gabriel-Galipolo-indicado-de-Lula-ao-comando-do-Banco-Central-300x200.jpeg 300w, https:\/\/medias.revistaoeste.com\/wp-content\/uploads\/2024\/10\/Gabriel-Galipolo-indicado-de-Lula-ao-comando-do-Banco-Central-150x100.jpeg 150w\" sizes=\"(max-width: 675px) 100vw, 675px\" data-eio=\"p\"\/><\/source><\/picture><figcaption class=\"wp-element-caption\">O economista Gabriel Gal\u00edpolo, indicado de Lula ao comando do Banco Central | Foto: Pedro Fran\u00e7a\/Ag\u00eancia Senado<\/figcaption><\/figure>\n<p>\u201cSeria uma grande surpresa para mim, e acredito que para o mercado, se o Gal\u00edpolo repetisse o <em>[Alexandre]<\/em> <strong>Tombini<\/strong> <em>[ex-presidente do BC]<\/em>\u201d. Ele lembrou que Gal\u00edpolo conhece bem as consequ\u00eancias de ceder \u00e0 press\u00e3o pol\u00edtica, como ocorreu na gest\u00e3o de Dilma Rousseff.<\/p>\n<p>Por fim, Mailson refor\u00e7ou que a economia segue como um fator decisivo nas elei\u00e7\u00f5es, especialmente por causa da infla\u00e7\u00e3o. \u201cO efeito corrosivo da infla\u00e7\u00e3o sobre o eleitorado est\u00e1 presente em todos os pa\u00edses, com exce\u00e7\u00e3o daqueles autorit\u00e1rios\u201d.<\/p>\n<p>Ao comparar Brasil com Estados Unidos, ele citou que tanto Biden quanto Lula enfrentaram queda de popularidade por causa do aumento de pre\u00e7os. \u201cSim, a economia continua relevante, principalmente na quest\u00e3o da infla\u00e7\u00e3o\u201d, encerrou.<\/p>\n<p><strong>Leia tamb\u00e9m:\u00a0\u201cO novo saque dos fundos de pens\u00e3o\u201d, artigo de Carlo Cauti publicado na Edi\u00e7\u00e3o 232 da Revista Oeste<\/strong><\/p>\n<\/p><\/div>\n<p><br \/>\n<br \/>Fonte: <a href=\"https:\/\/www.revistaoeste.com\/economia\/mailson-da-nobrega-preve-colapso-fiscal-no-brasil-ate-2027\/\">Revista oeste<\/a><\/p>\n","protected":false},"excerpt":{"rendered":"<p>O economista Mailson da N\u00f3brega, ex-ministro da Fazenda, descreveu como os impasses fiscais do Brasil conduzem a uma tempestade econ\u00f4mica de grandes propor\u00e7\u00f5es. Em suas palavras, \u201ch\u00e1 estudos que mostram que, em 2027, toda a margem do arcabou\u00e7o fiscal ser\u00e1 ocupada por gastos obrigat\u00f3rios\u201d. A previs\u00e3o \u00e9 de que o colapso aconte\u00e7a antes, visto que [&hellip;]<\/p>\n","protected":false},"author":5,"featured_media":12732,"comment_status":"open","ping_status":"open","sticky":false,"template":"","format":"standard","meta":{"_seopress_robots_primary_cat":"","_seopress_titles_title":"","_seopress_titles_desc":"","_seopress_robots_index":"","footnotes":""},"categories":[45],"tags":[],"class_list":["post-13660","post","type-post","status-publish","format-standard","has-post-thumbnail","hentry","category-economia"],"_links":{"self":[{"href":"https:\/\/mussicom.com\/noticias\/wp-json\/wp\/v2\/posts\/13660","targetHints":{"allow":["GET"]}}],"collection":[{"href":"https:\/\/mussicom.com\/noticias\/wp-json\/wp\/v2\/posts"}],"about":[{"href":"https:\/\/mussicom.com\/noticias\/wp-json\/wp\/v2\/types\/post"}],"author":[{"embeddable":true,"href":"https:\/\/mussicom.com\/noticias\/wp-json\/wp\/v2\/users\/5"}],"replies":[{"embeddable":true,"href":"https:\/\/mussicom.com\/noticias\/wp-json\/wp\/v2\/comments?post=13660"}],"version-history":[{"count":0,"href":"https:\/\/mussicom.com\/noticias\/wp-json\/wp\/v2\/posts\/13660\/revisions"}],"wp:featuredmedia":[{"embeddable":true,"href":"https:\/\/mussicom.com\/noticias\/wp-json\/wp\/v2\/media\/12732"}],"wp:attachment":[{"href":"https:\/\/mussicom.com\/noticias\/wp-json\/wp\/v2\/media?parent=13660"}],"wp:term":[{"taxonomy":"category","embeddable":true,"href":"https:\/\/mussicom.com\/noticias\/wp-json\/wp\/v2\/categories?post=13660"},{"taxonomy":"post_tag","embeddable":true,"href":"https:\/\/mussicom.com\/noticias\/wp-json\/wp\/v2\/tags?post=13660"}],"curies":[{"name":"wp","href":"https:\/\/api.w.org\/{rel}","templated":true}]}}