{"id":13624,"date":"2025-04-17T21:45:07","date_gmt":"2025-04-18T00:45:07","guid":{"rendered":"https:\/\/mussicom.com\/rogerio-santos-segue-com-aprovacao-em-alta-665-dos-santistas-aprovam-sua-forma-de-governar\/"},"modified":"2025-04-17T21:45:07","modified_gmt":"2025-04-18T00:45:07","slug":"rogerio-santos-segue-com-aprovacao-em-alta-665-dos-santistas-aprovam-sua-forma-de-governar","status":"publish","type":"post","link":"https:\/\/mussicom.com\/noticias\/rogerio-santos-segue-com-aprovacao-em-alta-665-dos-santistas-aprovam-sua-forma-de-governar\/","title":{"rendered":"Rog\u00e9rio Santos segue com aprova\u00e7\u00e3o em alta: 66,5% dos santistas aprovam sua forma de governar"},"content":{"rendered":"<p> <br \/>\n<\/p>\n<div id=\"texto\">\n<p>Completados os 100 primeiros dias de governo, do seu segundo mandato, o prefeito Rog\u00e9rio Santos (Republicanos) tem sua gest\u00e3o bem avaliada por sete de cada dez moradores-eleitores de Santos. \u00c9 o que revela a mais recente pesquisa Badra de opini\u00e3o, realizada ontem, dia 16, em diferentes pontos de fluxo da cidade.<\/p>\n<p>\u00a0<\/p>\n<p>Na avalia\u00e7\u00e3o por conceito, a soma de \u201c\u00f3timo e bom\u201d chega \u00e0 casa dos 44%, contra 16,5% de \u201cruim e p\u00e9ssimo\u201d. Para 36,8% dos entrevistados sua gest\u00e3o \u00e9 apenas regular e exatos 2,9% n\u00e3o souberam opinar. O chefe do Executivo santista \u00e9 aprovado por 66,5% da popula\u00e7\u00e3o e desaprovado por 29,9%, enquanto 3,5% n\u00e3o apresentaram resposta v\u00e1lida a essa quest\u00e3o.<\/p>\n<p>\u00a0<\/p>\n<p>\u201cS\u00e3o n\u00fameros importantes e que mostram que aquela cidade dividida, quando da elei\u00e7\u00e3o do ano passado, vai se unindo em torno do que \u00e9 melhor para Santos. Uma divis\u00e3o ent\u00e3o que tinha muito mais um cunho ideol\u00f3gico, do propriamente uma insatisfa\u00e7\u00e3o com o desempenho da Prefeitura\u201d, argumenta o jornalista Maur\u00edcio Juvenal, analista de dados do Instituto Badra.<\/p>\n<p>\u00a0<\/p>\n<p>Segundo ele, o argumento pode ser justificado inclusive pelo fato de 64,9% dos respondentes da pesquisa considerarem o prefeito um pol\u00edtico preparado para governar Santos. \u201cAli\u00e1s, os que n\u00e3o o veem assim s\u00e3o exatamente os mesmos 29,9% que disseram desaprovar sua forma de governar\u201d, complementa Juvenal.<\/p>\n<p>\u00a0<\/p>\n<p>Entre os que se lembram ter votado em Rog\u00e9rio Santos no pleito de outubro de 2024, 54,8% (ele foi eleito em segundo turno com 53,37 dos votos v\u00e1lidos), 88,9% afirmam n\u00e3o ter se arrependido do voto. Outros 9% dizem que sim, que se arrependeram de ter votado no atual prefeito.<\/p>\n<p>\u00a0<\/p>\n<p>A \u00e1rea da Sa\u00fade, em resposta espont\u00e2nea, \u00e9 ao mesmo tempo a melhor e a mais mal avaliada, respectivamente com 7,3% e 22,5% das men\u00e7\u00f5es. E \u00e9 o segmento cuja popula\u00e7\u00e3o espera solu\u00e7\u00e3o priorit\u00e1ria da Administra\u00e7\u00e3o Municipal: exatos 22,8% manifestaram esse desejo.<\/p>\n<p>\u00a0<\/p>\n<p>Em termos de perfil dos entrevistados, Rog\u00e9rio tem melhor desempenho entre as mulheres, entre aqueles na faixa-et\u00e1ria dos 45 aos 59 anos, e entre os que t\u00eam at\u00e9 ensino m\u00e9dio. \u201cNa pr\u00e1tica, o grosso do eleitorado santista, do ponto de vista quantitativo\u201d, diz o especialista.<\/p>\n<p>\u00a0<\/p>\n<p style=\"text-align:center\"><\/p>\n<p>\u00a0<\/p>\n<p><strong>PELO LEGISLATIVO<\/strong><br \/>&#13;<br \/>\nApenas o nono candidato mais bem votado \u00e0 C\u00e2mara Municipal na elei\u00e7\u00e3o do ano passado, quando recebeu 3.732 votos, o vereador Adilson J\u00fanior, do Progressistas, surge agora, de acordo com a pesquisa Badra, como aquele com melhor desempenho nos 100 primeiros dias do mandato 2025-2028. Exatos 9,8% dos entrevistados fizeram essa men\u00e7\u00e3o, o equivalente a 1 em cada dez eleitores do munic\u00edpio.<\/p>\n<p>\u00a0<\/p>\n<p>Zequinha Teixeira, tamb\u00e9m do Progressistas; D\u00e9bora Camilo, do PSOL, e Sergio Santana, do PL, respectivamente com 3,6%, 2,1% e 2,0%, aparecem na sequ\u00eancia. Outros 47,3% dos entrevistados n\u00e3o enxergam bom desempenho em nenhum dos parlamentares do legislativo santista.<\/p>\n<p>\u00a0<\/p>\n<p><strong>A PESQUISA<\/strong><br \/>&#13;<br \/>\nO levantamento realizado pela Badra ouviu 1.060 moradores-eleitores de Santos na quarta-feira, dia 16. A margem de erro \u00e9 de tr\u00eas pontos percentuais para mais ou para menos, com intervalo de confian\u00e7a de 95%. A amostra, em termos de perfil, \u00a0segue a propor\u00e7\u00e3o de eleitores presentes no universo (total de eleitores do munic\u00edpio) para as vari\u00e1veis g\u00eanero, faixa et\u00e1ria, renda e escolaridade, com a aplica\u00e7\u00e3o de fator de pondera\u00e7\u00e3o para as duas \u00faltimas vari\u00e1veis, quando necess\u00e1rio. A t\u00e9cnica de pesquisa \u00e9 a n\u00e3o probabil\u00edstica por cotas.<\/p>\n<p>\u00a0<\/p>\n<p>A pr\u00f3xima rodada acontece em agosto. A \u00faltima, em dezembro. \u201cSer\u00e3o tr\u00eas levantamentos ao longo de 2025, permitindo identificar a evolu\u00e7\u00e3o ou a involu\u00e7\u00e3o de cada uma das gest\u00f5es e dos seus gestores. A pesquisa \u00e9, antes de tudo, uma ferramenta que permite, sobretudo aos prefeitos, identificar pontos fortes e fracos e tamb\u00e9m medir como est\u00e1 a rela\u00e7\u00e3o com o eleitorado, destinat\u00e1rio final das pol\u00edticas p\u00fablicas e dos servi\u00e7os realizados pelas prefeituras\u201d, afirma o especialista.<br \/>&#13;<br \/>\n\u00a0<\/p>\n<\/p><\/div>\n<p><script async defer crossorigin=\"anonymous\" src=\"https:\/\/connect.facebook.net\/pt_BR\/sdk.js#xfbml=1&#038;version=v12.0&#038;appId=&#038;autoLogAppEvents=1\" nonce=\"ou0fI1lo\"><\/script><br \/>\n<br \/><br \/>\n<br \/>Fonte: <a href=\"https:\/\/www.bs9.com.br\/bs9-badra-comunicacao\/rogerio-santos-segue-com-aprovacao-em-alta-665-dos-santistas\/31027\/\">BS9<\/a><\/p>\n","protected":false},"excerpt":{"rendered":"<p>Completados os 100 primeiros dias de governo, do seu segundo mandato, o prefeito Rog\u00e9rio Santos (Republicanos) tem sua gest\u00e3o bem avaliada por sete de cada dez moradores-eleitores de Santos. \u00c9 o que revela a mais recente pesquisa Badra de opini\u00e3o, realizada ontem, dia 16, em diferentes pontos de fluxo da cidade. \u00a0 Na avalia\u00e7\u00e3o por [&hellip;]<\/p>\n","protected":false},"author":5,"featured_media":13625,"comment_status":"open","ping_status":"open","sticky":false,"template":"","format":"standard","meta":{"_seopress_robots_primary_cat":"","_seopress_titles_title":"","_seopress_titles_desc":"","_seopress_robots_index":"","footnotes":""},"categories":[52],"tags":[],"class_list":["post-13624","post","type-post","status-publish","format-standard","has-post-thumbnail","hentry","category-santoseregiao"],"_links":{"self":[{"href":"https:\/\/mussicom.com\/noticias\/wp-json\/wp\/v2\/posts\/13624","targetHints":{"allow":["GET"]}}],"collection":[{"href":"https:\/\/mussicom.com\/noticias\/wp-json\/wp\/v2\/posts"}],"about":[{"href":"https:\/\/mussicom.com\/noticias\/wp-json\/wp\/v2\/types\/post"}],"author":[{"embeddable":true,"href":"https:\/\/mussicom.com\/noticias\/wp-json\/wp\/v2\/users\/5"}],"replies":[{"embeddable":true,"href":"https:\/\/mussicom.com\/noticias\/wp-json\/wp\/v2\/comments?post=13624"}],"version-history":[{"count":0,"href":"https:\/\/mussicom.com\/noticias\/wp-json\/wp\/v2\/posts\/13624\/revisions"}],"wp:featuredmedia":[{"embeddable":true,"href":"https:\/\/mussicom.com\/noticias\/wp-json\/wp\/v2\/media\/13625"}],"wp:attachment":[{"href":"https:\/\/mussicom.com\/noticias\/wp-json\/wp\/v2\/media?parent=13624"}],"wp:term":[{"taxonomy":"category","embeddable":true,"href":"https:\/\/mussicom.com\/noticias\/wp-json\/wp\/v2\/categories?post=13624"},{"taxonomy":"post_tag","embeddable":true,"href":"https:\/\/mussicom.com\/noticias\/wp-json\/wp\/v2\/tags?post=13624"}],"curies":[{"name":"wp","href":"https:\/\/api.w.org\/{rel}","templated":true}]}}