{"id":13475,"date":"2025-04-17T09:48:05","date_gmt":"2025-04-17T12:48:05","guid":{"rendered":"https:\/\/mussicom.com\/duda-salabert-diz-que-eua-alteraram-seu-visto\/"},"modified":"2025-04-17T09:48:05","modified_gmt":"2025-04-17T12:48:05","slug":"duda-salabert-diz-que-eua-alteraram-seu-visto","status":"publish","type":"post","link":"https:\/\/mussicom.com\/noticias\/duda-salabert-diz-que-eua-alteraram-seu-visto\/","title":{"rendered":"Duda Salabert diz que EUA alteraram seu visto"},"content":{"rendered":"<p> <br \/>\n<\/p>\n<div id=\"hd80s9wa1h892edh8192\">\n<p>A deputada federal Duda Salabert (PDT-MG) informou nesta quarta-feira, 16, que o novo visto emitido pelo governo dos Estados Unidos apresenta o g\u00eanero masculino em sua identifica\u00e7\u00e3o. Salabert se considera \u201cmulher trans\u201d e tem o g\u00eanero feminino em sua identidade brasileira.<\/p>\n<p>Segundo Salabert, o epis\u00f3dio ocorreu durante o processo de renova\u00e7\u00e3o do visto, vencido no momento em que recebeu convite para um curso sobre desenvolvimento na primeira inf\u00e2ncia, em parceria com a <strong>Universidade Harvard<\/strong>.<\/p>\n<p><strong>+ Leia mais not\u00edcias de Pol\u00edtica em Oeste<\/strong><\/p>\n<p>Ao relatar o caso nas redes sociais, Duda afirmou que foi informada da mudan\u00e7a durante o atendimento consular.<\/p>\n<p>\u201cPara minha surpresa \u2014 e revolta \u2014, fui informada de que meu novo visto viria com a marca\u00e7\u00e3o de g\u00eanero como masculino, com a \u2018justificativa\u2019 de que \u00e9 de conhecimento p\u00fablico no Brasil que sou uma pessoa trans\u201d, afirmou em suas redes sociais. \u201cOu seja, minha identidade de g\u00eanero, reconhecida legalmente pelo Estado brasileiro, seria simplesmente ignorada.\u201d<\/p>\n<figure class=\"wp-block-embed is-type-rich is-provider-twitter wp-block-embed-twitter\">\n<div class=\"wp-block-embed__wrapper\">\n<blockquote class=\"twitter-tweet\" data-width=\"500\" data-dnt=\"true\">\n<p lang=\"pt\" dir=\"ltr\">Na semana passada, fui tamb\u00e9m informada pelo governo Trump de que meu visto vir\u00e1  MASCULINO. <\/p>\n<p>H\u00e1 cerca de 15 dias, fui convidada por uma organiza\u00e7\u00e3o internacional para um curso sobre desenvolvimento em primeira inf\u00e2ncia, em parceria com a Universidade de Harvard. Com o visto\u2026 <a href=\"https:\/\/t.co\/gD60Z45HPE\">pic.twitter.com\/gD60Z45HPE<\/a><\/p>\n<p>\u2014 Duda Salabert (@DudaSalabert) <a href=\"https:\/\/twitter.com\/DudaSalabert\/status\/1912582710843043954?ref_src=twsrc%5Etfw\">April 16, 2025<\/a><\/p><\/blockquote>\n<\/div>\n<\/figure>\n<h2 class=\"wp-block-heading\">Salabert acusa governo Trump de discrimina\u00e7\u00e3o por mudar g\u00eanero em visto<\/h2>\n<p>Duda Salabert atribuiu o epis\u00f3dio a uma postura discriminat\u00f3ria do governo norte-americano, comandado pelo presidente <strong>Donald Trump<\/strong>; e considera que a medida representa um desrespeito \u00e0s garantias legais da popula\u00e7\u00e3o trans reconhecidas no Brasil.<\/p>\n<p>\u201cDesde ent\u00e3o, temos tentado resolver o caso por vias diplom\u00e1ticas, exigindo nada al\u00e9m do \u00f3bvio: respeito\u201d, esclareceu.<\/p>\n<h2 class=\"wp-block-heading\">Caso semelhante envolveu Erika Hilton<\/h2>\n<p>Outro epis\u00f3dio semelhante ocorreu com Erika Hilton (Psol-SP), que tamb\u00e9m se considera mulher trans. Hilton relatou ter enfrentado situa\u00e7\u00e3o parecida ao tentar obter um novo visto para os <strong>Estados Unidos<\/strong>, com base em dados que desconsideravam sua identidade de g\u00eanero.<\/p>\n<h2 class=\"wp-block-heading\">Duda Salabert acionou a diplomacia<\/h2>\n<p>Duda informou que acionou os canais diplom\u00e1ticos para reverter a situa\u00e7\u00e3o. Seu objetivo \u00e9 garantir que a emiss\u00e3o do novo visto respeite as informa\u00e7\u00f5es oficiais fornecidas pelo Estado brasileiro.<\/p>\n<\/p><\/div>\n<p><script async src=\"\/\/platform.twitter.com\/widgets.js\" charset=\"utf-8\"><\/script><br \/>\n<br \/><br \/>\n<br \/>Fonte: <a href=\"https:\/\/www.revistaoeste.com\/politica\/duda-salabert-reclama-que-eua-alterou-seu-visto-para-genero-masculino\/\">Ag\u00eancia Brasil<\/a><\/p>\n","protected":false},"excerpt":{"rendered":"<p>A deputada federal Duda Salabert (PDT-MG) informou nesta quarta-feira, 16, que o novo visto emitido pelo governo dos Estados Unidos apresenta o g\u00eanero masculino em sua identifica\u00e7\u00e3o. Salabert se considera \u201cmulher trans\u201d e tem o g\u00eanero feminino em sua identidade brasileira. Segundo Salabert, o epis\u00f3dio ocorreu durante o processo de renova\u00e7\u00e3o do visto, vencido no [&hellip;]<\/p>\n","protected":false},"author":5,"featured_media":13476,"comment_status":"open","ping_status":"open","sticky":false,"template":"","format":"standard","meta":{"_seopress_robots_primary_cat":"","_seopress_titles_title":"","_seopress_titles_desc":"","_seopress_robots_index":"","footnotes":""},"categories":[47,1],"tags":[],"class_list":["post-13475","post","type-post","status-publish","format-standard","has-post-thumbnail","hentry","category-politica","category-ultimas-noticias"],"_links":{"self":[{"href":"https:\/\/mussicom.com\/noticias\/wp-json\/wp\/v2\/posts\/13475","targetHints":{"allow":["GET"]}}],"collection":[{"href":"https:\/\/mussicom.com\/noticias\/wp-json\/wp\/v2\/posts"}],"about":[{"href":"https:\/\/mussicom.com\/noticias\/wp-json\/wp\/v2\/types\/post"}],"author":[{"embeddable":true,"href":"https:\/\/mussicom.com\/noticias\/wp-json\/wp\/v2\/users\/5"}],"replies":[{"embeddable":true,"href":"https:\/\/mussicom.com\/noticias\/wp-json\/wp\/v2\/comments?post=13475"}],"version-history":[{"count":0,"href":"https:\/\/mussicom.com\/noticias\/wp-json\/wp\/v2\/posts\/13475\/revisions"}],"wp:featuredmedia":[{"embeddable":true,"href":"https:\/\/mussicom.com\/noticias\/wp-json\/wp\/v2\/media\/13476"}],"wp:attachment":[{"href":"https:\/\/mussicom.com\/noticias\/wp-json\/wp\/v2\/media?parent=13475"}],"wp:term":[{"taxonomy":"category","embeddable":true,"href":"https:\/\/mussicom.com\/noticias\/wp-json\/wp\/v2\/categories?post=13475"},{"taxonomy":"post_tag","embeddable":true,"href":"https:\/\/mussicom.com\/noticias\/wp-json\/wp\/v2\/tags?post=13475"}],"curies":[{"name":"wp","href":"https:\/\/api.w.org\/{rel}","templated":true}]}}