{"id":13439,"date":"2025-04-17T05:44:15","date_gmt":"2025-04-17T08:44:15","guid":{"rendered":"https:\/\/mussicom.com\/embaixada-dos-eua-diz-que-so-existem-dois-sexos\/"},"modified":"2025-04-17T05:44:15","modified_gmt":"2025-04-17T08:44:15","slug":"embaixada-dos-eua-diz-que-so-existem-dois-sexos","status":"publish","type":"post","link":"https:\/\/mussicom.com\/noticias\/embaixada-dos-eua-diz-que-so-existem-dois-sexos\/","title":{"rendered":"Embaixada dos EUA diz que s\u00f3 existem dois sexos"},"content":{"rendered":"<p> <br \/>\n<\/p>\n<div id=\"hd80s9wa1h892edh8192\">\n<p>Depois de a deputada federal <strong>Erika Hilton<\/strong> (Psol-SP) ter seu g\u00eanero registrado como masculino em um visto diplom\u00e1tico emitido pelos Estados Unidos, a Embaixada norte-americana em Bras\u00edlia reafirmou sua pol\u00edtica de reconhecer apenas dois sexos: masculino e feminino. O \u00f3rg\u00e3o afirmou \u00e0 Ag\u00eancia Brasil que esses sexos s\u00e3o considerados imut\u00e1veis desde o nascimento.<\/p>\n<p><strong>+ Leia mais not\u00edcias de Pol\u00edtica em Oeste<\/strong><\/p>\n<p>\u201cA Embaixada dos Estados Unidos informa que os registros de visto s\u00e3o confidenciais conforme a lei norte-americana, e, por pol\u00edtica, n\u00e3o comentamos casos individuais\u201d, informou o \u00f3rg\u00e3o diplom\u00e1tico. \u201cRessaltamos tamb\u00e9m que \u00e9 pol\u00edtica dos EUA reconhecer dois sexos: masculino e feminino.\u201d<\/p>\n<h2 class=\"wp-block-heading\">A rea\u00e7\u00e3o de Erika Hilton<\/h2>\n<p>Erika Hilton foi convidada a palestrar em eventos na Universidade de Harvard e no Instituto de Tecnologia de Massachusetts. Ao tomar conhecimento do ocorrido, a parlamentar descreveu a situa\u00e7\u00e3o como violenta, desrespeitosa e abusiva.\u00a0<\/p>\n<p>A deputada ainda acrescentou que a decis\u00e3o representa \u201cuma express\u00e3o escancarada, perversa e cruel\u201d. Ela ainda chamou o governo norte-americano de \u201ctransf\u00f3bico\u201d.<\/p>\n<p>\u201cSe a embaixada dos EUA tem algo a falar comigo, que fale baixo, dentro do pr\u00e9dio deles\u201d, escreveu Erika nas redes sociais. \u201cCercado, de todos os lados, pelo nosso Estado Democr\u00e1tico de Direito.\u201d<\/p>\n<blockquote class=\"instagram-media\" data-instgrm-captioned=\"\" data-instgrm-permalink=\"https:\/\/www.instagram.com\/p\/DIgb8R7xpKV\/?utm_source=ig_embed&amp;utm_campaign=loading\" data-instgrm-version=\"14\" style=\" background:#FFF; border:0; border-radius:3px; box-shadow:0 0 1px 0 rgba(0,0,0,0.5),0 1px 10px 0 rgba(0,0,0,0.15); margin: 1px; max-width:540px; min-width:326px; padding:0; width:99.375%; width:-webkit-calc(100% - 2px); width:calc(100% - 2px);\"\/>\n<h2 class=\"wp-block-heading\">Parlamentar quer questionar o governo norte-americano\u00a0<\/h2>\n<p>De acordo com a CNN Brasil, Erika Hilton est\u00e1 preparando uma a\u00e7\u00e3o internacional para questionar o governo norte-americano sobre a decis\u00e3o.<\/p>\n<figure class=\"wp-block-embed is-type-video is-provider-youtube wp-block-embed-youtube wp-embed-aspect-16-9 wp-has-aspect-ratio\">\n<div class=\"wp-block-embed__wrapper\">\n<div class=\"perfmatters-lazy-youtube\" data-src=\"https:\/\/www.youtube.com\/embed\/BcxXRxDGt4w\" data-id=\"BcxXRxDGt4w\" data-query=\"feature=oembed\" onclick=\"perfmattersLazyLoadYouTube(this);\">\n<div><img fetchpriority=\"high\" decoding=\"async\" src=\"https:\/\/i.ytimg.com\/vi\/BcxXRxDGt4w\/hqdefault.jpg\" alt=\"YouTube video\" width=\"480\" height=\"360\" data-pin-nopin=\"true\" nopin=\"nopin\"\/><\/div>\n<\/div>\n<p><noscript><iframe title=\"Erika Hilton viraliza ao afirmar que &#039;verdadeiro Brasil \u00e9 preto, bicha e n\u00e3o-bin\u00e1rie&#039;\" width=\"800\" height=\"450\" src=\"https:\/\/www.youtube.com\/embed\/BcxXRxDGt4w?feature=oembed\" frameborder=\"0\" allow=\"accelerometer; autoplay; clipboard-write; encrypted-media; gyroscope; picture-in-picture; web-share\" referrerpolicy=\"strict-origin-when-cross-origin\" allowfullscreen><\/iframe><\/noscript>\n<\/div>\n<\/figure>\n<p>Al\u00e9m disso, a deputada est\u00e1 buscando agendar uma reuni\u00e3o com o ministro das Rela\u00e7\u00f5es Exteriores, Mauro Vieira, para denunciar o caso.<\/p>\n<p><related-posts class=\"border-y border-gray-300 py-5\"><\/p>\n<h2 class=\"!text-2xl text-black font-primary font-semibold leading-none mb-3\">\n    Leia tamb\u00e9m:<br \/>\n  <\/h2>\n<p><\/related-posts><\/p><\/div>\n<p><script async src=\"\/\/www.instagram.com\/embed.js\"><\/script><br \/>\n<br \/><br \/>\n<br \/>Fonte: <a href=\"https:\/\/revistaoeste.com\/politica\/caso-erika-hilton-embaixada-dos-eua-diz-que-so-existem-dois-sexos\/\">Ag\u00eancia Brasil<\/a><\/p>\n","protected":false},"excerpt":{"rendered":"<p>Depois de a deputada federal Erika Hilton (Psol-SP) ter seu g\u00eanero registrado como masculino em um visto diplom\u00e1tico emitido pelos Estados Unidos, a Embaixada norte-americana em Bras\u00edlia reafirmou sua pol\u00edtica de reconhecer apenas dois sexos: masculino e feminino. O \u00f3rg\u00e3o afirmou \u00e0 Ag\u00eancia Brasil que esses sexos s\u00e3o considerados imut\u00e1veis desde o nascimento. + Leia [&hellip;]<\/p>\n","protected":false},"author":5,"featured_media":13440,"comment_status":"open","ping_status":"open","sticky":false,"template":"","format":"standard","meta":{"_seopress_robots_primary_cat":"","_seopress_titles_title":"","_seopress_titles_desc":"","_seopress_robots_index":"","footnotes":""},"categories":[47,1],"tags":[],"class_list":["post-13439","post","type-post","status-publish","format-standard","has-post-thumbnail","hentry","category-politica","category-ultimas-noticias"],"_links":{"self":[{"href":"https:\/\/mussicom.com\/noticias\/wp-json\/wp\/v2\/posts\/13439","targetHints":{"allow":["GET"]}}],"collection":[{"href":"https:\/\/mussicom.com\/noticias\/wp-json\/wp\/v2\/posts"}],"about":[{"href":"https:\/\/mussicom.com\/noticias\/wp-json\/wp\/v2\/types\/post"}],"author":[{"embeddable":true,"href":"https:\/\/mussicom.com\/noticias\/wp-json\/wp\/v2\/users\/5"}],"replies":[{"embeddable":true,"href":"https:\/\/mussicom.com\/noticias\/wp-json\/wp\/v2\/comments?post=13439"}],"version-history":[{"count":0,"href":"https:\/\/mussicom.com\/noticias\/wp-json\/wp\/v2\/posts\/13439\/revisions"}],"wp:featuredmedia":[{"embeddable":true,"href":"https:\/\/mussicom.com\/noticias\/wp-json\/wp\/v2\/media\/13440"}],"wp:attachment":[{"href":"https:\/\/mussicom.com\/noticias\/wp-json\/wp\/v2\/media?parent=13439"}],"wp:term":[{"taxonomy":"category","embeddable":true,"href":"https:\/\/mussicom.com\/noticias\/wp-json\/wp\/v2\/categories?post=13439"},{"taxonomy":"post_tag","embeddable":true,"href":"https:\/\/mussicom.com\/noticias\/wp-json\/wp\/v2\/tags?post=13439"}],"curies":[{"name":"wp","href":"https:\/\/api.w.org\/{rel}","templated":true}]}}