{"id":13422,"date":"2025-04-17T03:42:00","date_gmt":"2025-04-17T06:42:00","guid":{"rendered":"https:\/\/mussicom.com\/defesa-de-braga-netto-entra-com-recurso-contra-decisao-do-stf\/"},"modified":"2025-04-17T03:42:00","modified_gmt":"2025-04-17T06:42:00","slug":"defesa-de-braga-netto-entra-com-recurso-contra-decisao-do-stf","status":"publish","type":"post","link":"https:\/\/mussicom.com\/noticias\/defesa-de-braga-netto-entra-com-recurso-contra-decisao-do-stf\/","title":{"rendered":"Defesa de Braga Netto entra com recurso contra decis\u00e3o do STF"},"content":{"rendered":"<p> <br \/>\n<\/p>\n<div id=\"hd80s9wa1h892edh8192\">\n<p>A defesa do general Walter Braga Netto foi a primeira a apresentar recurso, nesta ter\u00e7a-feira, 16, contra a decis\u00e3o da Primeira Turma do <strong>Supremo Tribunal Federal<\/strong> (STF). Essa decis\u00e3o tornou r\u00e9us os envolvidos no que foi identificado como o \u201cn\u00facleo crucial\u201d de um suposto plano de golpe.<\/p>\n<p><strong>+ Leia mais not\u00edcias de Pol\u00edtica em Oeste<\/strong><\/p>\n<p>Os advogados de defesa afirmam que as evid\u00eancias apresentadas pelo ministro Alexandre de Moraes, do STF, excedem os limites delineados pela den\u00fancia da Procuradoria-Geral da Rep\u00fablica (PGR), o que colocaria a defesa em desvantagem. Entre as provas apresentadas pelo magistrado est\u00e3o um v\u00eddeo da invas\u00e3o das sedes dos Tr\u00eas poderes em 8 de janeiro.<\/p>\n<h2 class=\"wp-block-heading\">Defesa de Braga Netto pede retirada de provas<\/h2>\n<figure class=\"wp-block-embed is-type-video is-provider-youtube wp-block-embed-youtube wp-embed-aspect-16-9 wp-has-aspect-ratio\">\n<div class=\"wp-block-embed__wrapper\">\n<div class=\"perfmatters-lazy-youtube\" data-src=\"https:\/\/www.youtube.com\/embed\/CwpoinGloN8\" data-id=\"CwpoinGloN8\" data-query=\"feature=oembed\" onclick=\"perfmattersLazyLoadYouTube(this);\">\n<div><img fetchpriority=\"high\" decoding=\"async\" src=\"https:\/\/i.ytimg.com\/vi\/CwpoinGloN8\/hqdefault.jpg\" alt=\"YouTube video\" width=\"480\" height=\"360\" data-pin-nopin=\"true\" nopin=\"nopin\"\/><\/div>\n<\/div>\n<p><noscript><iframe title=\"Advogado pede soltura de Braga Netto e afirma que Mauro Cid \u00e9 &#039;mentiroso&#039;\" width=\"800\" height=\"450\" src=\"https:\/\/www.youtube.com\/embed\/CwpoinGloN8?feature=oembed\" frameborder=\"0\" allow=\"accelerometer; autoplay; clipboard-write; encrypted-media; gyroscope; picture-in-picture; web-share\" referrerpolicy=\"strict-origin-when-cross-origin\" allowfullscreen><\/iframe><\/noscript>\n<\/div>\n<\/figure>\n<p>A defesa insiste que \u201ch\u00e1 que se respeitar estritamente os limites da acusa\u00e7\u00e3o, sen\u00e3o a atua\u00e7\u00e3o jurisdicional deixa de ser equidistante e favorece a acusa\u00e7\u00e3o\u201d. Os advogados pedem para que as refer\u00eancias aos atos de 8 de janeiro sejam removidas do ac\u00f3rd\u00e3o. As evid\u00eancias n\u00e3o constam na den\u00fancia da PGR.<\/p>\n<p>Adicionalmente, os advogados alegam que a Primeira Turma do STF n\u00e3o considerou o argumento de que a dela\u00e7\u00e3o premiada do tenente-coronel Mauro Cid deveria ser anulada por causa da interfer\u00eancia indevida de Moraes.<\/p>\n<p>Os defensores tamb\u00e9m ressaltam que n\u00e3o tiveram acesso a todas as provas coletadas pela Pol\u00edcia Federal. Depois de receber a den\u00fancia, a Primeira Turma do STF come\u00e7ou um processo criminal contra Braga Netto, o ex-presidente Jair Bolsonaro e outras seis pessoas.<\/p>\n<p><related-posts class=\"border-y border-gray-300 py-5\"><\/p>\n<h2 class=\"!text-2xl text-black font-primary font-semibold leading-none mb-3\">\n    Leia tamb\u00e9m:<br \/>\n  <\/h2>\n<p><\/related-posts><\/p><\/div>\n<p><br \/>\n<br \/>Fonte: <a href=\"https:\/\/revistaoeste.com\/politica\/defesa-de-braga-netto-entra-com-recurso-contra-decisao-do-stf\/\">Ag\u00eancia Brasil<\/a><\/p>\n","protected":false},"excerpt":{"rendered":"<p>A defesa do general Walter Braga Netto foi a primeira a apresentar recurso, nesta ter\u00e7a-feira, 16, contra a decis\u00e3o da Primeira Turma do Supremo Tribunal Federal (STF). Essa decis\u00e3o tornou r\u00e9us os envolvidos no que foi identificado como o \u201cn\u00facleo crucial\u201d de um suposto plano de golpe. + Leia mais not\u00edcias de Pol\u00edtica em Oeste [&hellip;]<\/p>\n","protected":false},"author":5,"featured_media":13423,"comment_status":"open","ping_status":"open","sticky":false,"template":"","format":"standard","meta":{"_seopress_robots_primary_cat":"","_seopress_titles_title":"","_seopress_titles_desc":"","_seopress_robots_index":"","footnotes":""},"categories":[47,1],"tags":[],"class_list":["post-13422","post","type-post","status-publish","format-standard","has-post-thumbnail","hentry","category-politica","category-ultimas-noticias"],"_links":{"self":[{"href":"https:\/\/mussicom.com\/noticias\/wp-json\/wp\/v2\/posts\/13422","targetHints":{"allow":["GET"]}}],"collection":[{"href":"https:\/\/mussicom.com\/noticias\/wp-json\/wp\/v2\/posts"}],"about":[{"href":"https:\/\/mussicom.com\/noticias\/wp-json\/wp\/v2\/types\/post"}],"author":[{"embeddable":true,"href":"https:\/\/mussicom.com\/noticias\/wp-json\/wp\/v2\/users\/5"}],"replies":[{"embeddable":true,"href":"https:\/\/mussicom.com\/noticias\/wp-json\/wp\/v2\/comments?post=13422"}],"version-history":[{"count":0,"href":"https:\/\/mussicom.com\/noticias\/wp-json\/wp\/v2\/posts\/13422\/revisions"}],"wp:featuredmedia":[{"embeddable":true,"href":"https:\/\/mussicom.com\/noticias\/wp-json\/wp\/v2\/media\/13423"}],"wp:attachment":[{"href":"https:\/\/mussicom.com\/noticias\/wp-json\/wp\/v2\/media?parent=13422"}],"wp:term":[{"taxonomy":"category","embeddable":true,"href":"https:\/\/mussicom.com\/noticias\/wp-json\/wp\/v2\/categories?post=13422"},{"taxonomy":"post_tag","embeddable":true,"href":"https:\/\/mussicom.com\/noticias\/wp-json\/wp\/v2\/tags?post=13422"}],"curies":[{"name":"wp","href":"https:\/\/api.w.org\/{rel}","templated":true}]}}