{"id":13414,"date":"2025-04-17T02:41:26","date_gmt":"2025-04-17T05:41:26","guid":{"rendered":"https:\/\/mussicom.com\/marcia-tiburi-ataca-mulheres-da-direita\/"},"modified":"2025-04-17T02:41:26","modified_gmt":"2025-04-17T05:41:26","slug":"marcia-tiburi-ataca-mulheres-da-direita","status":"publish","type":"post","link":"https:\/\/mussicom.com\/noticias\/marcia-tiburi-ataca-mulheres-da-direita\/","title":{"rendered":"M\u00e1rcia Tiburi ataca mulheres da direita"},"content":{"rendered":"<p> <br \/>\n<\/p>\n<div id=\"hd80s9wa1h892edh8192\">\n<p>A militante de esquerda <strong>M\u00e1rcia Tiburi<\/strong> debochou das presas em raz\u00e3o de 8 de janeiro de 2023. Ela ironizou tamb\u00e9m o ato realizado em <strong>S\u00e3o Paulo em prol da anistia<\/strong>. Durante participa\u00e7\u00e3o no programa <em>Precisamos Conversar,<\/em> do canal ICL, M\u00e1rcia disse principalmente que as mulheres da direita \u201cse apropriaram de um s\u00edmbolo feminista\u201d, referindo-se ao batom.<\/p>\n<p>A declara\u00e7\u00e3o foi uma cr\u00edtica ao movimento em que se destacou o caso da\u00a0cabeleireira D\u00e9bora dos Santos. D\u00e9bora usou um batom vermelho para escrever \u201cPerdeu, man\u00e9\u201d na est\u00e1tua <em>A Justi\u00e7a<\/em>. \u201c\u00c9 muito triste essa apropria\u00e7\u00e3o de um s\u00edmbolo feminista. \u00c9 um s\u00edmbolo tamb\u00e9m da liberta\u00e7\u00e3o feminina em muitos aspectos e muitos sentidos que essa liberdade pode ter. Porque \u00e9 uma conquista das mulheres de diversas classes e das diversas ra\u00e7as\u201d, disse a militante.<\/p>\n<h2 class=\"wp-block-heading\"><strong>Batom e a opress\u00e3o; entenda<\/strong><\/h2>\n<p>Conforme a esquerdista, \u201ca opress\u00e3o das mulheres \u00e9 interseccional, mesmo uma mulher branca e rica das elites \u00e9 uma mulher oprimida l\u00e1 no contexto dela\u201d. Em tom de filosofia, M\u00e1rcia disse do mesmo modo que a mulher pode ser uma opressora de outras mulheres. Depois tentou se explicar melhor. \u201cMas ela tamb\u00e9m \u00e9 uma oprimida e, portanto, \u00e9 uma pobre coitada. S\u00f3 n\u00e3o \u00e9 pobre coitada a mulher que est\u00e1 na luta\u201d.<\/p>\n<p>A militante classificou ainda como \u201cuma jogada de marketing pol\u00edtico muito espertinha\u201d da direita a ado\u00e7\u00e3o do batom vermelho como um s\u00edmbolo de protesto. E tamb\u00e9m ironizou a rela\u00e7\u00e3o dos conservadores com a cor vermelha. Disse a esquerdista, que j\u00e1 defendeu a \u2018l\u00f3gica do assalto\u2019.<\/p>\n<figure class=\"wp-block-embed is-type-video is-provider-youtube wp-block-embed-youtube wp-embed-aspect-16-9 wp-has-aspect-ratio\">\n<div class=\"wp-block-embed__wrapper\">\n<div class=\"perfmatters-lazy-youtube\" data-src=\"https:\/\/www.youtube.com\/embed\/JnuKtCJNleQ\" data-id=\"JnuKtCJNleQ\" data-query=\"feature=oembed\" onclick=\"perfmattersLazyLoadYouTube(this);\">\n<div><img fetchpriority=\"high\" decoding=\"async\" src=\"https:\/\/i.ytimg.com\/vi\/JnuKtCJNleQ\/hqdefault.jpg\" alt=\"YouTube video\" width=\"480\" height=\"360\" data-pin-nopin=\"true\" nopin=\"nopin\"\/><\/div>\n<\/div>\n<p><noscript><iframe title=\"Sem ter o que falar, M\u00e1rcia Tiburi diz que quem foi a ato de Bolsonaro \u00e9 feio | #osf\" width=\"800\" height=\"450\" src=\"https:\/\/www.youtube.com\/embed\/JnuKtCJNleQ?feature=oembed\" frameborder=\"0\" allow=\"accelerometer; autoplay; clipboard-write; encrypted-media; gyroscope; picture-in-picture; web-share\" referrerpolicy=\"strict-origin-when-cross-origin\" allowfullscreen><\/iframe><\/noscript>\n<\/div>\n<\/figure>\n<p>\u201cO complicado que essa galera da extrema-direita e da direita tem que avaliar \u00e9 que eles odeiam a cor vermelha. E agora v\u00e3o gostar do batom vermelho? Tipo, \u2018nossa bandeira nunca ser\u00e1 vermelha\u2019. O batom pode? Por qu\u00ea? Queria que essas mulheres [de direita] a\u00ed explicassem\u201d.<\/p>\n<p>+ <strong>Leia mais not\u00edcias de Pol\u00edtica na Oeste<\/strong><\/p>\n<\/p><\/div>\n<p><br \/>\n<br \/>Fonte: <a href=\"https:\/\/revistaoeste.com\/politica\/uso-do-batom-marcia-tiburi-ataca-mulheres-da-direita\/\">Ag\u00eancia Brasil<\/a><\/p>\n","protected":false},"excerpt":{"rendered":"<p>A militante de esquerda M\u00e1rcia Tiburi debochou das presas em raz\u00e3o de 8 de janeiro de 2023. Ela ironizou tamb\u00e9m o ato realizado em S\u00e3o Paulo em prol da anistia. Durante participa\u00e7\u00e3o no programa Precisamos Conversar, do canal ICL, M\u00e1rcia disse principalmente que as mulheres da direita \u201cse apropriaram de um s\u00edmbolo feminista\u201d, referindo-se ao [&hellip;]<\/p>\n","protected":false},"author":5,"featured_media":13415,"comment_status":"open","ping_status":"open","sticky":false,"template":"","format":"standard","meta":{"_seopress_robots_primary_cat":"","_seopress_titles_title":"","_seopress_titles_desc":"","_seopress_robots_index":"","footnotes":""},"categories":[47,1],"tags":[],"class_list":["post-13414","post","type-post","status-publish","format-standard","has-post-thumbnail","hentry","category-politica","category-ultimas-noticias"],"_links":{"self":[{"href":"https:\/\/mussicom.com\/noticias\/wp-json\/wp\/v2\/posts\/13414","targetHints":{"allow":["GET"]}}],"collection":[{"href":"https:\/\/mussicom.com\/noticias\/wp-json\/wp\/v2\/posts"}],"about":[{"href":"https:\/\/mussicom.com\/noticias\/wp-json\/wp\/v2\/types\/post"}],"author":[{"embeddable":true,"href":"https:\/\/mussicom.com\/noticias\/wp-json\/wp\/v2\/users\/5"}],"replies":[{"embeddable":true,"href":"https:\/\/mussicom.com\/noticias\/wp-json\/wp\/v2\/comments?post=13414"}],"version-history":[{"count":0,"href":"https:\/\/mussicom.com\/noticias\/wp-json\/wp\/v2\/posts\/13414\/revisions"}],"wp:featuredmedia":[{"embeddable":true,"href":"https:\/\/mussicom.com\/noticias\/wp-json\/wp\/v2\/media\/13415"}],"wp:attachment":[{"href":"https:\/\/mussicom.com\/noticias\/wp-json\/wp\/v2\/media?parent=13414"}],"wp:term":[{"taxonomy":"category","embeddable":true,"href":"https:\/\/mussicom.com\/noticias\/wp-json\/wp\/v2\/categories?post=13414"},{"taxonomy":"post_tag","embeddable":true,"href":"https:\/\/mussicom.com\/noticias\/wp-json\/wp\/v2\/tags?post=13414"}],"curies":[{"name":"wp","href":"https:\/\/api.w.org\/{rel}","templated":true}]}}