{"id":13375,"date":"2025-04-16T23:10:06","date_gmt":"2025-04-17T02:10:06","guid":{"rendered":"https:\/\/www.mussicom.com\/a-relacao-do-mercado-de-suplementos-com-o-agro\/"},"modified":"2025-04-16T23:10:06","modified_gmt":"2025-04-17T02:10:06","slug":"a-relacao-do-mercado-de-suplementos-com-o-agro","status":"publish","type":"post","link":"https:\/\/mussicom.com\/noticias\/a-relacao-do-mercado-de-suplementos-com-o-agro\/","title":{"rendered":"A rela\u00e7\u00e3o do mercado de suplementos com o agro"},"content":{"rendered":"<p> <br \/>\n<\/p>\n<div id=\"hd80s9wa1h892edh8192\">\n<p>O mercado de suplementos cresceu nos \u00faltimos anos, principalmente depois da pandemia da <strong>covid-19<\/strong>. O isolamento serviu de impulso para uma maior preocupa\u00e7\u00e3o com a <strong>sa\u00fade<\/strong>, o que fez com que os h\u00e1bitos de consumo aumentasse consideravelmente.<\/p>\n<figure class=\"wp-block-embed is-type-video is-provider-youtube wp-block-embed-youtube wp-embed-aspect-16-9 wp-has-aspect-ratio\">\n<div class=\"wp-block-embed__wrapper\">\n<div class=\"perfmatters-lazy-youtube\" data-src=\"https:\/\/www.youtube.com\/embed\/cMc5CfdZumM\" data-id=\"cMc5CfdZumM\" data-query=\"feature=oembed\" onclick=\"perfmattersLazyLoadYouTube(this);\">\n<div><img fetchpriority=\"high\" decoding=\"async\" src=\"https:\/\/i.ytimg.com\/vi\/cMc5CfdZumM\/hqdefault.jpg\" alt=\"YouTube video\" width=\"480\" height=\"360\" data-pin-nopin=\"true\" nopin=\"nopin\"\/><\/div>\n<\/div>\n<p><noscript><iframe title=\"A For\u00e7a do Agro, com Joice Maffezzolli - O mercado de suplementos e a rela\u00e7\u00e3o com o agro\" width=\"800\" height=\"450\" src=\"https:\/\/www.youtube.com\/embed\/cMc5CfdZumM?feature=oembed\" frameborder=\"0\" allow=\"accelerometer; autoplay; clipboard-write; encrypted-media; gyroscope; picture-in-picture; web-share\" referrerpolicy=\"strict-origin-when-cross-origin\" allowfullscreen><\/iframe><\/noscript>\n<\/div>\n<\/figure>\n<p>Suplementos alimentares trazem diversos benef\u00edcios. Contudo, \u00e9 necess\u00e1rio o acompanhamento de um nutricionista. Al\u00e9m disso, \u00e9 preciso ter cuidado refor\u00e7ado para n\u00e3o cair em golpes com marcas que falsificam ou adulteram os produtos.<\/p>\n<h2 class=\"wp-block-heading\">Mercado de suplementos em destaque<\/h2>\n<p>Em <strong>A For\u00e7a do Agro<\/strong> desta quarta-feira,16, o espectador vai descobrir como o mercado de suplementos enfrentou os desafios e, assim, continuou a crescer.<\/p>\n<h2 class=\"wp-block-heading\">A For\u00e7a do Agro<\/h2>\n<p>Com uma crescente necessidade de pr\u00e1ticas mais sustent\u00e1veis, o <strong>agroneg\u00f3cio<\/strong> busca inovar constantemente para aprimorar a produtividade e minimizar impactos ambientais.<\/p>\n<p>Em <strong>A For\u00e7a do Agro<\/strong> s\u00e3o apresentados os principais t\u00f3picos que fazem o agro ser t\u00e3o especial.<\/p>\n<p>De segunda a sexta-feira, o programa leva informa\u00e7\u00e3o e conhecimento ao internauta e tem o papel de conectar o campo \u00e0 cidade, mas de uma maneira leve e descontra\u00edda.<\/p>\n<h2 class=\"wp-block-heading\">Servi\u00e7o<\/h2>\n<p><strong>A For\u00e7a do Agro<br \/><\/strong>De segunda a sexta-feira<br \/>\u00c0s 19h50min, depois do <strong>Oeste Sem Filtro<\/strong>, tamb\u00e9m na <em>playlist<\/em> exclusiva no YouTube<br \/><strong>Clique aqui para se inscrever<\/strong><\/p>\n<\/p><\/div>\n<p><br \/>\n<br \/>Fonte: <a href=\"https:\/\/revistaoeste.com\/agronegocio\/a-relacao-do-mercado-de-suplementos-com-o-agro\/\">Revista Oeste<\/a><\/p>\n","protected":false},"excerpt":{"rendered":"<p>O mercado de suplementos cresceu nos \u00faltimos anos, principalmente depois da pandemia da covid-19. O isolamento serviu de impulso para uma maior preocupa\u00e7\u00e3o com a sa\u00fade, o que fez com que os h\u00e1bitos de consumo aumentasse consideravelmente. Suplementos alimentares trazem diversos benef\u00edcios. Contudo, \u00e9 necess\u00e1rio o acompanhamento de um nutricionista. Al\u00e9m disso, \u00e9 preciso ter [&hellip;]<\/p>\n","protected":false},"author":5,"featured_media":13376,"comment_status":"open","ping_status":"open","sticky":false,"template":"","format":"standard","meta":{"_seopress_robots_primary_cat":"","_seopress_titles_title":"","_seopress_titles_desc":"","_seopress_robots_index":"","footnotes":""},"categories":[53],"tags":[],"class_list":["post-13375","post","type-post","status-publish","format-standard","has-post-thumbnail","hentry","category-agronegocio"],"_links":{"self":[{"href":"https:\/\/mussicom.com\/noticias\/wp-json\/wp\/v2\/posts\/13375","targetHints":{"allow":["GET"]}}],"collection":[{"href":"https:\/\/mussicom.com\/noticias\/wp-json\/wp\/v2\/posts"}],"about":[{"href":"https:\/\/mussicom.com\/noticias\/wp-json\/wp\/v2\/types\/post"}],"author":[{"embeddable":true,"href":"https:\/\/mussicom.com\/noticias\/wp-json\/wp\/v2\/users\/5"}],"replies":[{"embeddable":true,"href":"https:\/\/mussicom.com\/noticias\/wp-json\/wp\/v2\/comments?post=13375"}],"version-history":[{"count":0,"href":"https:\/\/mussicom.com\/noticias\/wp-json\/wp\/v2\/posts\/13375\/revisions"}],"wp:featuredmedia":[{"embeddable":true,"href":"https:\/\/mussicom.com\/noticias\/wp-json\/wp\/v2\/media\/13376"}],"wp:attachment":[{"href":"https:\/\/mussicom.com\/noticias\/wp-json\/wp\/v2\/media?parent=13375"}],"wp:term":[{"taxonomy":"category","embeddable":true,"href":"https:\/\/mussicom.com\/noticias\/wp-json\/wp\/v2\/categories?post=13375"},{"taxonomy":"post_tag","embeddable":true,"href":"https:\/\/mussicom.com\/noticias\/wp-json\/wp\/v2\/tags?post=13375"}],"curies":[{"name":"wp","href":"https:\/\/api.w.org\/{rel}","templated":true}]}}