{"id":13336,"date":"2025-04-16T20:33:12","date_gmt":"2025-04-16T23:33:12","guid":{"rendered":"https:\/\/mussicom.com\/mulher-que-recebeu-a-dama-do-trafico-volta-ao-governo-lula\/"},"modified":"2025-04-16T20:33:12","modified_gmt":"2025-04-16T23:33:12","slug":"mulher-que-recebeu-a-dama-do-trafico-volta-ao-governo-lula","status":"publish","type":"post","link":"https:\/\/mussicom.com\/noticias\/mulher-que-recebeu-a-dama-do-trafico-volta-ao-governo-lula\/","title":{"rendered":"Mulher que recebeu a \u2018Dama do Tr\u00e1fico\u2019 volta ao governo Lula"},"content":{"rendered":"<p> <br \/>\n<\/p>\n<div id=\"hd80s9wa1h892edh8192\">\n<p>\u00c9rica Meireles de Oliveira voltou a ocupar um cargo no governo do presidente Luiz In\u00e1cio Lula da Silva. Exonerada duas vezes do cargo p\u00fablico, a servidora foi uma das respons\u00e1veis por receber Luciane Barbosa Farias, conhecida como a \u201cDama do Tr\u00e1fico\u201d, no Pal\u00e1cio do Planalto. A nomea\u00e7\u00e3o foi publicada no <em><strong>Di\u00e1rio Oficial da Uni\u00e3o<\/strong><\/em>, na \u00faltima quarta-feira, 9.<\/p>\n<blockquote class=\"wp-block-quote is-layout-flow wp-block-quote-is-layout-flow\">\n<p>A servidora vai ocupar cargo na Secretaria de Rela\u00e7\u00f5es Institucionais da Presid\u00eancia da Rep\u00fablica, \u00f3rg\u00e3o sob comando de Gleisi Hoffmann.<\/p>\n<\/blockquote>\n<p>Na \u00e9poca em que recebeu a \u201cDama do Tr\u00e1fico\u201d, \u00c9rica trabalhava no Minist\u00e9rio dos Direitos Humanos. Ela ocupava o cargo de coordenadora de gabinete da Secretaria Nacional de Promo\u00e7\u00e3o e Defesa dos Direitos.<\/p>\n<h2 class=\"wp-block-heading\">As idas e vindas de \u00c9rica<\/h2>\n<p>A servidora, contudo, saiu da pasta em mar\u00e7o de 2024, depois de receber um convite para ser coordenadora-geral de Articula\u00e7\u00e3o de Pol\u00edticas P\u00fablicas da Secretaria de Acesso \u00e0 Justi\u00e7a. Contudo, ocupou o cargo por pouco tempo. Foi dispensada em 29 de agosto do ano passado.<\/p>\n<p><strong>+ Leia mais not\u00edcias de Pol\u00edtica em Oeste<\/strong><\/p>\n<p>Al\u00e9m do encontro com a \u201cDama do Tr\u00e1fico\u201d, \u00c9rica foi acusada de acessar ilegalmente dados internos para repassar informa\u00e7\u00f5es a aliados pol\u00edticos. Ela tamb\u00e9m teria forjado seu diploma universit\u00e1rio. As acusa\u00e7\u00f5es motivaram a sa\u00edda do Minist\u00e9rio dos Direitos Humanos e, posteriormente, do Minist\u00e9rio da Justi\u00e7a.<\/p>\n<h2 class=\"wp-block-heading\">\u201cDama do Tr\u00e1fico\u201d e sua \u201cintelig\u00eancia financeira\u201d<\/h2>\n<p><strong>A \u201cDama do Tr\u00e1fico\u201d \u00e9 casada com Clemilson dos Santos Farias, o \u201cTio Patinhas\u201d<\/strong>. Ele \u00e9 apontado como um dos l\u00edderes do Comando Vermelho no Amazonas. Condenado a 31 anos de pris\u00e3o, o criminoso foi preso em dezembro de 2022.<\/p>\n<figure class=\"wp-block-embed is-type-video is-provider-youtube wp-block-embed-youtube wp-embed-aspect-16-9 wp-has-aspect-ratio\">\n<div class=\"wp-block-embed__wrapper\">\n<div class=\"perfmatters-lazy-youtube\" data-src=\"https:\/\/www.youtube.com\/embed\/OvoyPB8VBUQ\" data-id=\"OvoyPB8VBUQ\" data-query=\"feature=oembed\" onclick=\"perfmattersLazyLoadYouTube(this);\">\n<div><img fetchpriority=\"high\" decoding=\"async\" src=\"https:\/\/i.ytimg.com\/vi\/OvoyPB8VBUQ\/hqdefault.jpg\" alt=\"YouTube video\" width=\"480\" height=\"360\" data-pin-nopin=\"true\" nopin=\"nopin\"\/><\/div>\n<\/div>\n<p><noscript><iframe title=\"Justi\u00e7a manda prender &#039;Dama do Tr\u00e1fico&#039; recebida por ministro de Lula\" width=\"800\" height=\"450\" src=\"https:\/\/www.youtube.com\/embed\/OvoyPB8VBUQ?feature=oembed\" frameborder=\"0\" allow=\"accelerometer; autoplay; clipboard-write; encrypted-media; gyroscope; picture-in-picture; web-share\" referrerpolicy=\"strict-origin-when-cross-origin\" allowfullscreen><\/iframe><\/noscript>\n<\/div>\n<\/figure>\n<p>O Minist\u00e9rio P\u00fablico do Amazonas descreve a \u201cDama do Tr\u00e1fico\u201d como \u201ccomparsa\u201d dos crimes do tr\u00e1fico no Amazonas. O \u00f3rg\u00e3o define \u201cintelig\u00eancia financeira\u201d como um de seus atributos.<\/p>\n<p><strong>Leia tamb\u00e9m: \u201cLiga\u00e7\u00f5es cabulosas\u201d, reportagem de Silvio Navarro publicada na Edi\u00e7\u00e3o 191 da Revista Oeste<\/strong><\/p>\n<\/p><\/div>\n<p><br \/>\n<br \/>Fonte: <a href=\"https:\/\/revistaoeste.com\/politica\/mulher-que-recebeu-a-dama-do-trafico-volta-ao-governo-lula\/\">Ag\u00eancia Brasil<\/a><\/p>\n","protected":false},"excerpt":{"rendered":"<p>\u00c9rica Meireles de Oliveira voltou a ocupar um cargo no governo do presidente Luiz In\u00e1cio Lula da Silva. Exonerada duas vezes do cargo p\u00fablico, a servidora foi uma das respons\u00e1veis por receber Luciane Barbosa Farias, conhecida como a \u201cDama do Tr\u00e1fico\u201d, no Pal\u00e1cio do Planalto. A nomea\u00e7\u00e3o foi publicada no Di\u00e1rio Oficial da Uni\u00e3o, na [&hellip;]<\/p>\n","protected":false},"author":5,"featured_media":13337,"comment_status":"open","ping_status":"open","sticky":false,"template":"","format":"standard","meta":{"_seopress_robots_primary_cat":"","_seopress_titles_title":"","_seopress_titles_desc":"","_seopress_robots_index":"","footnotes":""},"categories":[47,1],"tags":[],"class_list":["post-13336","post","type-post","status-publish","format-standard","has-post-thumbnail","hentry","category-politica","category-ultimas-noticias"],"_links":{"self":[{"href":"https:\/\/mussicom.com\/noticias\/wp-json\/wp\/v2\/posts\/13336","targetHints":{"allow":["GET"]}}],"collection":[{"href":"https:\/\/mussicom.com\/noticias\/wp-json\/wp\/v2\/posts"}],"about":[{"href":"https:\/\/mussicom.com\/noticias\/wp-json\/wp\/v2\/types\/post"}],"author":[{"embeddable":true,"href":"https:\/\/mussicom.com\/noticias\/wp-json\/wp\/v2\/users\/5"}],"replies":[{"embeddable":true,"href":"https:\/\/mussicom.com\/noticias\/wp-json\/wp\/v2\/comments?post=13336"}],"version-history":[{"count":0,"href":"https:\/\/mussicom.com\/noticias\/wp-json\/wp\/v2\/posts\/13336\/revisions"}],"wp:featuredmedia":[{"embeddable":true,"href":"https:\/\/mussicom.com\/noticias\/wp-json\/wp\/v2\/media\/13337"}],"wp:attachment":[{"href":"https:\/\/mussicom.com\/noticias\/wp-json\/wp\/v2\/media?parent=13336"}],"wp:term":[{"taxonomy":"category","embeddable":true,"href":"https:\/\/mussicom.com\/noticias\/wp-json\/wp\/v2\/categories?post=13336"},{"taxonomy":"post_tag","embeddable":true,"href":"https:\/\/mussicom.com\/noticias\/wp-json\/wp\/v2\/tags?post=13336"}],"curies":[{"name":"wp","href":"https:\/\/api.w.org\/{rel}","templated":true}]}}