{"id":13321,"date":"2025-04-16T19:32:05","date_gmt":"2025-04-16T22:32:05","guid":{"rendered":"https:\/\/www.mussicom.com\/medicos-e-enfermeiros-fazem-plantao-na-greve\/"},"modified":"2025-04-16T19:32:05","modified_gmt":"2025-04-16T22:32:05","slug":"medicos-e-enfermeiros-fazem-plantao-na-greve","status":"publish","type":"post","link":"https:\/\/mussicom.com\/noticias\/medicos-e-enfermeiros-fazem-plantao-na-greve\/","title":{"rendered":"M\u00e9dicos e enfermeiros fazem plant\u00e3o na greve"},"content":{"rendered":"<p> <br \/>\n<\/p>\n<div id=\"hd80s9wa1h892edh8192\">\n<p>A greve de fome iniciada h\u00e1 uma semana pelo deputado <strong>Glauber Braga (Psol-RJ)<\/strong>, dentro da <strong>C\u00e2mara dos Deputados, <\/strong>acendeu um novo alerta sobre o uso de recursos p\u00fablicos. O parlamentar continua acampado de forma improvisada em uma das depend\u00eancias da Casa, alimentando-se apenas com soro, isot\u00f4nicos e \u00e1gua de coco. O protesto \u00e9 uma rea\u00e7\u00e3o \u00e0 decis\u00e3o do Conselho de \u00c9tica que recomendou sua cassa\u00e7\u00e3o por quebra de decoro.<\/p>\n<p><strong>+ Leia mais not\u00edcias de Pol\u00edtica em Oeste<\/strong><\/p>\n<p>Interpelada por <strong>Oeste<\/strong>, a Mesa Diretora da C\u00e2mara confirmou que disponibilizou um m\u00e9dico e um enfermeiro, em regime de plant\u00e3o nos fins de semana, para acompanhar a sa\u00fade do deputado.<\/p>\n<figure class=\"wp-block-embed is-type-video is-provider-youtube wp-block-embed-youtube wp-embed-aspect-16-9 wp-has-aspect-ratio\">\n<div class=\"wp-block-embed__wrapper\">\n<div class=\"perfmatters-lazy-youtube\" data-src=\"https:\/\/www.youtube.com\/embed\/iY1nFlmUJCk\" data-id=\"iY1nFlmUJCk\" data-query=\"feature=oembed\" onclick=\"perfmattersLazyLoadYouTube(this);\">\n<div><img fetchpriority=\"high\" decoding=\"async\" src=\"https:\/\/i.ytimg.com\/vi\/iY1nFlmUJCk\/hqdefault.jpg\" alt=\"YouTube video\" width=\"480\" height=\"360\" data-pin-nopin=\"true\" nopin=\"nopin\"\/><\/div>\n<\/div>\n<p><noscript><iframe title=\"&#039;Greve de fome&#039;: Glauber Braga faz exame de sangue e toma soro na C\u00e2mara\" width=\"800\" height=\"450\" src=\"https:\/\/www.youtube.com\/embed\/iY1nFlmUJCk?feature=oembed\" frameborder=\"0\" allow=\"accelerometer; autoplay; clipboard-write; encrypted-media; gyroscope; picture-in-picture; web-share\" referrerpolicy=\"strict-origin-when-cross-origin\" allowfullscreen><\/iframe><\/noscript>\n<\/div>\n<\/figure>\n<p>A seguran\u00e7a segue com o efetivo habitual dos policiais legislativos, sem altera\u00e7\u00f5es na escala. A C\u00e2mara informou ainda que a equipe do gabinete do parlamentar o acompanha continuamente. Os eventuais custos decorrentes desse acompanhamento e da  mobiliza\u00e7\u00e3o de profissionais de sa\u00fade s\u00f3 ser\u00e3o identificados na folha de pagamento do m\u00eas de maio.<\/p>\n<h2 class=\"wp-block-heading\">Confira a \u00edntegra da nota <\/h2>\n<p>\u201cA C\u00e2mara dos Deputados tem fornecido todo o suporte de seguran\u00e7a e m\u00e9dico ao deputado Glauber Braga\u201d, diz o texto, assinado pela assessoria de imprensa. \u201cNos dias com sess\u00e3o deliberativa, n\u00e3o h\u00e1 equipe adicional de servidores para atender o parlamentar. Nos finais de semana e em outros dias n\u00e3o \u00fateis, s\u00e3o mantidos um m\u00e9dico e um enfermeiro de plant\u00e3o. Os policiais legislativos s\u00e3o os mesmos da escala j\u00e1 prevista para a Casa. Acompanha ainda o deputado Glauber Braga, ininterruptamente, sua pr\u00f3pria assessoria. Eventuais custos adicionais s\u00f3 podem ser apurados na folha de pagamento do m\u00eas seguinte.\u201d<\/p>\n<p><related-posts class=\"border-y border-gray-300 py-5\"><\/p>\n<h2 class=\"!text-2xl text-brand-500 font-primary font-semibold leading-none mb-3\">\n    Leia mais:<br \/>\n  <\/h2>\n<p><\/related-posts><\/p>\n<h2 class=\"wp-block-heading\">Oposi\u00e7\u00e3o reage a Glauber Braga <\/h2>\n<p>O gesto de Braga sensibilizou integrantes da base do governo Lula. Deputado de oposi\u00e7\u00e3o, no entanto, encaram o movimento com ceticismo. A avalia\u00e7\u00e3o entre deputados cr\u00edticos ao Pal\u00e1cio do Planalto \u00e9 de que o protesto serve mais como ato simb\u00f3lico do que como ferramenta efetiva de press\u00e3o.<\/p>\n<p>Interpelado por <strong>Oeste<\/strong>, o deputado <strong>Kim Kataguiri (Uni\u00e3o-SP) <\/strong>ironizou a manifesta\u00e7\u00e3o. \u201cEsse tipo de teatrinho n\u00e3o comove ningu\u00e9m\u201d, disse. <\/p>\n<\/p><\/div>\n<p><br \/>\n<br \/>Fonte: <a href=\"https:\/\/revistaoeste.com\/politica\/glauber-braga-medicos-e-enfermeiros-fazem-plantao-na-greve\/\">Ag\u00eancia Brasil<\/a><\/p>\n","protected":false},"excerpt":{"rendered":"<p>A greve de fome iniciada h\u00e1 uma semana pelo deputado Glauber Braga (Psol-RJ), dentro da C\u00e2mara dos Deputados, acendeu um novo alerta sobre o uso de recursos p\u00fablicos. O parlamentar continua acampado de forma improvisada em uma das depend\u00eancias da Casa, alimentando-se apenas com soro, isot\u00f4nicos e \u00e1gua de coco. O protesto \u00e9 uma rea\u00e7\u00e3o [&hellip;]<\/p>\n","protected":false},"author":5,"featured_media":13322,"comment_status":"open","ping_status":"open","sticky":false,"template":"","format":"standard","meta":{"_seopress_robots_primary_cat":"","_seopress_titles_title":"","_seopress_titles_desc":"","_seopress_robots_index":"","footnotes":""},"categories":[47,1],"tags":[],"class_list":["post-13321","post","type-post","status-publish","format-standard","has-post-thumbnail","hentry","category-politica","category-ultimas-noticias"],"_links":{"self":[{"href":"https:\/\/mussicom.com\/noticias\/wp-json\/wp\/v2\/posts\/13321","targetHints":{"allow":["GET"]}}],"collection":[{"href":"https:\/\/mussicom.com\/noticias\/wp-json\/wp\/v2\/posts"}],"about":[{"href":"https:\/\/mussicom.com\/noticias\/wp-json\/wp\/v2\/types\/post"}],"author":[{"embeddable":true,"href":"https:\/\/mussicom.com\/noticias\/wp-json\/wp\/v2\/users\/5"}],"replies":[{"embeddable":true,"href":"https:\/\/mussicom.com\/noticias\/wp-json\/wp\/v2\/comments?post=13321"}],"version-history":[{"count":0,"href":"https:\/\/mussicom.com\/noticias\/wp-json\/wp\/v2\/posts\/13321\/revisions"}],"wp:featuredmedia":[{"embeddable":true,"href":"https:\/\/mussicom.com\/noticias\/wp-json\/wp\/v2\/media\/13322"}],"wp:attachment":[{"href":"https:\/\/mussicom.com\/noticias\/wp-json\/wp\/v2\/media?parent=13321"}],"wp:term":[{"taxonomy":"category","embeddable":true,"href":"https:\/\/mussicom.com\/noticias\/wp-json\/wp\/v2\/categories?post=13321"},{"taxonomy":"post_tag","embeddable":true,"href":"https:\/\/mussicom.com\/noticias\/wp-json\/wp\/v2\/tags?post=13321"}],"curies":[{"name":"wp","href":"https:\/\/api.w.org\/{rel}","templated":true}]}}