{"id":13287,"date":"2025-04-16T17:28:14","date_gmt":"2025-04-16T20:28:14","guid":{"rendered":"https:\/\/www.mussicom.com\/trump-proibe-acesso-de-imigrantes-ilegais-a-programas-sociais\/"},"modified":"2025-04-16T17:28:14","modified_gmt":"2025-04-16T20:28:14","slug":"trump-proibe-acesso-de-imigrantes-ilegais-a-programas-sociais","status":"publish","type":"post","link":"https:\/\/mussicom.com\/noticias\/trump-proibe-acesso-de-imigrantes-ilegais-a-programas-sociais\/","title":{"rendered":"Trump pro\u00edbe acesso de imigrantes ilegais a programas sociais"},"content":{"rendered":"<p> <br \/>\n<\/p>\n<div id=\"hd80s9wa1h892edh8192\">\n<p>O presidente dos <strong>Estados Unidos<\/strong>, Donald Trump, assinou nesta ter\u00e7a-feira, 15, um memorando que pro\u00edbe o acesso de imigrantes em situa\u00e7\u00e3o irregular a programas sociais financiados pelo governo. A medida atinge benef\u00edcios como aposentadorias, subs\u00eddios para alimenta\u00e7\u00e3o e seguro sa\u00fade.<\/p>\n<p><strong>Leia mais: \u201cTrump diz que vai deportar \u2018o m\u00e1ximo poss\u00edvel\u2019 de criminosos irregulares nos EUA\u201d<\/strong><\/p>\n<p>A legisla\u00e7\u00e3o norte-americana j\u00e1 estabelece restri\u00e7\u00f5es nesse sentido. Em 1996, durante o governo de Bill Clinton, o Congresso aprovou normas que limitaram o acesso a aux\u00edlios p\u00fablicos.<\/p>\n<figure class=\"wp-block-embed is-type-video is-provider-youtube wp-block-embed-youtube wp-embed-aspect-16-9 wp-has-aspect-ratio\">\n<div class=\"wp-block-embed__wrapper\">\n<div class=\"perfmatters-lazy-youtube\" data-src=\"https:\/\/www.youtube.com\/embed\/OxtFQM443UU\" data-id=\"OxtFQM443UU\" data-query=\"feature=oembed\" onclick=\"perfmattersLazyLoadYouTube(this);\">\n<div><img fetchpriority=\"high\" decoding=\"async\" src=\"https:\/\/i.ytimg.com\/vi\/OxtFQM443UU\/hqdefault.jpg\" alt=\"YouTube video\" width=\"480\" height=\"360\" data-pin-nopin=\"true\" nopin=\"nopin\"\/><\/div>\n<\/div>\n<p><noscript><iframe title=\"San\u00e7\u00f5es a Moraes s\u00e3o analisadas por quatro pastas do governo Trump\" width=\"800\" height=\"450\" src=\"https:\/\/www.youtube.com\/embed\/OxtFQM443UU?feature=oembed\" frameborder=\"0\" allow=\"accelerometer; autoplay; clipboard-write; encrypted-media; gyroscope; picture-in-picture; web-share\" referrerpolicy=\"strict-origin-when-cross-origin\" allowfullscreen><\/iframe><\/noscript>\n<\/div>\n<\/figure>\n<p>O memorando afirma que os programas sociais \u201cn\u00e3o podem encorajar ou recompensar a imigra\u00e7\u00e3o ilegal aos EUA\u201d. O documento tamb\u00e9m orienta os departamentos do Trabalho, da Sa\u00fade e da Seguran\u00e7a Interna a garantirem \u201cque nenhum imigrante ilegal esteja recebendo verbas de programas sociais\u201d.<\/p>\n<h2 class=\"wp-block-heading\"><strong>Trump determina investiga\u00e7\u00e3o de fraudes previdenci\u00e1rias <\/strong><\/h2>\n<p>O texto assinado por Trump determina a cria\u00e7\u00e3o de uma for\u00e7a-tarefa para processar imigrantes envolvidos em fraudes previdenci\u00e1rias e assistenciais. <\/p>\n<p>Tamb\u00e9m ordena ao Departamento de Justi\u00e7a que investigue a exist\u00eancia de benefici\u00e1rios com mais de 100 anos de idade.<\/p>\n<p><strong>+ Leia mais not\u00edcias de Mundo em Oeste<\/strong><\/p>\n<p>Essa \u00faltima diretriz faz refer\u00eancia a uma declara\u00e7\u00e3o do empres\u00e1rio Elon Musk, que afirmou que o <strong>Departamento de Efici\u00eancia Governamental (Dodge)<\/strong> teria identificado pagamentos de assist\u00eancia a centenas de pessoas centen\u00e1rias. <\/p>\n<p><related-posts class=\"border-y border-gray-300 py-5\"><\/p>\n<h2 class=\"!text-2xl text-black font-primary font-semibold leading-none mb-3\">\n    Leia tamb\u00e9m:<br \/>\n  <\/h2>\n<p><\/related-posts><\/p><\/div>\n<p><br \/>\n<br \/>Fonte: <a href=\"https:\/\/revistaoeste.com\/mundo\/trump-proibe-acesso-de-imigrantes-ilegais-a-programas-assistencialistas\/\">Revista Oeste<\/a><\/p>\n","protected":false},"excerpt":{"rendered":"<p>O presidente dos Estados Unidos, Donald Trump, assinou nesta ter\u00e7a-feira, 15, um memorando que pro\u00edbe o acesso de imigrantes em situa\u00e7\u00e3o irregular a programas sociais financiados pelo governo. A medida atinge benef\u00edcios como aposentadorias, subs\u00eddios para alimenta\u00e7\u00e3o e seguro sa\u00fade. Leia mais: \u201cTrump diz que vai deportar \u2018o m\u00e1ximo poss\u00edvel\u2019 de criminosos irregulares nos EUA\u201d [&hellip;]<\/p>\n","protected":false},"author":5,"featured_media":8143,"comment_status":"open","ping_status":"open","sticky":false,"template":"","format":"standard","meta":{"_seopress_robots_primary_cat":"","_seopress_titles_title":"","_seopress_titles_desc":"","_seopress_robots_index":"","footnotes":""},"categories":[48],"tags":[],"class_list":["post-13287","post","type-post","status-publish","format-standard","has-post-thumbnail","hentry","category-internacional"],"_links":{"self":[{"href":"https:\/\/mussicom.com\/noticias\/wp-json\/wp\/v2\/posts\/13287","targetHints":{"allow":["GET"]}}],"collection":[{"href":"https:\/\/mussicom.com\/noticias\/wp-json\/wp\/v2\/posts"}],"about":[{"href":"https:\/\/mussicom.com\/noticias\/wp-json\/wp\/v2\/types\/post"}],"author":[{"embeddable":true,"href":"https:\/\/mussicom.com\/noticias\/wp-json\/wp\/v2\/users\/5"}],"replies":[{"embeddable":true,"href":"https:\/\/mussicom.com\/noticias\/wp-json\/wp\/v2\/comments?post=13287"}],"version-history":[{"count":0,"href":"https:\/\/mussicom.com\/noticias\/wp-json\/wp\/v2\/posts\/13287\/revisions"}],"wp:featuredmedia":[{"embeddable":true,"href":"https:\/\/mussicom.com\/noticias\/wp-json\/wp\/v2\/media\/8143"}],"wp:attachment":[{"href":"https:\/\/mussicom.com\/noticias\/wp-json\/wp\/v2\/media?parent=13287"}],"wp:term":[{"taxonomy":"category","embeddable":true,"href":"https:\/\/mussicom.com\/noticias\/wp-json\/wp\/v2\/categories?post=13287"},{"taxonomy":"post_tag","embeddable":true,"href":"https:\/\/mussicom.com\/noticias\/wp-json\/wp\/v2\/tags?post=13287"}],"curies":[{"name":"wp","href":"https:\/\/api.w.org\/{rel}","templated":true}]}}