{"id":13241,"date":"2025-04-16T14:27:03","date_gmt":"2025-04-16T17:27:03","guid":{"rendered":"https:\/\/www.mussicom.com\/politicos-reagem-a-decisao-de-moraes-sobre-espanha-esdruxula\/"},"modified":"2025-04-16T14:27:03","modified_gmt":"2025-04-16T17:27:03","slug":"politicos-reagem-a-decisao-de-moraes-sobre-espanha-esdruxula","status":"publish","type":"post","link":"https:\/\/mussicom.com\/noticias\/politicos-reagem-a-decisao-de-moraes-sobre-espanha-esdruxula\/","title":{"rendered":"Pol\u00edticos reagem \u00e0 decis\u00e3o de Moraes sobre Espanha: &#8216;Esdr\u00faxula&#8217;"},"content":{"rendered":"<p> <br \/>\n<\/p>\n<div id=\"hd80s9wa1h892edh8192\">\n<p>Pol\u00edticos brasileiros foram \u00e0s redes sociais repercutir a decis\u00e3o do ministro do <strong>Supremo Tribunal Federal<\/strong> (STF) Alexandre de Moraes, dada nesta ter\u00e7a-feira, 25, sobre a rela\u00e7\u00e3o de extradi\u00e7\u00e3o entre o Brasil e a Espanha. Na vis\u00e3o deles, a a\u00e7\u00e3o \u00e9 insensata e esdr\u00faxula, entre outros adjetivos. <\/p>\n<p><strong>+ Leia mais not\u00edcias de Pol\u00edtica em Oeste<\/strong><\/p>\n<p>O juiz interrompeu o processo de devolu\u00e7\u00e3o \u00e0 Justi\u00e7a espanhola do traficante Vasil Gergiev Vasilev. Trata-se de um cidad\u00e3o b\u00falgaro que responde a acusa\u00e7\u00f5es por transportar 52 quilos de coca\u00edna em Barcelona, na Espanha, em outubro de 2022. <\/p>\n<figure class=\"wp-block-embed is-type-video is-provider-youtube wp-block-embed-youtube wp-embed-aspect-16-9 wp-has-aspect-ratio\">\n<div class=\"wp-block-embed__wrapper\">\n<div class=\"perfmatters-lazy-youtube\" data-src=\"https:\/\/www.youtube.com\/embed\/TTqVfpZzhUU\" data-id=\"TTqVfpZzhUU\" data-query=\"feature=oembed\" onclick=\"perfmattersLazyLoadYouTube(this);\">\n<div><img fetchpriority=\"high\" decoding=\"async\" src=\"https:\/\/i.ytimg.com\/vi\/TTqVfpZzhUU\/hqdefault.jpg\" alt=\"YouTube video\" width=\"480\" height=\"360\" data-pin-nopin=\"true\" nopin=\"nopin\"\/><\/div>\n<\/div>\n<p><noscript><iframe title=\"Aliado de Trump diz que &#039;Moraes \u00e9 a maior amea\u00e7a \u00e0 democracia do Ocidente&#039;\" width=\"800\" height=\"450\" src=\"https:\/\/www.youtube.com\/embed\/TTqVfpZzhUU?feature=oembed\" frameborder=\"0\" allow=\"accelerometer; autoplay; clipboard-write; encrypted-media; gyroscope; picture-in-picture; web-share\" referrerpolicy=\"strict-origin-when-cross-origin\" allowfullscreen><\/iframe><\/noscript>\n<\/div>\n<\/figure>\n<p>A decis\u00e3o de Moraes ocorreu depois de o pa\u00eds europeu n\u00e3o enviar ao Brasil o jornalista Oswaldo Eust\u00e1quio, por entender poss\u00edvel motiva\u00e7\u00e3o pol\u00edtica no pedido. O ministro, por sua vez, entendeu que o ato configura suposta viola\u00e7\u00e3o do princ\u00edpio de reciprocidade no tratado de extradi\u00e7\u00e3o entre os pa\u00edses. Mais cedo, <strong>Oeste <\/strong>noticiou <strong>o entendimento de alguns juristas sobre o caso<\/strong>. <\/p>\n<h2 class=\"wp-block-heading\">Opini\u00e3o de pol\u00edticos sobre decis\u00e3o de Moraes<\/h2>\n<figure class=\"wp-block-image aligncenter size-full\"><picture><source data-srcset=\"https:\/\/medias.revistaoeste.com\/wp-content\/uploads\/2025\/04\/FTA20250313235-2-scaled.jpg.webp 2560w, https:\/\/medias.revistaoeste.com\/wp-content\/uploads\/2025\/04\/FTA20250313235-2-300x200.jpg.webp 300w, https:\/\/medias.revistaoeste.com\/wp-content\/uploads\/2025\/04\/FTA20250313235-2-150x100.jpg.webp 150w\" data-sizes=\"(max-width: 2560px) 100vw, 2560px\" type=\"image\/webp\"><img decoding=\"async\" width=\"2560\" height=\"1703\" alt=\"8 de janeiro\" class=\"wp-image-1952137 perfmatters-lazy\" data-eio=\"p\" src=\"https:\/\/medias.revistaoeste.com\/wp-content\/uploads\/2025\/04\/FTA20250313235-2-scaled.jpg\" srcset=\"https:\/\/medias.revistaoeste.com\/wp-content\/uploads\/2025\/04\/FTA20250313235-2-scaled.jpg 2560w, https:\/\/medias.revistaoeste.com\/wp-content\/uploads\/2025\/04\/FTA20250313235-2-300x200.jpg 300w, https:\/\/medias.revistaoeste.com\/wp-content\/uploads\/2025\/04\/FTA20250313235-2-150x100.jpg 150w\" data-sizes=\"(max-width: 2560px) 100vw, 2560px\"\/><img decoding=\"async\" width=\"2560\" height=\"1703\" src=\"https:\/\/medias.revistaoeste.com\/wp-content\/uploads\/2025\/04\/FTA20250313235-2-scaled.jpg\" alt=\"8 de janeiro\" class=\"wp-image-1952137\" srcset=\"https:\/\/medias.revistaoeste.com\/wp-content\/uploads\/2025\/04\/FTA20250313235-2-scaled.jpg 2560w, https:\/\/medias.revistaoeste.com\/wp-content\/uploads\/2025\/04\/FTA20250313235-2-300x200.jpg 300w, https:\/\/medias.revistaoeste.com\/wp-content\/uploads\/2025\/04\/FTA20250313235-2-150x100.jpg 150w\" sizes=\"(max-width: 2560px) 100vw, 2560px\" data-eio=\"p\"\/><\/source><\/picture><figcaption class=\"wp-element-caption\">O ministro Alexandre de Moraes, durante uma sess\u00e3o plen\u00e1ria no STF \u2013 13\/3\/2025 | Foto: Ton Molina\/Estad\u00e3o Conte\u00fado<\/figcaption><\/figure>\n<p>Para o senador Fl\u00e1vio Bolsonaro (PL-RJ), \u201cMoraes faz mal \u00e0 democracia e puxa todo o STF para o seu buraco negro de insensatez\u201d.<\/p>\n<blockquote class=\"twitter-tweet\">\n<p lang=\"pt\" dir=\"ltr\">Alexandre de Moraes soltou um traficante internacional de drogas porque a Espanha n\u00e3o mandou de volta para o Brasil um espanhol acusado de \u201ccrime de opini\u00e3o\u201d.<br \/>Alexandre faz mal \u00e0 democracia e puxa todo o STF pro seu buraco negro de insensatez. https:\/\/t.co\/ASP7wTnFPl<\/p>\n<p>\u2014 Flavio Bolsonaro (@FlavioBolsonaro) <a href=\"https:\/\/twitter.com\/FlavioBolsonaro\/status\/1912431606087704955?ref_src=twsrc%5Etfw\">April 16, 2025<\/a><\/p><\/blockquote>\n<p>Tamb\u00e9m em publica\u00e7\u00e3o no X, o senador Sergio Moro (Uni\u00e3o-PR) questionou se o \u201cBrasil vai virar ref\u00fagio para corruptos ou traficantes de drogas de outros pa\u00edses\u201d. <\/p>\n<blockquote class=\"twitter-tweet\">\n<p lang=\"pt\" dir=\"ltr\">O Brasil vai virar ref\u00fagio para corruptos ou traficantes de drogas de outros pa\u00edses? J\u00e1 n\u00e3o temos o suficiente dos nossos por aqui?<\/p>\n<p>\u2014 Sergio Moro (@SF_Moro) <a href=\"https:\/\/twitter.com\/SF_Moro\/status\/1912516713687498887?ref_src=twsrc%5Etfw\">April 16, 2025<\/a><\/p><\/blockquote>\n<p>J\u00e1 o deputado federal Marcel van Hattem (Novo-RS) classificou o epis\u00f3dio como um \u201cvexame internacional\u201d de Moraes. <\/p>\n<blockquote class=\"twitter-tweet\">\n<p lang=\"pt\" dir=\"ltr\">O vexame internacional de Moraes aumenta: quer exigir dos espanhois a troca de um criminoso b\u00falgaro hoje preso no Brasil, pego em Barcelona com 52 kg de coca\u00edna \u2013 CINQUENTA E DOIS QUILOS de C-O-C-A-\u00cd-N-A \u2013 por um de seus perseguidos pol\u00edticos que est\u00e1 na Espanha. N\u00e3o tem limite. https:\/\/t.co\/dj7m7W1krp<\/p>\n<p>\u2014 Marcel van Hattem (@marcelvanhattem) <a href=\"https:\/\/twitter.com\/marcelvanhattem\/status\/1912355061587394702?ref_src=twsrc%5Etfw\">April 16, 2025<\/a><\/p><\/blockquote>\n<p>O deputado federal Carlos Jordy (PL-RJ) comparou as a\u00e7\u00f5es do traficante b\u00falgaro e do jornalista brasileiro e concluiu que a decis\u00e3o de Moraes \u00e9 \u201cbizarra\u201d. <\/p>\n<blockquote class=\"twitter-tweet\">\n<p lang=\"pt\" dir=\"ltr\">Moraes acaba de negar \u00e0 Espanha a extradi\u00e7\u00e3o de um B\u00falgaro foragido do Brasil alegando que o Pa\u00eds violou o princ\u00edpio da reciprocidade ao negar a extradi\u00e7\u00e3o de Oswaldo Eust\u00e1quio. O primeiro transportou 52 quilos de coca\u00edna para Barcelona; o segundo criticou o STF. Realmente, h\u00e1\u2026 <a href=\"https:\/\/t.co\/edvTLULvDl\">pic.twitter.com\/edvTLULvDl<\/a><\/p>\n<p>\u2014 Carlos Jordy (@carlosjordy) <a href=\"https:\/\/twitter.com\/carlosjordy\/status\/1912307735015706813?ref_src=twsrc%5Etfw\">April 16, 2025<\/a><\/p><\/blockquote>\n<p>Assim como Jordy, a vereadora da cidade de S\u00e3o Paulo Jana\u00edna Paschoal (PP) questionou a paridade entre as decis\u00f5es de Brasil e Espanha. Al\u00e9m disso, criticou a decis\u00e3o de Moraes de pedir explica\u00e7\u00f5es do embaixador espanhol sobre o caso. <\/p>\n<blockquote class=\"twitter-tweet\">\n<p lang=\"pt\" dir=\"ltr\">At\u00e9 onde sei, quem tem poder para convocar Embaixador \u00e9 o Presidente da Rep\u00fablica. J\u00e1 estamos em uma situa\u00e7\u00e3o delicada com os Estados Unidos, n\u00e3o me parece prudente criar uma crise tamb\u00e9m com a Espanha. A reciprocidade s\u00f3 existe quando os dois pa\u00edses consideram criminosa a\u2026<\/p>\n<p>\u2014 Janaina Paschoal (@JanainaDoBrasil) <a href=\"https:\/\/twitter.com\/JanainaDoBrasil\/status\/1912473199448649811?ref_src=twsrc%5Etfw\">April 16, 2025<\/a><\/p><\/blockquote>\n<p>A candidata \u00e0 Prefeitura de S\u00e3o Paulo pelo Partido Novo, nas elei\u00e7\u00f5es de 2024, Marina Helena, tamb\u00e9m criticou o entendimento de Moraes. <\/p>\n<blockquote class=\"twitter-tweet\">\n<p lang=\"pt\" dir=\"ltr\">A Justi\u00e7a espanhola apontou motiva\u00e7\u00e3o pol\u00edtica no pedido de Moraes para extraditar Oswaldo Eust\u00e1quio e negou.<\/p>\n<p>Moraes suspendeu a extradi\u00e7\u00e3o e mandou para casa um traficante, colocando brasileiros em risco, para dar o troco aos espanh\u00f3is.<\/p>\n<p>Agora, a Espanha tem certeza.<\/p>\n<p>\u2014 Marina Helena (@marinahelenabr) <a href=\"https:\/\/twitter.com\/marinahelenabr\/status\/1912444411553652791?ref_src=twsrc%5Etfw\">April 16, 2025<\/a><\/p><\/blockquote>\n<p>Por fim, o ex-deputado-federal e operador do Direito Deltan Dallagnol classificou a ordem do ministro brasileiro como \u201cesdr\u00faxula\u201d. <\/p>\n<blockquote class=\"twitter-tweet\">\n<p lang=\"pt\" dir=\"ltr\">O ministro Alexandre de Moraes, em decis\u00e3o esdr\u00faxula, inexplic\u00e1vel e que viola tudo o que se conhece de direito internacional, mandou intimar o embaixador da Espanha no Brasil a dar explica\u00e7\u00f5es em 5 dias, porque a Espanha se negou a extraditar Oswaldo Eust\u00e1quio.<\/p>\n<p>Se a Espanha\u2026<\/p>\n<p>\u2014 Deltan Dallagnol (@deltanmd) <a href=\"https:\/\/twitter.com\/deltanmd\/status\/1912365134082646079?ref_src=twsrc%5Etfw\">April 16, 2025<\/a><\/p><\/blockquote><\/div>\n<p><script async src=\"\/\/platform.twitter.com\/widgets.js\" charset=\"utf-8\"><\/script><br \/>\n<br \/><br \/>\n<br \/>Fonte: <a href=\"https:\/\/revistaoeste.com\/politica\/politicos-brasileiros-reagem-a-decisao-de-moraes-sobre-espanha-esdruxula\/\">Ag\u00eancia Brasil<\/a><\/p>\n","protected":false},"excerpt":{"rendered":"<p>Pol\u00edticos brasileiros foram \u00e0s redes sociais repercutir a decis\u00e3o do ministro do Supremo Tribunal Federal (STF) Alexandre de Moraes, dada nesta ter\u00e7a-feira, 25, sobre a rela\u00e7\u00e3o de extradi\u00e7\u00e3o entre o Brasil e a Espanha. Na vis\u00e3o deles, a a\u00e7\u00e3o \u00e9 insensata e esdr\u00faxula, entre outros adjetivos. + Leia mais not\u00edcias de Pol\u00edtica em Oeste O [&hellip;]<\/p>\n","protected":false},"author":5,"featured_media":13242,"comment_status":"open","ping_status":"open","sticky":false,"template":"","format":"standard","meta":{"_seopress_robots_primary_cat":"","_seopress_titles_title":"","_seopress_titles_desc":"","_seopress_robots_index":"","footnotes":""},"categories":[47,1],"tags":[],"class_list":["post-13241","post","type-post","status-publish","format-standard","has-post-thumbnail","hentry","category-politica","category-ultimas-noticias"],"_links":{"self":[{"href":"https:\/\/mussicom.com\/noticias\/wp-json\/wp\/v2\/posts\/13241","targetHints":{"allow":["GET"]}}],"collection":[{"href":"https:\/\/mussicom.com\/noticias\/wp-json\/wp\/v2\/posts"}],"about":[{"href":"https:\/\/mussicom.com\/noticias\/wp-json\/wp\/v2\/types\/post"}],"author":[{"embeddable":true,"href":"https:\/\/mussicom.com\/noticias\/wp-json\/wp\/v2\/users\/5"}],"replies":[{"embeddable":true,"href":"https:\/\/mussicom.com\/noticias\/wp-json\/wp\/v2\/comments?post=13241"}],"version-history":[{"count":0,"href":"https:\/\/mussicom.com\/noticias\/wp-json\/wp\/v2\/posts\/13241\/revisions"}],"wp:featuredmedia":[{"embeddable":true,"href":"https:\/\/mussicom.com\/noticias\/wp-json\/wp\/v2\/media\/13242"}],"wp:attachment":[{"href":"https:\/\/mussicom.com\/noticias\/wp-json\/wp\/v2\/media?parent=13241"}],"wp:term":[{"taxonomy":"category","embeddable":true,"href":"https:\/\/mussicom.com\/noticias\/wp-json\/wp\/v2\/categories?post=13241"},{"taxonomy":"post_tag","embeddable":true,"href":"https:\/\/mussicom.com\/noticias\/wp-json\/wp\/v2\/tags?post=13241"}],"curies":[{"name":"wp","href":"https:\/\/api.w.org\/{rel}","templated":true}]}}