{"id":13167,"date":"2025-04-16T08:21:05","date_gmt":"2025-04-16T11:21:05","guid":{"rendered":"https:\/\/www.mussicom.com\/moraes-retalia-espanha-e-interrompe-extradicao-de-traficante\/"},"modified":"2025-04-16T08:21:05","modified_gmt":"2025-04-16T11:21:05","slug":"moraes-retalia-espanha-e-interrompe-extradicao-de-traficante","status":"publish","type":"post","link":"https:\/\/mussicom.com\/noticias\/moraes-retalia-espanha-e-interrompe-extradicao-de-traficante\/","title":{"rendered":"Moraes retalia Espanha e interrompe extradi\u00e7\u00e3o de traficante"},"content":{"rendered":"<p> <br \/>\n<\/p>\n<div id=\"hd80s9wa1h892edh8192\">\n<p>O ministro do Supremo Tribunal Federal (STF) Alexandre de Moraes interrompeu, nesta ter\u00e7a-feira, 15, o processo de extradi\u00e7\u00e3o do traficante Vasil Gergiev Vasilev, um cidad\u00e3o b\u00falgaro, para a Espanha.<\/p>\n<p><strong>+ Leia mais not\u00edcias de Pol\u00edtica em Oeste<\/strong><\/p>\n<p>Essa suspens\u00e3o ocorreu porque o pa\u00eds europeu n\u00e3o enviou ao Brasil o jornalista Oswaldo Eust\u00e1quio, numa suposta viola\u00e7\u00e3o do princ\u00edpio de reciprocidade no tratado de extradi\u00e7\u00e3o entre os pa\u00edses.<\/p>\n<p>Eust\u00e1quio \u00e9 r\u00e9u em investiga\u00e7\u00f5es por crimes como amea\u00e7a, persegui\u00e7\u00e3o e incita\u00e7\u00e3o ao crime. No entanto, espanh\u00f3is enxergaram poss\u00edvel motiva\u00e7\u00e3o pol\u00edtica no pedido de extradi\u00e7\u00e3o e negaram a medida.<\/p>\n<p>Depois dessa negativa espanhola, Moraes determinou que o embaixador da Espanha no Brasil forne\u00e7a informa\u00e7\u00f5es em at\u00e9 cinco dias sobre o respeito ao tratado de extradi\u00e7\u00e3o. Se o prazo n\u00e3o for cumprido, a extradi\u00e7\u00e3o de Vasilev ser\u00e1 indeferida, e o caso, encerrado.<\/p>\n<h2 class=\"wp-block-heading\">Acusa\u00e7\u00f5es e medidas tomadas por Moraes<\/h2>\n<figure class=\"wp-block-image aligncenter size-full\"><picture><source data-srcset=\"https:\/\/medias.revistaoeste.com\/wp-content\/uploads\/2025\/04\/STF-scaled.jpg.webp 2560w, https:\/\/medias.revistaoeste.com\/wp-content\/uploads\/2025\/04\/STF-300x200.jpg.webp 300w, https:\/\/medias.revistaoeste.com\/wp-content\/uploads\/2025\/04\/STF-150x100.jpg.webp 150w\" data-sizes=\"(max-width: 2560px) 100vw, 2560px\" type=\"image\/webp\"><img fetchpriority=\"high\" decoding=\"async\" width=\"2560\" height=\"1707\" src=\"https:\/\/medias.revistaoeste.com\/wp-content\/uploads\/2025\/04\/STF-scaled.jpg\" alt=\"O ministro Alexandre de Moraes, relator do caso, votou no plen\u00e1rio virtual do STF a favor da retirada dessas receitas do limite de gastos | Foto: Bruno Peres\/Ag\u00eancia Brasil\" class=\"wp-image-1949050\" srcset=\"https:\/\/medias.revistaoeste.com\/wp-content\/uploads\/2025\/04\/STF-scaled.jpg 2560w, https:\/\/medias.revistaoeste.com\/wp-content\/uploads\/2025\/04\/STF-300x200.jpg 300w, https:\/\/medias.revistaoeste.com\/wp-content\/uploads\/2025\/04\/STF-150x100.jpg 150w\" sizes=\"(max-width: 2560px) 100vw, 2560px\" data-eio=\"p\"\/><\/source><\/picture><figcaption class=\"wp-element-caption\">O ministro Alexandre de Moraes, ao lado de Fux e Mendon\u00e7a | Foto: Bruno Peres\/Ag\u00eancia Brasil<\/figcaption><\/figure>\n<p>A Espanha acusa o b\u00falgaro Vasilev de transportar 52 quilos de coca\u00edna em Barcelona, em outubro de 2022. Na decis\u00e3o, Moraes converteu a pris\u00e3o preventiva do b\u00falgaro em pris\u00e3o domiciliar no Brasil, com uso de tornozeleira eletr\u00f4nica. Al\u00e9m disso, determinou que o Minist\u00e9rio da Justi\u00e7a e o Itamaraty recebam notifica\u00e7\u00f5es para comunicar a decis\u00e3o ao governo espanhol.<\/p>\n<p>A informa\u00e7\u00e3o sobre a recusa da Espanha em extraditar Eust\u00e1quio chegou ao conhecimento do Brasil nesta ter\u00e7a-feira, 15. A Advocacia-Geral da Uni\u00e3o, o Minist\u00e9rio da Justi\u00e7a e o Itamaraty j\u00e1 anunciaram que v\u00e3o recorrer da decis\u00e3o. <\/p>\n<p><strong>Leia tamb\u00e9m: \u201cA pedra no sapato de Alexandre de Moraes\u201d, artigo de Ana Paula Henkel publicado na Edi\u00e7\u00e3o 264 da Revista Oeste<\/strong><\/p>\n<p>J\u00e1 Moraes destacou que, em mat\u00e9ria de extradi\u00e7\u00e3o, o entendimento do Supremo \u00e9 claro quanto \u00e0 exig\u00eancia de reciprocidade. Al\u00e9m disso, sua aus\u00eancia impede o seguimento do pedido espanhol. <\/p>\n<figure class=\"wp-block-embed is-type-video is-provider-youtube wp-block-embed-youtube wp-embed-aspect-16-9 wp-has-aspect-ratio\">\n<div class=\"wp-block-embed__wrapper\">\n<div class=\"perfmatters-lazy-youtube\" data-src=\"https:\/\/www.youtube.com\/embed\/TTqVfpZzhUU\" data-id=\"TTqVfpZzhUU\" data-query=\"feature=oembed\" onclick=\"perfmattersLazyLoadYouTube(this);\">\n<div><img decoding=\"async\" alt=\"YouTube video\" width=\"480\" height=\"360\" data-pin-nopin=\"true\" nopin=\"nopin\" class=\"perfmatters-lazy\" src=\"https:\/\/i.ytimg.com\/vi\/TTqVfpZzhUU\/hqdefault.jpg\"\/><img decoding=\"async\" src=\"https:\/\/i.ytimg.com\/vi\/TTqVfpZzhUU\/hqdefault.jpg\" alt=\"YouTube video\" width=\"480\" height=\"360\" data-pin-nopin=\"true\" nopin=\"nopin\"\/><\/div>\n<\/div>\n<p><noscript><iframe title=\"Aliado de Trump diz que &#039;Moraes \u00e9 a maior amea\u00e7a \u00e0 democracia do Ocidente&#039;\" width=\"800\" height=\"450\" src=\"https:\/\/www.youtube.com\/embed\/TTqVfpZzhUU?feature=oembed\" frameborder=\"0\" allow=\"accelerometer; autoplay; clipboard-write; encrypted-media; gyroscope; picture-in-picture; web-share\" referrerpolicy=\"strict-origin-when-cross-origin\" allowfullscreen><\/iframe><\/noscript>\n<\/div>\n<\/figure><\/div>\n<p><br \/>\n<br \/>Fonte: <a href=\"https:\/\/revistaoeste.com\/politica\/moraes-retalia-espanha-e-interrompe-extradicao-de-traficante-por-falta-de-reciprocidade\/\">Ag\u00eancia Brasil<\/a><\/p>\n","protected":false},"excerpt":{"rendered":"<p>O ministro do Supremo Tribunal Federal (STF) Alexandre de Moraes interrompeu, nesta ter\u00e7a-feira, 15, o processo de extradi\u00e7\u00e3o do traficante Vasil Gergiev Vasilev, um cidad\u00e3o b\u00falgaro, para a Espanha. + Leia mais not\u00edcias de Pol\u00edtica em Oeste Essa suspens\u00e3o ocorreu porque o pa\u00eds europeu n\u00e3o enviou ao Brasil o jornalista Oswaldo Eust\u00e1quio, numa suposta viola\u00e7\u00e3o [&hellip;]<\/p>\n","protected":false},"author":5,"featured_media":10483,"comment_status":"open","ping_status":"open","sticky":false,"template":"","format":"standard","meta":{"_seopress_robots_primary_cat":"","_seopress_titles_title":"","_seopress_titles_desc":"","_seopress_robots_index":"","footnotes":""},"categories":[47,1],"tags":[],"class_list":["post-13167","post","type-post","status-publish","format-standard","has-post-thumbnail","hentry","category-politica","category-ultimas-noticias"],"_links":{"self":[{"href":"https:\/\/mussicom.com\/noticias\/wp-json\/wp\/v2\/posts\/13167","targetHints":{"allow":["GET"]}}],"collection":[{"href":"https:\/\/mussicom.com\/noticias\/wp-json\/wp\/v2\/posts"}],"about":[{"href":"https:\/\/mussicom.com\/noticias\/wp-json\/wp\/v2\/types\/post"}],"author":[{"embeddable":true,"href":"https:\/\/mussicom.com\/noticias\/wp-json\/wp\/v2\/users\/5"}],"replies":[{"embeddable":true,"href":"https:\/\/mussicom.com\/noticias\/wp-json\/wp\/v2\/comments?post=13167"}],"version-history":[{"count":0,"href":"https:\/\/mussicom.com\/noticias\/wp-json\/wp\/v2\/posts\/13167\/revisions"}],"wp:featuredmedia":[{"embeddable":true,"href":"https:\/\/mussicom.com\/noticias\/wp-json\/wp\/v2\/media\/10483"}],"wp:attachment":[{"href":"https:\/\/mussicom.com\/noticias\/wp-json\/wp\/v2\/media?parent=13167"}],"wp:term":[{"taxonomy":"category","embeddable":true,"href":"https:\/\/mussicom.com\/noticias\/wp-json\/wp\/v2\/categories?post=13167"},{"taxonomy":"post_tag","embeddable":true,"href":"https:\/\/mussicom.com\/noticias\/wp-json\/wp\/v2\/tags?post=13167"}],"curies":[{"name":"wp","href":"https:\/\/api.w.org\/{rel}","templated":true}]}}