{"id":13150,"date":"2025-04-16T07:05:08","date_gmt":"2025-04-16T10:05:08","guid":{"rendered":"https:\/\/mussicom.com\/sete-nomes-despontam-como-pre-candidatos-a-prefeito-de-mongagua\/"},"modified":"2025-04-16T07:05:08","modified_gmt":"2025-04-16T10:05:08","slug":"sete-nomes-despontam-como-pre-candidatos-a-prefeito-de-mongagua","status":"publish","type":"post","link":"https:\/\/mussicom.com\/noticias\/sete-nomes-despontam-como-pre-candidatos-a-prefeito-de-mongagua\/","title":{"rendered":"Sete nomes despontam como\u00a0pr\u00e9-candidatos a prefeito de Mongagu\u00e1"},"content":{"rendered":"<p> <br \/>\n<\/p>\n<div id=\"texto\">\n<p><strong>Cen\u00e1rio futuro<\/strong><br \/>&#13;<br \/>\nAp\u00f3s o Tribunal Superior Eleitoral (TSE) ter indeferido, na noite da \u00faltima ter\u00e7a-feira, o registro da candidatura a prefeito do empres\u00e1rio Paulinho Wiazowski (PP), o nome mais votado para o Executivo no ano passado, novas elei\u00e7\u00f5es ser\u00e3o convocadas. Embora a data do pleito ainda n\u00e3o esteja definida, as articula\u00e7\u00f5es nos bastidores j\u00e1 est\u00e3o a todo vapor. Ao menos sete nomes despontam como poss\u00edveis postulantes \u00e0 Administra\u00e7\u00e3o Municipal.<\/p>\n<p><strong>Nova chance<\/strong><br \/>&#13;<br \/>\nEx-vice-prefeito, Rafael Red\u00f3 (Republicanos) afirmou que colocar\u00e1 o nome \u00e0 disposi\u00e7\u00e3o da popula\u00e7\u00e3o nas pr\u00f3ximas elei\u00e7\u00f5es. &#8220;Esta \u00e9 uma nova oportunidade, deixando para tr\u00e1s tudo o que aconteceu no pleito de 2024. Agora, de forma natural, novos caminhos e alian\u00e7as ser\u00e3o constru\u00eddos&#8221;, destacou.<\/p>\n<p><strong>Unidade<\/strong><br \/>&#13;<br \/>\nRed\u00f3 disse que buscar\u00e1 um di\u00e1logo com o grupo pol\u00edtico de Wiazowski, &#8220;reconhecendo sua for\u00e7a e a vontade da popula\u00e7\u00e3o em v\u00ea-los \u00e0 frente do desenvolvimento de Mongagu\u00e1. Unidos, seguiremos trabalhando por um futuro melhor para nossa cidade&#8221;, explicou.\u00a0<\/p>\n<p><strong>Dobradinha mantida?<\/strong><br \/>&#13;<br \/>\nPaulinho j\u00e1 deixou claro que tem a inten\u00e7\u00e3o de lan\u00e7ar a esposa Cristina, que preside o PP Mulher no Munic\u00edpio, como candidata ao Executivo. No entanto, alguns membros do grupo defendem que J\u00falio da Imobili\u00e1ria (PDT), que foi o vice do empres\u00e1rio, estaria mais preparado para encarar esse desafio. &#8220;Acredito que teremos condi\u00e7\u00f5es de lan\u00e7ar um candidato a prefeito e a vice que represente a mudan\u00e7a que Mongagu\u00e1 tanto precisa. N\u00f3s estaremos \u00e0 disposi\u00e7\u00e3o mais uma vez para essa constru\u00e7\u00e3o!&#8221;, explicou \u00e0 coluna.<\/p>\n<p><strong>Disputa interna<\/strong><br \/>&#13;<br \/>\nO chefe do Executivo interino de Mongagu\u00e1, o vereador Luiz Berbiz de Oliveira, o Tubar\u00e3o (Uni\u00e3o), confirmou ontem que j\u00e1 avisou o partido que pretende disputar a elei\u00e7\u00e3o majorit\u00e1ria. A coluna j\u00e1 havia divulgado que Rodrigo Casa Branca, que \u00e9 do mesmo partido e ficou em segundo lugar no \u00faltimo pleito, tamb\u00e9m quer ter uma nova chance nas urnas.\u00a0<\/p>\n<p><strong>Elemento surpresa<\/strong><br \/>&#13;<br \/>\nEmpres\u00e1rio da constru\u00e7\u00e3o civil, Luiz Moura (MDB) tamb\u00e9m manifestou o interesse de concorrer ao Executivo. Propriet\u00e1rio da Construmoura, ele foi a pessoa que vendeu as tr\u00eas mans\u00f5es do Morro Santa Terezinha, em Santos, ao jogador de futebol Neymar. O partido \u00e9 presidido pelo ex-vereador Antonio Eduardo dos Santos, o Baianinho, que est\u00e1 atuando como secret\u00e1rio municipal de Gest\u00e3o e Inova\u00e7\u00e3o e foi vice de Casa Branca no \u00faltimo pleito.\u00a0<\/p>\n<p><strong>Nome aprovado<\/strong><br \/>&#13;<br \/>\nEm reuni\u00e3o realizada ontem pela dire\u00e7\u00e3o municipal do PMB, o partido aprovou a indica\u00e7\u00e3o da advogada M\u00e1rcia das Dores Silva como pr\u00e9-candidata \u00e0 Prefeitura de Mongagu\u00e1. Por\u00e9m, o partido admite a possibilidade de participar de uma composi\u00e7\u00e3o pol\u00edtica. M\u00e1rcia chegou a concorrer \u00e0 Administra\u00e7\u00e3o Municipal no ano passado, participou do debate promovido pela TV Santa Cec\u00edlia, mas renunciou e decidiu apoiar Casa Branca.\u00a0<\/p>\n<p><strong>Para a gaveta<\/strong><br \/>&#13;<br \/>\nO pedido do ex-vereador e advogado Alexkessander Veiga Mingroni, o Kiko, para que a C\u00e2mara de Peru\u00edbe instaurasse uma Comiss\u00e3o Processante para analisar o pedido de impeachment do prefeito Felipe Bernardo (PSD) e do secret\u00e1rio municipal de Meio Ambiente, Eduardo Monteiro Ribas, foi arquivado pelo presidente do Legislativo, Adilson da T\u00e1xi Van (PSB). N\u00e3o houve a leitura dessa solicita\u00e7\u00e3o durante a sess\u00e3o de ontem.\u00a0<\/p>\n<p><strong>Desrespeito ao Regimento Interno<\/strong><br \/>&#13;<br \/>\n&#8220;A atitude do presidente da C\u00e2mara \u00e9 arbitr\u00e1ria e ilegal, pois impede que o plen\u00e1rio exer\u00e7a sua fun\u00e7\u00e3o constitucional e desrespeita as normas que garantem transpar\u00eancia e fiscaliza\u00e7\u00e3o&#8221;, justificou Kiko, que n\u00e3o acompanhou ontem os trabalhos do Parlamento, devido a um problema de sa\u00fade com um familiar. Ele citou que o Regimento Interno da Casa de Leis determina a leitura das den\u00fancias em plen\u00e1rio.\u00a0<\/p>\n<p><strong>Finalidade distorcida<\/strong><br \/>&#13;<br \/>\nO advogado disse que pretende levar o caso ao conhecimento do Minist\u00e9rio P\u00fablico e do Tribunal de Contas do Estado de S\u00e3o Paulo (TCESP). &#8220;Essa a\u00e7\u00e3o representa mais um ataque \u00e0 fiscaliza\u00e7\u00e3o e ao papel da C\u00e2mara, que deveria atuar em defesa da popula\u00e7\u00e3o, e n\u00e3o protegendo o governo. O povo de Peru\u00edbe n\u00e3o aceita conchavos e manobras pol\u00edticas&#8221;, ressaltou.\u00a0<\/p>\n<p><strong>Cobran\u00e7a<\/strong><br \/>&#13;<br \/>\nO vereador de Santos Adriano Catapreta (PSD) quer saber da Secretaria Municipal de Sa\u00fade os motivos para a n\u00e3o renova\u00e7\u00e3o do conv\u00eanio com o Centro Esp\u00edrita Beneficente (CEB) 30 de julho. No \u00faltimo dia 14, a entidade emitiu uma carta aberta para informar que estaria encerrando as atividades, segundo o parlamentar.<\/p>\n<p><strong>Alternativa<\/strong><br \/>&#13;<br \/>\nCatapreta, que comandou a pasta entre 2021 e mar\u00e7o do ano passado, questionou se existe a possibilidade de firmar um contrato emergencial com a institui\u00e7\u00e3o para que as crian\u00e7as e adolescentes n\u00e3o fiquem sem atendimentos. \u00a0<\/p>\n<p><strong>Fim do casamento<\/strong><br \/>&#13;<br \/>\nPor unanimidade, o diret\u00f3rio nacional do Cidadania ratificou a decis\u00e3o da Executiva da legenda e aprovou que o partido n\u00e3o far\u00e1 mais parte da federa\u00e7\u00e3o com o PSDB, a partir do pr\u00f3ximo ano. &#8220;Neste \u00faltimo domingo, colocamos nosso compromisso democr\u00e1tico em pr\u00e1tica&#8221;, afirmou o presidente nacional da sigla, Comte Bittencourt.<\/p>\n<p><strong>Perda de for\u00e7a<\/strong><br \/>&#13;<br \/>\nO Cidadania (antigo PPS) foi diminuindo com o passar do tempo na Baixada Santista. A agremia\u00e7\u00e3o abrigou importantes nomes que n\u00e3o est\u00e3o mais no partido, como o ex-vice-prefeito de S\u00e3o Vicente e ex-secret\u00e1rio adjunto de Estado de Rela\u00e7\u00f5es de Emprego e Trabalho e de Gest\u00e3o P\u00fablica, Sargento Barreto; os ex-vereadores de Santos Marcelo Del Bosco e Braz Antunes; o ex-presidente da C\u00e2mara de Itanha\u00e9m e atual titular da pasta municipal de Educa\u00e7\u00e3o, Hugo Di Lallo; a ex-deputada estadual Haifa Madi; o prefeito de Guaruj\u00e1, Farid Madi (Pode); e o ex-deputado estadual Nelson Fabiano.\u00a0<\/p>\n<p><strong>Concentra\u00e7\u00e3o em Guaruj\u00e1<\/strong><br \/>&#13;<br \/>\nAtualmente, a sigla possui tr\u00eas vereadores na Baixada Santista, todos de Guaruj\u00e1: Sergio Santa Cruz, Marcio do Pet Shop e Mario L\u00facio da Concei\u00e7\u00e3o, que atualmente preside o Legislativo.\u00a0<br \/>&#13;<br \/>\n\u00a0<\/p>\n<\/p><\/div>\n<p><script async defer crossorigin=\"anonymous\" src=\"https:\/\/connect.facebook.net\/pt_BR\/sdk.js#xfbml=1&#038;version=v12.0&#038;appId=&#038;autoLogAppEvents=1\" nonce=\"ou0fI1lo\"><\/script><br \/>\n<br \/><br \/>\n<br \/>Fonte: <a href=\"https:\/\/www.bs9.com.br\/politica\/sete-nomes-despontam-comopre-candidatos-a-prefeito-de-mongagua\/30500\/\">BS9<\/a><\/p>\n","protected":false},"excerpt":{"rendered":"<p>Cen\u00e1rio futuro&#13; Ap\u00f3s o Tribunal Superior Eleitoral (TSE) ter indeferido, na noite da \u00faltima ter\u00e7a-feira, o registro da candidatura a prefeito do empres\u00e1rio Paulinho Wiazowski (PP), o nome mais votado para o Executivo no ano passado, novas elei\u00e7\u00f5es ser\u00e3o convocadas. Embora a data do pleito ainda n\u00e3o esteja definida, as articula\u00e7\u00f5es nos bastidores j\u00e1 est\u00e3o [&hellip;]<\/p>\n","protected":false},"author":5,"featured_media":13096,"comment_status":"open","ping_status":"open","sticky":false,"template":"","format":"standard","meta":{"_seopress_robots_primary_cat":"","_seopress_titles_title":"","_seopress_titles_desc":"","_seopress_robots_index":"","footnotes":""},"categories":[52],"tags":[],"class_list":["post-13150","post","type-post","status-publish","format-standard","has-post-thumbnail","hentry","category-santoseregiao"],"_links":{"self":[{"href":"https:\/\/mussicom.com\/noticias\/wp-json\/wp\/v2\/posts\/13150","targetHints":{"allow":["GET"]}}],"collection":[{"href":"https:\/\/mussicom.com\/noticias\/wp-json\/wp\/v2\/posts"}],"about":[{"href":"https:\/\/mussicom.com\/noticias\/wp-json\/wp\/v2\/types\/post"}],"author":[{"embeddable":true,"href":"https:\/\/mussicom.com\/noticias\/wp-json\/wp\/v2\/users\/5"}],"replies":[{"embeddable":true,"href":"https:\/\/mussicom.com\/noticias\/wp-json\/wp\/v2\/comments?post=13150"}],"version-history":[{"count":0,"href":"https:\/\/mussicom.com\/noticias\/wp-json\/wp\/v2\/posts\/13150\/revisions"}],"wp:featuredmedia":[{"embeddable":true,"href":"https:\/\/mussicom.com\/noticias\/wp-json\/wp\/v2\/media\/13096"}],"wp:attachment":[{"href":"https:\/\/mussicom.com\/noticias\/wp-json\/wp\/v2\/media?parent=13150"}],"wp:term":[{"taxonomy":"category","embeddable":true,"href":"https:\/\/mussicom.com\/noticias\/wp-json\/wp\/v2\/categories?post=13150"},{"taxonomy":"post_tag","embeddable":true,"href":"https:\/\/mussicom.com\/noticias\/wp-json\/wp\/v2\/tags?post=13150"}],"curies":[{"name":"wp","href":"https:\/\/api.w.org\/{rel}","templated":true}]}}