{"id":13107,"date":"2025-04-16T02:59:23","date_gmt":"2025-04-16T05:59:23","guid":{"rendered":"https:\/\/mussicom.com\/raquel-gallinati-esta-envolvida-em-nova-polemica-com-os-vereadores-de-santos\/"},"modified":"2025-04-16T02:59:23","modified_gmt":"2025-04-16T05:59:23","slug":"raquel-gallinati-esta-envolvida-em-nova-polemica-com-os-vereadores-de-santos","status":"publish","type":"post","link":"https:\/\/mussicom.com\/noticias\/raquel-gallinati-esta-envolvida-em-nova-polemica-com-os-vereadores-de-santos\/","title":{"rendered":"Raquel Gallinati est\u00e1 envolvida em nova pol\u00eamica com os vereadores de Santos"},"content":{"rendered":"<p> <br \/>\n<\/p>\n<div id=\"texto\">\n<p><strong>Ofensa ao Parlamento<\/strong><br \/>&#13;<br \/>\nMais uma vez, o nome da delegada da Pol\u00edcia Civil e secret\u00e1ria de Seguran\u00e7a de Santos, Raquel Gallinati (PL), est\u00e1 no centro de uma pol\u00eamica. No in\u00edcio da tarde de ontem, o vereador Rui De Rosis J\u00fanior (PL) divulgou nas redes sociais um v\u00eddeo com \u00e1udio atribu\u00eddo \u00e0 titular da pasta, no qual ela pede para que uma viatura da Guarda Civil Municipal (GCM) estacione em frente a um estabelecimento comercial. No mesmo trecho, \u00e9 poss\u00edvel ouvir a seguinte fala: &#8220;Pode parar, n\u00e3o tem problema nenhum n\u00e3o. Esse neg\u00f3cio desses vereadores, manda tudo \u00e0 m&#8230;!&#8221;.<\/p>\n<p><strong>Flagrante<\/strong><br \/>&#13;<br \/>\nSegundo o parlamentar, a situa\u00e7\u00e3o ocorreu durante uma live shopping (modelo de vendas ao vivo apresentado via redes sociais) realizada em uma loja de decora\u00e7\u00e3o com a presen\u00e7a de influenciadoras digitais. Durante a transmiss\u00e3o, Raquel teria entrado no local e feito o coment\u00e1rio. &#8220;N\u00e3o podemos aceitar esse tipo de ofensa. Recentemente, a secret\u00e1ria j\u00e1 ofendeu mun\u00edcipes. A situa\u00e7\u00e3o saiu do controle&#8221;, desabafou De Rosis J\u00fanior, o l\u00edder da Oposi\u00e7\u00e3o no Legislativo.<\/p>\n<p><strong>Fuga da base aliada<\/strong><br \/>&#13;<br \/>\nA repercuss\u00e3o imediata do caso levou \u00e0 aus\u00eancia de vereadores da base do governo na sess\u00e3o da C\u00e2mara de ontem, que acabou encerrada por falta de qu\u00f3rum ap\u00f3s quatro minutos. Dos oito vereadores presentes, apenas dois eram aliados do prefeito Rog\u00e9rio Santos (Republicanos): Benedito Furtado (PSB) e Lincoln Reis (Pode), que presidia os trabalhos.<\/p>\n<p><strong>Situa\u00e7\u00e3o delicada<\/strong><br \/>&#13;<br \/>\nNos bastidores, um aliado do chefe do Executivo na Casa de Leis admitiu &#8220;que o neg\u00f3cio est\u00e1 ficando dif\u00edcil&#8221; para a secret\u00e1ria. Os parlamentares do PL est\u00e3o bastante incomodados com a frequ\u00eancia com que Raquel aparece em alguns ve\u00edculos de imprensa para tratar de temas alheios \u00e0 realidade do Munic\u00edpio. Al\u00e9m disso, o grupo cobra explica\u00e7\u00f5es dela sobre a poss\u00edvel utiliza\u00e7\u00e3o de uma viatura descaracterizada da GCM para fins particulares.\u00a0<\/p>\n<p><strong>Desconhecimento<\/strong><br \/>&#13;<br \/>\nA coluna pediu um posicionamento da Prefeitura e da secret\u00e1ria de Seguran\u00e7a a respeito das informa\u00e7\u00f5es divulgadas por De Rosis J\u00fanior. Raquel informou que &#8220;n\u00e3o se recorda de ter feito fala nesse contexto do v\u00eddeo&#8221;.\u00a0<\/p>\n<p><strong>Sess\u00e3o do barulho<\/strong><br \/>&#13;<br \/>\nSob protestos de funcion\u00e1rios p\u00fablicos municipais, os vereadores de Praia Grande aprovaram ontem, por 18 votos a 3, o projeto de lei complementar que autoriza a Prefeitura a conceder 5,48% de reajuste salarial e no vale alimenta\u00e7\u00e3o da categoria. Esse \u00e9 o \u00edndice da infla\u00e7\u00e3o acumulado entre abril do ano passado e mar\u00e7o deste ano aferido pelo IPCA. Esses foram os tr\u00eas vereadores contr\u00e1rios \u00e0 propositura: Anderson Martins (Pode), Eduarda Campopiano (PL) e Marcinho MJ (Uni\u00e3o Brasil). Gordinho do Povo (MDB) n\u00e3o compareceu \u00e0 sess\u00e3o, enquanto Marco Antonio de Sousa, o Marquinho (MDB), n\u00e3o votou por presidir a Casa de Leis.\u00a0<\/p>\n<p><strong>Desconto autorizado<\/strong><br \/>&#13;<br \/>\nDe autoria do Executivo, a proposta prev\u00ea desconto nos vencimentos dos servidores que aderiram \u00e0 greve nos dias 17, 21, 24 e 25 do m\u00eas passado. No entanto, os trabalhadores poder\u00e3o solicitar a compensa\u00e7\u00e3o dessas faltas via banco de horas.<\/p>\n<p><strong>A luta continua<\/strong><br \/>&#13;<br \/>\nO presidente do sindicato da categoria, Adriano Pixox\u00f3, criticou a Administra\u00e7\u00e3o Municipal por n\u00e3o ter apresentado a proposta \u00e0 institui\u00e7\u00e3o antes de encaminh\u00e1-la ao Legislativo. Ele disse que a paralisa\u00e7\u00e3o dos funcion\u00e1rios p\u00fablicos retomada ontem ter\u00e1 continuidade hoje. Um ato p\u00fablico ser\u00e1 realizado na entrada da Cidade a partir das 8 horas.<\/p>\n<p><strong>Unanimidade<\/strong><br \/>&#13;<br \/>\nPor 62 votos favor\u00e1veis e 16 contr\u00e1rios, a Assembleia Legislativa aprovou ontem o Projeto de Lei 164\/2025, que autoriza o Governo do Estado a contratar uma parceria p\u00fablico-privada (PPP) para fazer a opera\u00e7\u00e3o, manuten\u00e7\u00e3o e gest\u00e3o do sistema de travessia de balsas e embarca\u00e7\u00f5es para transporte de passageiros e ve\u00edculos no Litoral Paulista. Os cinco parlamentares da regi\u00e3o deram o sim \u00e0 mat\u00e9ria: Caio Fran\u00e7a (PSB), Paulo Corr\u00eaa J\u00fanior (PSD), Paulo Mansur (PL), Solange Freitas (Uni\u00e3o) e Tenente Coimbra (PL).<\/p>\n<p><strong>Emendas rejeitadas<\/strong><br \/>&#13;<br \/>\nA bancada do PT apresentou quatro emendas, mas nenhuma foi acatada pelo relator, o deputado estadual Carlos Cezar (PL). Al\u00e9m disso, foi elaborada uma emenda de plen\u00e1rio para condicionar a aprova\u00e7\u00e3o do texto a realiza\u00e7\u00e3o de mais estudos sobre os impactos da privatiza\u00e7\u00e3o. Essa sugest\u00e3o tamb\u00e9m acabou rejeitada pela maioria dos integrantes da Casa de Leis.\u00a0<\/p>\n<p><strong>Ressalvas<\/strong><br \/>&#13;<br \/>\nA concess\u00e3o seguir\u00e1 a pol\u00edtica tarif\u00e1ria atual, com a manuten\u00e7\u00e3o das gratuidades existentes e sem previs\u00e3o de reajuste nos valores cobrados. O Estado bancar\u00e1 cerca de 80% da remunera\u00e7\u00e3o da futura concession\u00e1ria. O restante ser\u00e1 coberto pela arrecada\u00e7\u00e3o com tarifas. Esse modelo foi alvo de ironia por parte do deputado estadual Reis (PT). &#8220;A proposta busca conceder as travessias \u00e0 iniciativa privada por meio da concess\u00e3o patrocinada, ou seja, o Governo vai pagar para o particular fazer o trabalho&#8221;, afirmou.<\/p>\n<p><strong>Compromisso com a juventude<\/strong><br \/>&#13;<br \/>\nNa \u00faltima sexta-feira, o prefeito de Itanha\u00e9m, Tiago Cervantes (Republicanos), assinou o decreto que instituiu a Agenda Jovem do Munic\u00edpio, que ter\u00e1 o objetivo de desenvolver programas, a\u00e7\u00f5es e projetos voltados \u00e0 cidadania, educa\u00e7\u00e3o, profissionaliza\u00e7\u00e3o, diversidade, sustentabilidade, acesso \u00e0 justi\u00e7a, liberdade de express\u00e3o e participa\u00e7\u00e3o social daqueles entre 15 e 29 anos.\u00a0<\/p>\n<p><strong>Refer\u00eancia regional<\/strong><br \/>&#13;<br \/>\nEssa iniciativa estar\u00e1 sob a responsabilidade de Ca\u00edque de Sousa Alves, que est\u00e1 \u00e0 frente do rec\u00e9m-criado Departamento de Pol\u00edticas para a Juventude, vinculado \u00e0 Secretaria Municipal de Governo. O servidor p\u00fablico tamb\u00e9m representa a Baixada Santista junto \u00e0 presid\u00eancia do \u00a0Conselho Estadual da Juventude.\u00a0<\/p>\n<\/p><\/div>\n<p><script async defer crossorigin=\"anonymous\" src=\"https:\/\/connect.facebook.net\/pt_BR\/sdk.js#xfbml=1&#038;version=v12.0&#038;appId=&#038;autoLogAppEvents=1\" nonce=\"ou0fI1lo\"><\/script><br \/>\n<br \/><br \/>\n<br \/>Fonte: <a href=\"https:\/\/www.bs9.com.br\/politica\/raquel-gallinati-esta-envolvida-em-nova-polemica-com-os-vereadores-de\/31006\/\">BS9<\/a><\/p>\n","protected":false},"excerpt":{"rendered":"<p>Ofensa ao Parlamento&#13; Mais uma vez, o nome da delegada da Pol\u00edcia Civil e secret\u00e1ria de Seguran\u00e7a de Santos, Raquel Gallinati (PL), est\u00e1 no centro de uma pol\u00eamica. No in\u00edcio da tarde de ontem, o vereador Rui De Rosis J\u00fanior (PL) divulgou nas redes sociais um v\u00eddeo com \u00e1udio atribu\u00eddo \u00e0 titular da pasta, no [&hellip;]<\/p>\n","protected":false},"author":5,"featured_media":13096,"comment_status":"open","ping_status":"open","sticky":false,"template":"","format":"standard","meta":{"_seopress_robots_primary_cat":"","_seopress_titles_title":"","_seopress_titles_desc":"","_seopress_robots_index":"","footnotes":""},"categories":[52],"tags":[],"class_list":["post-13107","post","type-post","status-publish","format-standard","has-post-thumbnail","hentry","category-santoseregiao"],"_links":{"self":[{"href":"https:\/\/mussicom.com\/noticias\/wp-json\/wp\/v2\/posts\/13107","targetHints":{"allow":["GET"]}}],"collection":[{"href":"https:\/\/mussicom.com\/noticias\/wp-json\/wp\/v2\/posts"}],"about":[{"href":"https:\/\/mussicom.com\/noticias\/wp-json\/wp\/v2\/types\/post"}],"author":[{"embeddable":true,"href":"https:\/\/mussicom.com\/noticias\/wp-json\/wp\/v2\/users\/5"}],"replies":[{"embeddable":true,"href":"https:\/\/mussicom.com\/noticias\/wp-json\/wp\/v2\/comments?post=13107"}],"version-history":[{"count":0,"href":"https:\/\/mussicom.com\/noticias\/wp-json\/wp\/v2\/posts\/13107\/revisions"}],"wp:featuredmedia":[{"embeddable":true,"href":"https:\/\/mussicom.com\/noticias\/wp-json\/wp\/v2\/media\/13096"}],"wp:attachment":[{"href":"https:\/\/mussicom.com\/noticias\/wp-json\/wp\/v2\/media?parent=13107"}],"wp:term":[{"taxonomy":"category","embeddable":true,"href":"https:\/\/mussicom.com\/noticias\/wp-json\/wp\/v2\/categories?post=13107"},{"taxonomy":"post_tag","embeddable":true,"href":"https:\/\/mussicom.com\/noticias\/wp-json\/wp\/v2\/tags?post=13107"}],"curies":[{"name":"wp","href":"https:\/\/api.w.org\/{rel}","templated":true}]}}