{"id":13093,"date":"2025-04-16T01:47:01","date_gmt":"2025-04-16T04:47:01","guid":{"rendered":"https:\/\/www.mussicom.com\/a-banda-de-rock-que-vai-dividir-palco-do-the-town-com-o-cantor-belo\/"},"modified":"2025-04-16T01:47:01","modified_gmt":"2025-04-16T04:47:01","slug":"a-banda-de-rock-que-vai-dividir-palco-do-the-town-com-o-cantor-belo","status":"publish","type":"post","link":"https:\/\/mussicom.com\/noticias\/a-banda-de-rock-que-vai-dividir-palco-do-the-town-com-o-cantor-belo\/","title":{"rendered":"A banda de rock que vai dividir palco do The Town com o cantor Belo"},"content":{"rendered":"<p> <br \/>\n<\/p>\n<div>\n<p>A organiza\u00e7\u00e3o do <strong>The Town<\/strong>, festival que acontece no Aut\u00f3dromo de Interlagos, em S\u00e3o Paulo, no m\u00eas de setembro, anunciou um palco in\u00e9dito: o <strong>Quebrada<\/strong>. O espa\u00e7o foca na exalta\u00e7\u00e3o \u00e0 autenticidade das periferias brasileiras, com talentos que v\u00eam delas, sejam eles expoentes ou j\u00e1 consagrados.<\/p>\n<p>A novidade foi revelada durante uma a\u00e7\u00e3o no Instituto Baccarelli, em Heli\u00f3polis, S\u00e3o Paulo. Ao longo de cinco dias de The Town, o Quebrada contar\u00e1 com <strong>Belo<\/strong> como o embaixador do palco, al\u00e9m dos headliners <strong>MC Hariel<\/strong>, <strong>Kayblack<\/strong>, <strong>Criolo<\/strong> e a \u00fanica banda de rock nesta posi\u00e7\u00e3o, <strong>Black Pantera<\/strong>. H\u00e1 ainda outros artistas, inclusive do rock, escalados \u2014 confira a programa\u00e7\u00e3o mais adiante.<\/p>\n<p>O Quebrada ser\u00e1 um palco vivo \u2014 uma grande tela em branco que come\u00e7a a ganhar vida antes mesmo do in\u00edcio do The Town e segue sendo grafitada e pintada ao longo dos dias de festival por artistas da periferia, diante dos olhos do p\u00fablico. Tamb\u00e9m composta por casas, escadas, caixas d\u2019\u00e1gua, antenas, postes de ilumina\u00e7\u00e3o, churrasqueiras e outros elementos caracter\u00edsticos, a cenografia busca traduzir a est\u00e9tica das periferias urbanas brasileiras. O palco ainda conta com dois tel\u00f5es horizontais posicionados nas laterais e uma ampla boca de cena.<\/p>\n<p>Al\u00e9m de receber um espet\u00e1culo musical na abertura, entre as apresenta\u00e7\u00f5es e no encerramento do palco, a programa\u00e7\u00e3o do Quebrada contar\u00e1 com tr\u00eas shows por dia. No total, ser\u00e3o 15 apresenta\u00e7\u00f5es distribu\u00eddas entre os cinco dias do festival \u2014 com uma curadoria que valoriza as origens e as narrativas de talentos gigantes.<\/p>\n<figure class=\"image\"><figcaption>Black Pantera &#8211; Foto: divulga\u00e7\u00e3o<\/figcaption><\/figure>\n<p>Diariamente, o Quebrada recebe como a primeira atra\u00e7\u00e3o a competi\u00e7\u00e3o de rimas <strong>\u201cBatalha da Aldeia \u2013 SUPERLIGA THE TOWN\u201d<\/strong>. Com 32 MCs de diversas regi\u00f5es, o torneio acontece em formato eliminat\u00f3rio nos quatro primeiros dias, com os finalistas disputando o t\u00edtulo na grande decis\u00e3o do \u00faltimo dia de festival.<\/p>\n<p>Em 6 de setembro, <strong>MC Hariel<\/strong>, paulistano da Vila Aurora e um dos maiores nomes do funk brasileiro ser\u00e1 o headliner. Antes, cantam as irm\u00e3s g\u00eameas <strong>Tasha &amp; Tracie<\/strong>.<\/p>\n<p>No dia seguinte, 7 de setembro, o <strong>Black Pantera<\/strong> \u00e9 a principal atra\u00e7\u00e3o do Quebrada. Logo antes, a banda punk <strong>Punho de Mahin<\/strong> far\u00e1 um show convidando <strong>MC Taya<\/strong>.<\/p>\n<p>Abrindo as apresenta\u00e7\u00f5es do segundo fim de semana, <strong>Kayblack<\/strong> vai encerrar os shows do Quebrada no dia 12 de setembro. Antes, <strong>Duquesa<\/strong>, cantora nascida e criada em Feira de Santana, se apresenta.<\/p>\n<p>No s\u00e1bado, dia 13, <strong>Criolo<\/strong>, embaixador do The Town desde a primeira edi\u00e7\u00e3o, ser\u00e1 o headliner do espa\u00e7o. Na segunda performance do dia, <strong>P\u00e9ricles<\/strong> convida <strong>Dexter<\/strong> para um show especial.<\/p>\n<p>J\u00e1 no dia 14, encerrando as apresenta\u00e7\u00f5es do palco na segunda edi\u00e7\u00e3o do The Town, <strong>Belo<\/strong>, embaixador do espa\u00e7o, far\u00e1 o seu show. Antes, a primeira orquestra sinf\u00f4nica surgida em uma favela no mundo, a <strong>Orquestra Sinf\u00f4nica Heli\u00f3polis<\/strong> (<strong>OSH<\/strong>) sobe ao palco. Este \u00e9 o grupo instrumental mais avan\u00e7ado do Baccarelli, e conta com reg\u00eancia titular de um dos mais importantes maestros da hist\u00f3ria do pa\u00eds, Isaac Karabtchevsky, tamb\u00e9m diretor art\u00edstico da institui\u00e7\u00e3o.<\/p>\n<p>Tamb\u00e9m em todos os dias de festival, a abertura, os intervalos dos shows e o encerramento do palco ficam por conta do <strong>Mete Dan\u00e7a Quebrada!<\/strong>, um espet\u00e1culo in\u00e9dito criado especialmente para o The Town, que leva ao palco a for\u00e7a da cultura perif\u00e9rica por meio da m\u00fasica, cultura e arte. Com coreografia de <strong>Mariana Barros<\/strong>, a performance mistura slam, passinho, voguing, grafite, acrobacias e movimentos c\u00eanicos para contar a hist\u00f3ria de Rosa \u2014 uma mulher forte que trabalha numa f\u00e1brica, mas sonha em viver da arte.<\/p>\n<h3><strong>The Town: in\u00edcio da venda de ingressos e pre\u00e7os<\/strong><\/h3>\n<p>Para aqueles que querem garantir um lugar no The Town, a organiza\u00e7\u00e3o do festival tamb\u00e9m anunciou a data da venda geral de ingressos: a partir do dia 27 de maio e, desta vez, logo no in\u00edcio da tarde, ao meio-dia, na plataforma da Ticketmaster Brasil.<\/p>\n<p>Antes disso, a pr\u00e9-venda exclusiva para clientes Ita\u00fa e membros do The Town Club come\u00e7a em 20 de maio, tamb\u00e9m ao meio-dia. J\u00e1 aqueles que adquiriram o The Town Card \u2014 ingresso sem data pr\u00e9-definida e que teve todo o montante dispon\u00edvel esgotado em apenas quatro horas \u2014 poder\u00e3o, a partir desta quarta-feira, 16, at\u00e9 26 de maio, escolher o dia que desejarem ir ao festival (ap\u00f3s o dia 26 de maio, a escolha do dia que o f\u00e3 deseja ir fica sujeita \u00e0 disponibilidade).<\/p>\n<p>Os ingressos ser\u00e3o vendidos exclusivamente online, por meio da plataforma Ticketmaster Brasil. A organiza\u00e7\u00e3o recomenda que os f\u00e3s fa\u00e7am o cadastro na plataforma com anteced\u00eancia, para facilitar o processo de compra.<\/p>\n<p>O ingresso custa <strong>R$ 975<\/strong> a inteira e <strong>R$ 487,50<\/strong> a meia-entrada e n\u00e3o h\u00e1 cobran\u00e7a de taxa de conveni\u00eancia. Na venda de ingressos do The Town para o p\u00fablico em geral, os clientes podem comprar at\u00e9 04 (quatro) ingressos de Gramado por dia de festival em seu CPF, sendo no m\u00e1ximo 1 (uma) meia-entrada para cada dia.<\/p>\n<p>Exclusivamente, Pessoas com defici\u00eancia poder\u00e3o selecionar, al\u00e9m do seu ingresso, 01 ingresso meia-entrada adicional para o seu acompanhante para cada dia comprado. Respeitando o limite de no m\u00e1ximo 04 ingressos por dia de festival em seu CPF. M\u00e1ximo de 20 (vinte) ingressos por CPF.<\/p>\n<p>O pagamento poder\u00e1 ser efetuado com PIX e cart\u00f5es de cr\u00e9dito. Clientes que efetuarem o pagamento com os cart\u00f5es de cr\u00e9dito Ita\u00fa, Itaucard, Credicard, Hipercard e Iti poder\u00e3o parcelar sua compra em at\u00e9 8x sem juros. Nos demais cart\u00f5es aceitos, o pagamento poder\u00e1 ser feito em at\u00e9 6x sem juros.<\/p>\n<p>A classifica\u00e7\u00e3o et\u00e1ria do evento \u00e9 de 16 (dezesseis) anos. A entrada de menores de 16 (dezesseis) anos ser\u00e1 permitida desde que estejam acompanhados dos pais ou representantes legais.<\/p>\n<h3>Programa\u00e7\u00e3o do The Town at\u00e9 o momento<\/h3>\n<p>Na programa\u00e7\u00e3o do primeiro fim de semana, no dia 06 de setembro, na S\u00e3o Paulo Square se apresentam Stacey Ryan, Joabe Reis e S\u00e3o Paulo Square Big Band com Tony Gordon. J\u00e1 no dia 7, \u00e9 a vez de Green Day (headliner), Sex Pistols featuring Frank Carter, Bruce Dickinson e Capital Inicial no Skyline, Iggy Pop, Pitty, CPM 22 e Supla &amp; Inocentes no The One e Kamasi Washington, Orquestra Mundana Refugi e S\u00e3o Paulo Square Big Band com Clariana na S\u00e3o Paulo Square.<\/p>\n<p>No fim de semana seguinte, no dia 12 de setembro, a S\u00e3o Paulo Square recebe Snarky Puppy, Leo Gandelman e S\u00e3o Paulo Square Big Band com Ala\u00edde Costa e Claudette Soares. J\u00e1 no dia 13, Mariah Carey (headliner), Jessie J e Ivete Sangalo estar\u00e3o no Skyline, enquanto Jacob Collier, Vanessa Moreno e S\u00e3o Paulo Square Big Band com Annalu &amp; Ricardo Arantes fazem show na S\u00e3o Paulo Square. No \u00faltimo dia de The Town, 14 de fevereiro, Katy Perry (headliner) e Camila Cabello est\u00e3o no line-up do Skyline, enquanto a S\u00e3o Paulo Square tem performances de Jacob Collier, Jo\u00e3o Bosco Quarteto e S\u00e3o Paulo Square Big Band com Amanda Maria<\/p>\n<h3>Uma nova Cidade da M\u00fasica<\/h3>\n<p>Nesta pr\u00f3xima edi\u00e7\u00e3o, a Cidade da M\u00fasica ter\u00e1 mudan\u00e7as no mapa com rela\u00e7\u00e3o a 2023. Os palcos The One, Factory e S\u00e3o Paulo Square, al\u00e9m de espa\u00e7os como a Market Square ganham novas localiza\u00e7\u00f5es. Al\u00e9m das mudan\u00e7as de espa\u00e7os j\u00e1 conhecidos pelo p\u00fablico, o The Town tamb\u00e9m ganhar\u00e1 novos palcos, experi\u00eancias e atra\u00e7\u00f5es.<\/p>\n<p>Programado para receber quatro shows por dia de grandes artistas nacionais e internacionais, o Skyline, que mant\u00e9m o mesmo lugar que ficou na \u00faltima edi\u00e7\u00e3o, ter\u00e1 300m2 de LED, o dobro da quantidade da primeira edi\u00e7\u00e3o. J\u00e1 o The One, com mais de 30 tel\u00f5es de LED e uma cenografia inspirada nos museus de arte de S\u00e3o Paulo, ganha uma nova localiza\u00e7\u00e3o. Ele estar\u00e1 no lugar em que em 2023 ficava o Megadrop, em frente onde era o The Town Club Lounge, e passa a contar com um anfiteatro natural. Tamb\u00e9m ser\u00e1 em frente ao The One que o Lounge Club, exclusivo para clientes The Town Club Rockstar, estar\u00e1 localizado.\u202f<\/p>\n<p>O retorno do S\u00e3o Paulo Square ter\u00e1 uma novidade. O palco, sucesso na primeira edi\u00e7\u00e3o, tamb\u00e9m ganhou uma nova localiza\u00e7\u00e3o e ficar\u00e1 onde estava o The One em 2023. Enquanto isso, o Factory passa a ocupar o espa\u00e7o que era da S\u00e3o Paulo Square e ganha uma \u00e1rea de anfiteatro natural mais ampla para o p\u00fablico aproveitar cada segundo dos shows.<\/p>\n<p>Em 2025, o The Town ganha um novo palco: o Quebrada, que vai celebrar a for\u00e7a das periferias com muita m\u00fasica, cultura e arte. A inspira\u00e7\u00e3o \u00e9 no Espa\u00e7o Favela no Rock in Rio.<\/p>\n<p>A primeira edi\u00e7\u00e3o do The Town teve um impacto econ\u00f4mico significativo, gerando R$ 1,9 bilh\u00e3o para a cidade e criando mais de 23,4 mil empregos. O evento teve uma comunica\u00e7\u00e3o que atingiu 145 milh\u00f5es de pessoas e provocou 2,21 milh\u00f5es de conversas nas redes sociais.<\/p>\n<p><strong>+++ LEIA MAIS: A banda brasileira de rock que ajudou estudantes a tirar notas altas no Enem<br \/>+++ LEIA MAIS: Os melhores discos de rock de 2024 segundo cr\u00edtico da Rolling Stone Brasil<br \/>+++ LEIA MAIS: T-Pain reflete sobre racismo no country e revela medida tomada com suas composi\u00e7\u00f5es<br \/>+++ Siga a Rolling Stone Brasil @rollingstonebrasil no Instagram<br \/>+++ Siga o jornalista Igor Miranda @igormirandasite no Instagram<\/strong><\/p>\n<\/div>\n<p><script async src=\"\/\/www.instagram.com\/embed.js\"><\/script><br \/>\n<br \/><br \/>\n<br \/>Fonte: <a href=\"https:\/\/rollingstone.com.br\/musica\/a-banda-de-rock-que-vai-dividir-palco-do-the-town-com-o-cantor-belo\/\">rollingstone.com.br<\/a><\/p>\n","protected":false},"excerpt":{"rendered":"<p>A organiza\u00e7\u00e3o do The Town, festival que acontece no Aut\u00f3dromo de Interlagos, em S\u00e3o Paulo, no m\u00eas de setembro, anunciou um palco in\u00e9dito: o Quebrada. O espa\u00e7o foca na exalta\u00e7\u00e3o \u00e0 autenticidade das periferias brasileiras, com talentos que v\u00eam delas, sejam eles expoentes ou j\u00e1 consagrados. A novidade foi revelada durante uma a\u00e7\u00e3o no Instituto [&hellip;]<\/p>\n","protected":false},"author":5,"featured_media":13094,"comment_status":"open","ping_status":"open","sticky":false,"template":"","format":"standard","meta":{"_seopress_robots_primary_cat":"","_seopress_titles_title":"","_seopress_titles_desc":"","_seopress_robots_index":"","footnotes":""},"categories":[51],"tags":[],"class_list":["post-13093","post","type-post","status-publish","format-standard","has-post-thumbnail","hentry","category-musica"],"_links":{"self":[{"href":"https:\/\/mussicom.com\/noticias\/wp-json\/wp\/v2\/posts\/13093","targetHints":{"allow":["GET"]}}],"collection":[{"href":"https:\/\/mussicom.com\/noticias\/wp-json\/wp\/v2\/posts"}],"about":[{"href":"https:\/\/mussicom.com\/noticias\/wp-json\/wp\/v2\/types\/post"}],"author":[{"embeddable":true,"href":"https:\/\/mussicom.com\/noticias\/wp-json\/wp\/v2\/users\/5"}],"replies":[{"embeddable":true,"href":"https:\/\/mussicom.com\/noticias\/wp-json\/wp\/v2\/comments?post=13093"}],"version-history":[{"count":0,"href":"https:\/\/mussicom.com\/noticias\/wp-json\/wp\/v2\/posts\/13093\/revisions"}],"wp:featuredmedia":[{"embeddable":true,"href":"https:\/\/mussicom.com\/noticias\/wp-json\/wp\/v2\/media\/13094"}],"wp:attachment":[{"href":"https:\/\/mussicom.com\/noticias\/wp-json\/wp\/v2\/media?parent=13093"}],"wp:term":[{"taxonomy":"category","embeddable":true,"href":"https:\/\/mussicom.com\/noticias\/wp-json\/wp\/v2\/categories?post=13093"},{"taxonomy":"post_tag","embeddable":true,"href":"https:\/\/mussicom.com\/noticias\/wp-json\/wp\/v2\/tags?post=13093"}],"curies":[{"name":"wp","href":"https:\/\/api.w.org\/{rel}","templated":true}]}}