{"id":13039,"date":"2025-04-15T21:54:04","date_gmt":"2025-04-16T00:54:04","guid":{"rendered":"https:\/\/www.mussicom.com\/em-peruibe-prefeito-felipe-bernardo-e-aprovado-por-514-moradores-eleitores\/"},"modified":"2025-04-15T21:54:04","modified_gmt":"2025-04-16T00:54:04","slug":"em-peruibe-prefeito-felipe-bernardo-e-aprovado-por-514-moradores-eleitores","status":"publish","type":"post","link":"https:\/\/mussicom.com\/noticias\/em-peruibe-prefeito-felipe-bernardo-e-aprovado-por-514-moradores-eleitores\/","title":{"rendered":"Em Peru\u00edbe, prefeito Felipe Bernardo \u00e9 aprovado por 51,4% moradores-eleitores"},"content":{"rendered":"<p> <br \/>\n<\/p>\n<div id=\"texto\">\n<p>Ele disputou, no ano passado, a elei\u00e7\u00e3o mais apertada de toda a Regi\u00e3o Metropolitana da Baixada Santista que se tem not\u00edcia. Exatos 81 votos lhe garantiram a chefia do Executivo de Peru\u00edbe para o mandato 2025-2028. Agora, passados os 100 primeiros dias de seu governo, Felipe Bernardo (PSD) v\u00ea crescer sua aceita\u00e7\u00e3o popular.<\/p>\n<p>\u00a0<\/p>\n<p>Os n\u00fameros da mais recente pesquisa Badra de opini\u00e3o, realizada no \u00faltimo s\u00e1bado, dia 12, em diversos pontos de fluxo da cidade, revelam que ele \u00e9 aprovado por 51,4% do eleitorado local, contra uma reprova\u00e7\u00e3o de 32,3%. Outros 16,3% dos entrevistados disseram n\u00e3o saber avaliar.<\/p>\n<p>\u00a0<\/p>\n<p>\u201c\u00c9 um crescimento importante se comparado com o resultado da elei\u00e7\u00e3o. A cidade saiu do pleito pra l\u00e1 de dividida e, hoje, Felipe Bernardo j\u00e1 comp\u00f4s um cen\u00e1rio de maior aceita\u00e7\u00e3o. O desafio \u00e9 manter essa tend\u00eancia de crescimento\u201d, explica Maur\u00edcio Juvenal, analista de dados da Badra Comunica\u00e7\u00e3o.<\/p>\n<p>\u00a0<\/p>\n<p>Na avalia\u00e7\u00e3o por conceito, a atual Administra\u00e7\u00e3o Municipal \u00e9 considerada \u00f3tima e boa por 35,5% dos moradores eleitores. Regular por outros 35,8% e ruim e p\u00e9ssima por 20,1%, enquanto 8,8% n\u00e3o souberam dizer. O alto \u00edndice de \u201cregular\u201d tem um vi\u00e9s, no entanto, de aprova\u00e7\u00e3o, j\u00e1 que a soma de \u00f3timo e bom \u00e9 superior \u00e0 de ruim e p\u00e9ssimo.<\/p>\n<p>\u00a0<\/p>\n<p>Sa\u00fade, seguran\u00e7a e zeladoria s\u00e3o \u00e1reas apontadas pelos entrevistados como as que devem merecer a melhor aten\u00e7\u00e3o do prefeito, sobretudo Sa\u00fade, onde quatro em cada dez moradores pedem melhorias. Em outra pergunta formulada pelo Instituto Badra vem a confirma\u00e7\u00e3o: nada menos do que 51,3% dos entrevistados entendem que a \u00e1rea \u00e9 a que requer solu\u00e7\u00e3o priorit\u00e1ria da Prefeitura.<\/p>\n<p>\u00a0<\/p>\n<p>Do total de entrevistados, 36% afirmaram lembrar que votaram em Felipe Bernardo na elei\u00e7\u00e3o do ano passado. Desses, 71,3% disseram n\u00e3o ter se arrependido do voto e outros 26% afirmaram que sim, que se arrependeram.<\/p>\n<p>\u00a0<\/p>\n<p>De acordo com o analista da Badra, com base nesses n\u00fameros, os pr\u00f3ximos seis meses s\u00e3o vitais para a gest\u00e3o consolide sua real imagem junto ao eleitorado. \u201cFica claro que ao mesmo tempo em que avan\u00e7a em aceita\u00e7\u00e3o sobre eleitores que n\u00e3o havia dado do seu voto a ele, Felipe frustra pequena parte do seu pr\u00f3prio eleitorado, muito por conta do fato de que governar \u00e9 fazer escolhas, algumas que agradam a tantos e desagradam a outros tantos\u201d, destaca Juvenal.<\/p>\n<p>\u00a0<\/p>\n<p style=\"text-align:center\"><\/p>\n<p>\u00a0<\/p>\n<p><strong>NA C\u00c2MARA DE VEREADORES<\/strong><br \/>&#13;<br \/>\nCom parte dos vereadores eleitos afastados para cargos no Executivo, o clima de renova\u00e7\u00e3o no Legislativo de Peru\u00edbe vai revelando, aos poucos, destaques da atual legislatura. Segundo melhor no pleito do ano passado, apenas 10 votos atr\u00e1s do primeiro colocado, o vereador Cristen Na Mira aparece, na pesquisa, como o mais bem avaliado pela popula\u00e7\u00e3o. Ele \u00e9 o preferido de 17,7% dos entrevistados, num desempenho pra l\u00e1 de elogi\u00e1vel, tal a grandeza do \u00edndice.<\/p>\n<p>\u00a0<\/p>\n<p><strong>A PESQUISA<\/strong><br \/>&#13;<br \/>\nO levantamento realizado pela Badra ouviu 1.060 moradores-eleitores de Peru\u00edbe no s\u00e1bado, dia 12. A margem de erro \u00e9 de tr\u00eas pontos percentuais para mais ou para menos, com intervalo de confian\u00e7a de 95%. A amostra, em termos de perfil, \u00a0segue a propor\u00e7\u00e3o de eleitores presentes no universo (total de eleitores do munic\u00edpio) para as vari\u00e1veis g\u00eanero, faixa et\u00e1ria, renda e escolaridade, com a aplica\u00e7\u00e3o de fator de pondera\u00e7\u00e3o para as duas \u00faltimas vari\u00e1veis, quando necess\u00e1rio. A t\u00e9cnica de pesquisa \u00e9 a n\u00e3o probabil\u00edstica por cotas. Em agosto, o instituto realizar\u00e1 nova rodada, assim como em dezembro. A ideia \u00e9 compor uma curva tend\u00eancia para cada um dos nove munic\u00edpios da Baixada, bem como promover a avalia\u00e7\u00e3o continuada dos servi\u00e7os p\u00fablicos.<br \/>&#13;<br \/>\n\u00a0<\/p>\n<\/p><\/div>\n<p><script async defer crossorigin=\"anonymous\" src=\"https:\/\/connect.facebook.net\/pt_BR\/sdk.js#xfbml=1&#038;version=v12.0&#038;appId=&#038;autoLogAppEvents=1\" nonce=\"ou0fI1lo\"><\/script><br \/>\n<br \/><br \/>\n<br \/>Fonte: <a href=\"https:\/\/www.bs9.com.br\/bs9-badra-comunicacao\/em-peruibe-prefeito-felipe-bernardo-e-aprovado-por-514\/31000\/\">BS9<\/a><\/p>\n","protected":false},"excerpt":{"rendered":"<p>Ele disputou, no ano passado, a elei\u00e7\u00e3o mais apertada de toda a Regi\u00e3o Metropolitana da Baixada Santista que se tem not\u00edcia. Exatos 81 votos lhe garantiram a chefia do Executivo de Peru\u00edbe para o mandato 2025-2028. Agora, passados os 100 primeiros dias de seu governo, Felipe Bernardo (PSD) v\u00ea crescer sua aceita\u00e7\u00e3o popular. \u00a0 Os [&hellip;]<\/p>\n","protected":false},"author":5,"featured_media":13040,"comment_status":"open","ping_status":"open","sticky":false,"template":"","format":"standard","meta":{"_seopress_robots_primary_cat":"","_seopress_titles_title":"","_seopress_titles_desc":"","_seopress_robots_index":"","footnotes":""},"categories":[52],"tags":[],"class_list":["post-13039","post","type-post","status-publish","format-standard","has-post-thumbnail","hentry","category-santoseregiao"],"_links":{"self":[{"href":"https:\/\/mussicom.com\/noticias\/wp-json\/wp\/v2\/posts\/13039","targetHints":{"allow":["GET"]}}],"collection":[{"href":"https:\/\/mussicom.com\/noticias\/wp-json\/wp\/v2\/posts"}],"about":[{"href":"https:\/\/mussicom.com\/noticias\/wp-json\/wp\/v2\/types\/post"}],"author":[{"embeddable":true,"href":"https:\/\/mussicom.com\/noticias\/wp-json\/wp\/v2\/users\/5"}],"replies":[{"embeddable":true,"href":"https:\/\/mussicom.com\/noticias\/wp-json\/wp\/v2\/comments?post=13039"}],"version-history":[{"count":0,"href":"https:\/\/mussicom.com\/noticias\/wp-json\/wp\/v2\/posts\/13039\/revisions"}],"wp:featuredmedia":[{"embeddable":true,"href":"https:\/\/mussicom.com\/noticias\/wp-json\/wp\/v2\/media\/13040"}],"wp:attachment":[{"href":"https:\/\/mussicom.com\/noticias\/wp-json\/wp\/v2\/media?parent=13039"}],"wp:term":[{"taxonomy":"category","embeddable":true,"href":"https:\/\/mussicom.com\/noticias\/wp-json\/wp\/v2\/categories?post=13039"},{"taxonomy":"post_tag","embeddable":true,"href":"https:\/\/mussicom.com\/noticias\/wp-json\/wp\/v2\/tags?post=13039"}],"curies":[{"name":"wp","href":"https:\/\/api.w.org\/{rel}","templated":true}]}}