{"id":13035,"date":"2025-04-15T21:22:17","date_gmt":"2025-04-16T00:22:17","guid":{"rendered":"https:\/\/mussicom.com\/procon-suspende-operacao-da-hurb-em-todo-o-brasil\/"},"modified":"2025-04-15T21:22:17","modified_gmt":"2025-04-16T00:22:17","slug":"procon-suspende-operacao-da-hurb-em-todo-o-brasil","status":"publish","type":"post","link":"https:\/\/mussicom.com\/noticias\/procon-suspende-operacao-da-hurb-em-todo-o-brasil\/","title":{"rendered":"Procon suspende opera\u00e7\u00e3o da Hurb em todo o Brasil"},"content":{"rendered":"<p> <br \/>\n<\/p>\n<div id=\"hd80s9wa1h892edh8192\">\n<p>O Procon Carioca, vinculado \u00e0 Secretaria Municipal de Prote\u00e7\u00e3o e Defesa do Consumidor do Rio de Janeiro, determinou a suspens\u00e3o das atividades de agenciamento de viagens e opera\u00e7\u00e3o de turismo da Hurb, antiga Hotel Urbano, depois de constatar sucessivas falhas no cumprimento de medidas voltadas \u00e0 prote\u00e7\u00e3o dos consumidores.<\/p>\n<p>A decis\u00e3o, publicada no \u00faltimo dia 7, foi mantida mesmo depois de recurso da empresa, negado oficialmente nesta segunda-feira, 14. Segundo o \u00f3rg\u00e3o, a Hurb tem o prazo de 24 horas para cumprir integralmente a determina\u00e7\u00e3o, sob pena de multa di\u00e1ria no valor de R$ 10 mil.<\/p>\n<p>A suspens\u00e3o se estende a todo o territ\u00f3rio nacional e inclui a obriga\u00e7\u00e3o de a empresa comunicar publicamente, por meio de seus canais oficiais, tanto a suspens\u00e3o dos servi\u00e7os quanto as a\u00e7\u00f5es que pretende adotar para regularizar a situa\u00e7\u00e3o.<\/p>\n<p>+\u00a0<strong>Leia mais not\u00edcias de\u00a0Economia\u00a0na Oeste<\/strong><\/p>\n<p>A iniciativa \u00e9 considerada um marco na atua\u00e7\u00e3o administrativa em defesa do consumidor na cidade, \u201crefor\u00e7ando o papel do Procon Carioca como fiscalizador e protetor dos direitos fundamentais nas rela\u00e7\u00f5es de consumo\u201d.<\/p>\n<p>A medida foi motivada por uma s\u00e9rie de irregularidades identificadas pela fiscaliza\u00e7\u00e3o, como a <strong>oferta de pacotes n\u00e3o cumpridos<\/strong>, a n\u00e3o presta\u00e7\u00e3o de servi\u00e7os contratados e pr\u00e1ticas de publicidade enganosa.<\/p>\n<p>De acordo com o Procon Carioca, a empresa foi previamente notificada, mas \u201cn\u00e3o tomou nenhuma provid\u00eancia de melhoria para o consumidor\u201d. Pelo contr\u00e1rio, a entidade afirma que houve \u201cuma piora consider\u00e1vel na presta\u00e7\u00e3o do servi\u00e7o\u201d, o que contrasta de forma \u201cdiscrepante\u201d com os diversos pr\u00eamios de qualidade divulgados pela pr\u00f3pria Hurb.<\/p>\n<p><related-posts class=\"border-y border-gray-300 py-5\"><\/p>\n<h2 class=\"!text-2xl text-black font-primary font-semibold leading-none mb-3\">\n    Leia mais:<br \/>\n  <\/h2>\n<p><\/related-posts><\/p>\n<h2 class=\"wp-block-heading\">Hurb foi notificada e nada fez, diz Procon<\/h2>\n<p>Al\u00e9m da suspens\u00e3o das opera\u00e7\u00f5es, a empresa foi incumbida de apresentar, no prazo de 30 dias, um plano de conting\u00eancia que comprove garantias financeiras suficientes para o cumprimento das obriga\u00e7\u00f5es assumidas perante os consumidores.<\/p>\n<p>O Procon aceitar\u00e1 formas como seguro-garantia, cau\u00e7\u00e3o banc\u00e1ria ou relat\u00f3rio id\u00f4neo que ateste capacidade operacional e financeira da Hurb. Outro ponto da decis\u00e3o exige que a empresa regularize ao menos 90% das reclama\u00e7\u00f5es registradas nas plataformas PROConsumidor e Consumidor.gov dentro do mesmo prazo.<\/p>\n<p>As estat\u00edsticas revelam a dimens\u00e3o do problema enfrentado pelos clientes da empresa. Em 2023, <strong>a Hurb recebeu 4,8 mil reclama\u00e7\u00f5es<\/strong>, um aumento de mais de 2.200% em rela\u00e7\u00e3o a 2022, quando foram contabilizadas apenas 208 queixas.<\/p>\n<figure class=\"wp-block-embed is-type-video is-provider-youtube wp-block-embed-youtube wp-embed-aspect-16-9 wp-has-aspect-ratio\">\n<div class=\"wp-block-embed__wrapper\">\n<div class=\"perfmatters-lazy-youtube\" data-src=\"https:\/\/www.youtube.com\/embed\/4OKb6YvBTjo\" data-id=\"4OKb6YvBTjo\" data-query=\"feature=oembed\" onclick=\"perfmattersLazyLoadYouTube(this);\">\n<div><img fetchpriority=\"high\" decoding=\"async\" src=\"https:\/\/i.ytimg.com\/vi\/4OKb6YvBTjo\/hqdefault.jpg\" alt=\"YouTube video\" width=\"480\" height=\"360\" data-pin-nopin=\"true\" nopin=\"nopin\"\/><\/div>\n<\/div>\n<p><noscript><iframe title=\"Patrulha do Consumidor: Wadih Damous fala sobre situa\u00e7\u00e3o de clientes lesados pela Hurb\" width=\"800\" height=\"450\" src=\"https:\/\/www.youtube.com\/embed\/4OKb6YvBTjo?feature=oembed\" frameborder=\"0\" allow=\"accelerometer; autoplay; clipboard-write; encrypted-media; gyroscope; picture-in-picture; web-share\" referrerpolicy=\"strict-origin-when-cross-origin\" allowfullscreen><\/iframe><\/noscript>\n<\/div>\n<\/figure>\n<p>A negativa ao pedido de revoga\u00e7\u00e3o da suspens\u00e3o, formalizada no dia 14, refor\u00e7ou a gravidade da situa\u00e7\u00e3o. A justificativa apresentada pelo Procon Carioca destaca que a empresa \u201cn\u00e3o apresentou nenhuma a\u00e7\u00e3o de como sanaria as irregularidades relacionadas aos pacotes que foram vendidos e n\u00e3o usufru\u00eddos pelos consumidores nos \u00faltimos anos\u201d.<\/p>\n<p>Como desdobramento da medida administrativa, a Secretaria Nacional de Pol\u00edticas de Turismo tamb\u00e9m tomou provid\u00eancias contra a empresa. Ainda no dia 14, foi anunciado o cancelamento do cadastro da Hurb. As infra\u00e7\u00f5es incluem a quebra de contratos e acordos de presta\u00e7\u00e3o de servi\u00e7os tur\u00edsticos, o que agrava ainda mais a situa\u00e7\u00e3o jur\u00eddica e comercial da empresa.<\/p>\n<p>Caso n\u00e3o apresente defesa no prazo de 10 dias, a Hurb poder\u00e1 sofrer novas san\u00e7\u00f5es administrativas, al\u00e9m das j\u00e1 aplicadas. At\u00e9 o momento, a empresa n\u00e3o comentou publicamente a decis\u00e3o nem apresentou os documentos exigidos pelas autoridades de defesa do consumidor.<\/p>\n<p><strong>Leia tamb\u00e9m:\u00a0\u201cO empresariado desembarca do governo Lula\u201d, reportagem de Carlo Cauti publicada na Edi\u00e7\u00e3o 221 da Revista Oeste<\/strong><\/p>\n<\/p><\/div>\n<p><br \/>\n<br \/>Fonte: <a href=\"https:\/\/revistaoeste.com\/economia\/procon-suspende-operacao-da-hurb-em-todo-o-brasil\/\">Revista oeste<\/a><\/p>\n","protected":false},"excerpt":{"rendered":"<p>O Procon Carioca, vinculado \u00e0 Secretaria Municipal de Prote\u00e7\u00e3o e Defesa do Consumidor do Rio de Janeiro, determinou a suspens\u00e3o das atividades de agenciamento de viagens e opera\u00e7\u00e3o de turismo da Hurb, antiga Hotel Urbano, depois de constatar sucessivas falhas no cumprimento de medidas voltadas \u00e0 prote\u00e7\u00e3o dos consumidores. A decis\u00e3o, publicada no \u00faltimo dia [&hellip;]<\/p>\n","protected":false},"author":5,"featured_media":13036,"comment_status":"open","ping_status":"open","sticky":false,"template":"","format":"standard","meta":{"_seopress_robots_primary_cat":"","_seopress_titles_title":"","_seopress_titles_desc":"","_seopress_robots_index":"","footnotes":""},"categories":[45],"tags":[],"class_list":["post-13035","post","type-post","status-publish","format-standard","has-post-thumbnail","hentry","category-economia"],"_links":{"self":[{"href":"https:\/\/mussicom.com\/noticias\/wp-json\/wp\/v2\/posts\/13035","targetHints":{"allow":["GET"]}}],"collection":[{"href":"https:\/\/mussicom.com\/noticias\/wp-json\/wp\/v2\/posts"}],"about":[{"href":"https:\/\/mussicom.com\/noticias\/wp-json\/wp\/v2\/types\/post"}],"author":[{"embeddable":true,"href":"https:\/\/mussicom.com\/noticias\/wp-json\/wp\/v2\/users\/5"}],"replies":[{"embeddable":true,"href":"https:\/\/mussicom.com\/noticias\/wp-json\/wp\/v2\/comments?post=13035"}],"version-history":[{"count":0,"href":"https:\/\/mussicom.com\/noticias\/wp-json\/wp\/v2\/posts\/13035\/revisions"}],"wp:featuredmedia":[{"embeddable":true,"href":"https:\/\/mussicom.com\/noticias\/wp-json\/wp\/v2\/media\/13036"}],"wp:attachment":[{"href":"https:\/\/mussicom.com\/noticias\/wp-json\/wp\/v2\/media?parent=13035"}],"wp:term":[{"taxonomy":"category","embeddable":true,"href":"https:\/\/mussicom.com\/noticias\/wp-json\/wp\/v2\/categories?post=13035"},{"taxonomy":"post_tag","embeddable":true,"href":"https:\/\/mussicom.com\/noticias\/wp-json\/wp\/v2\/tags?post=13035"}],"curies":[{"name":"wp","href":"https:\/\/api.w.org\/{rel}","templated":true}]}}